{"id":228,"date":"2017-11-28T20:00:00","date_gmt":"2017-11-28T20:00:00","guid":{"rendered":"http:\/\/www.projektwrzesnia.pl\/wordpress\/228\/"},"modified":"2023-03-10T13:02:47","modified_gmt":"2023-03-10T13:02:47","slug":"ratujmy-ogrod-bractwa-kurkowego","status":"publish","type":"post","link":"https:\/\/www.projektwrzesnia.pl\/wordpress\/228\/","title":{"rendered":"Ratujmy Ogr\u00f3d Bractwa Kurkowego!"},"content":{"rendered":"<p>W 2015 roku rozpocz\u0119\u0142a si\u0119 walka o&nbsp;zabytkowy Ogr\u00f3d Bractwa Kurkowego, a&nbsp;w\u0142a\u015bciwie o&nbsp;to, \u017ceby nie zosta\u0142 wyci\u0119ty w&nbsp;celu budowy w&nbsp;jego miejscu\u2026 supermarketu. Od tego czasu uda\u0142o si\u0119 nam zablokowa\u0107 kontrowersyjn\u0105 inwestycj\u0119, wpisa\u0107 ogr\u00f3d do rejestru zabytk\u00f3w oraz doprowadzi\u0107 do tego, \u017ce w\u0142a\u015bcicielem obiektu zosta\u0142a Gmina Wrze\u015bnia. Przez ten czas jako stowarzyszenie wielokrotnie wnosili\u015bmy i&nbsp;apelowali\u015bmy o&nbsp;rewaloryzacj\u0119 parku.<br \/>\nW&nbsp;odpowiedziach burmistrz Wrze\u015bni wskazywa\u0142, \u017ce rewaloryzacja b\u0119dzie mo\u017cliwa dopiero po dokonaniu podzia\u0142u geodezyjnego dzia\u0142ki i&nbsp;zako\u0144czeniu wymaganych prawem procedur administracyjnych. W&nbsp;po\u0142owie 2017 roku zako\u0144czy\u0142y si\u0119 wszystkie procedury oraz&nbsp;powsta\u0142 projekt rewaloryzacji terenu [ <a href=\"https:\/\/www.projektwrzesnia.pl\/wordpress\/wp-content\/uploads\/2023\/03\/20171128_lok_budzet_koncepcja_nr_2.pdf\" target=\"_blank\" rel=\"noopener\">projekt tutaj<\/a> ]. W&nbsp;zwi\u0105zku z&nbsp;tym Gmina Wrze\u015bnia mog\u0142aby przyst\u0105pi\u0107 do wykonania niezb\u0119dnych inwestycji.<\/p>\n<p><a href=\"http:\/\/www.projektwrzesnia.pl\/asp\/pliki\/aktualnosci2017\/20171128_lok_budzet_koncepcja_nr_2.jpg\" target=\"_blank\" rel=\"noopener\"><img loading=\"lazy\" decoding=\"async\" style=\"margin-right: 0px; margin-left: 20px; float: right;\" title=\"- 20171128_lok_budzet_koncepcja_nr_2.jpg\" src=\"http:\/\/www.projektwrzesnia.pl\/asp\/pliki\/aktualnosci2017\/20171128_lok_budzet_koncepcja_nr_2.jpg\" alt=\"- 20171128_lok_budzet_koncepcja_nr_2.jpg\" width=\"589\" height=\"350\"><\/a><\/p>\n<p>Niestety zgodnie z&nbsp;zarz\u0105dzeniem nr 302 Burmistrza Miasta i&nbsp;Gminy Wrze\u015bnia z&nbsp;dnia 15 listopada 2017 roku [ <a href=\"http:\/\/bip.wrzesnia.pl\/strona-20706-title2_Rocznik_2017_ZARZADZENIE_NR_3022017.html\" target=\"_blank\" rel=\"noopener\">tutaj<\/a> ],rewaloryzacja terenu Ogrodu Bractwa Kurkowego nie znalaz\u0142a si\u0119 w&nbsp;projekcie bud\u017cetu na 2018 rok. Jest to tym bardziej zaskakuj\u0105ce, \u017ce w&nbsp;bud\u017cecie znalaz\u0142y si\u0119&nbsp;pieni\u0105dze na inwestycje, kt\u00f3re nie s\u0105 niezb\u0119dne dla utrzymania maj\u0105tku Gminy Wrze\u015bnia w&nbsp;niepogorszonym stanie &#8211; jak na przyk\u0142ad na&nbsp;makiet\u0119 kolejki w\u0105skotorowej za 300 tysi\u0119cy z\u0142otych (sic!).<\/p>\n<p>W czasie posiedze\u0144 Komisji Rady Miejskiej, kt\u00f3re odby\u0142y si\u0119 24 i&nbsp;28 listopada burmistrz wskaza\u0142 mi\u0119dzy innymi, \u017ce rewaloryzacja terenu Ogrodu Bractwa Kurkowego nie znalaz\u0142a si\u0119 w&nbsp;bud\u017cecie, poniewa\u017c ca\u0142y teren nie nale\u017cy do Gminy Wrze\u015bnia. Rzeczywi\u015bcie jest tak, \u017ce obrze\u017ca ogrodu nie s\u0105 w\u0142asno\u015bci\u0105 Gminy Wrze\u015bnia, ale przewa\u017caj\u0105ca cz\u0119\u015b\u0107 jest&nbsp;w\u0142asno\u015bci\u0105 Gminy Wrze\u015bnia. W&nbsp;zwi\u0105zku z&nbsp;powy\u017cszym, je\u015bli burmistrz nie&nbsp;jest w&nbsp;stanie doj\u015b\u0107 do porozumienia z&nbsp;w\u0142a\u015bcicielem obrze\u017cy ogrodu co do remontu, zasadne jest wykonanie rewaloryzacji cz\u0119\u015bci znajduj\u0105cej si\u0119&nbsp;w&nbsp;posiadaniu Gminy Wrze\u015bnia. Co wi\u0119cej takie t\u0142umaczenie stoi w&nbsp;sprzeczno\u015bci z&nbsp;dotychczasowymi deklaracjami burmistrza, kt\u00f3ry wskazywa\u0142, \u017ce&nbsp;rewaloryzacja nie jest mo\u017cliwa, poniewa\u017c nie ma podzia\u0142u geodezyjnego dzia\u0142ki. Gdy takowy ju\u017c jest, burmistrz wytworzy\u0142 kolejny sztuczny problem, byle nie przyst\u0105pi\u0107 do rewaloryzacji.<\/p>\n<p>Nie zgadzamy si\u0119 na taki obr\u00f3t sprawy. Apelujemy do radnych gminnych o&nbsp;wprowadzenie zmian w&nbsp;bud\u017cecie. Przygotowali\u015bmy r\u00f3wnie\u017c petycj\u0119 do&nbsp;burmistrza i&nbsp;radnych z&nbsp;pro\u015bb\u0105 o&nbsp;rewitalizacj\u0119 Ogrodu Bractwa Kurkowego. Zach\u0119camy wszystkich do podpisania petycji [<a href=\"https:\/\/www.petycjeonline.com\/petycja_za_remontem_ogrodu_bractwa_kurkowego_lok-u_we_wrzeni\" target=\"_blank\" rel=\"noopener\"> tutaj <\/a>].<\/p>\n<p>Warto jeszcze wspomnie\u0107, \u017ce w&nbsp;przysz\u0142ym roku przypada 100. rocznica odzyskania przez Polsk\u0119 niepodleg\u0142o\u015bci oraz 100. rocznica powstania wielkopolskiego, w&nbsp;zwi\u0105zku z&nbsp;tym wskazane by\u0142oby, aby wyremontowa\u0107 Ogr\u00f3d Bractwa Kurkowego, kt\u00f3rego za\u0142o\u017cyciele brali czynny udzia\u0142 w&nbsp;powstaniu wielkopolskim w&nbsp;1918 roku, a&nbsp;kt\u00f3re doprowadzi\u0142o do przywr\u00f3cenia Polsko\u015bci na naszym terenie. B\u0119dzie to zarazem oznaka naszego szacunku wzgl\u0119dem os\u00f3b, kt\u00f3re swoimi dzia\u0142aniami przyczynia\u0142y si\u0119 do rozwoju naszego miasta i&nbsp;naszej spo\u0142eczno\u015bci. Nie mo\u017cna bezczynnie zgadza\u0107 si\u0119 na dalsze niszczenie zabytku. Je\u015bli nie dojdzie do szybkiej renowacji altany i&nbsp;terenu to zabytek ten mo\u017ce znikn\u0105\u0107 z&nbsp;mapy naszego miasta. Takie dzia\u0142anie, a&nbsp;w\u0142a\u015bciwie brak dzia\u0142a\u0144 burmistrza, nale\u017cy oceni\u0107 negatywnie i&nbsp;zakwalifikowa\u0107 je jako dzia\u0142anie przeciwko dziedzictwu i&nbsp;pami\u0119ci naszego miasta. Taka postawa nie ma nic wsp\u00f3lnego z&nbsp;patriotyzmem.&nbsp;<\/p>\n<p>Z<span data-mce-mark=\"1\">ach\u0119camy wszystkich do podpisania petycji.<\/span><\/p>\n<figure class=\"is-layout-flex wp-block-gallery-1 wp-block-gallery has-nested-images columns-default is-cropped\">\n<figure class=\"wp-block-image\"><img loading=\"lazy\" decoding=\"async\" width=\"1024\" height=\"577\" src=\"https:\/\/www.projektwrzesnia.pl\/wordpress\/wp-content\/uploads\/2023\/03\/20171128_lok_galeria__11_.jpg\" alt=\"\" class=\"wp-image-102280\" srcset=\"https:\/\/www.projektwrzesnia.pl\/wordpress\/wp-content\/uploads\/2023\/03\/20171128_lok_galeria__11_.jpg 1024w, https:\/\/www.projektwrzesnia.pl\/wordpress\/wp-content\/uploads\/2023\/03\/20171128_lok_galeria__11_-300x169.jpg 300w, https:\/\/www.projektwrzesnia.pl\/wordpress\/wp-content\/uploads\/2023\/03\/20171128_lok_galeria__11_-768x433.jpg 768w\" sizes=\"auto, (max-width: 1024px) 100vw, 1024px\" \/><\/figure>\n<figure class=\"wp-block-image\"><img loading=\"lazy\" decoding=\"async\" width=\"1024\" height=\"577\" src=\"https:\/\/www.projektwrzesnia.pl\/wordpress\/wp-content\/uploads\/2023\/03\/20171128_lok_galeria__12_.jpg\" alt=\"\" class=\"wp-image-102281\" srcset=\"https:\/\/www.projektwrzesnia.pl\/wordpress\/wp-content\/uploads\/2023\/03\/20171128_lok_galeria__12_.jpg 1024w, https:\/\/www.projektwrzesnia.pl\/wordpress\/wp-content\/uploads\/2023\/03\/20171128_lok_galeria__12_-300x169.jpg 300w, https:\/\/www.projektwrzesnia.pl\/wordpress\/wp-content\/uploads\/2023\/03\/20171128_lok_galeria__12_-768x433.jpg 768w\" sizes=\"auto, (max-width: 1024px) 100vw, 1024px\" \/><\/figure>\n<figure class=\"wp-block-image\"><img loading=\"lazy\" decoding=\"async\" width=\"1024\" height=\"577\" src=\"https:\/\/www.projektwrzesnia.pl\/wordpress\/wp-content\/uploads\/2023\/03\/20171128_lok_galeria__13_.jpg\" alt=\"\" class=\"wp-image-102282\" srcset=\"https:\/\/www.projektwrzesnia.pl\/wordpress\/wp-content\/uploads\/2023\/03\/20171128_lok_galeria__13_.jpg 1024w, https:\/\/www.projektwrzesnia.pl\/wordpress\/wp-content\/uploads\/2023\/03\/20171128_lok_galeria__13_-300x169.jpg 300w, https:\/\/www.projektwrzesnia.pl\/wordpress\/wp-content\/uploads\/2023\/03\/20171128_lok_galeria__13_-768x433.jpg 768w\" sizes=\"auto, (max-width: 1024px) 100vw, 1024px\" \/><\/figure>\n<figure class=\"wp-block-image\"><img loading=\"lazy\" decoding=\"async\" width=\"1024\" height=\"577\" src=\"https:\/\/www.projektwrzesnia.pl\/wordpress\/wp-content\/uploads\/2023\/03\/20171128_lok_galeria__14_.jpg\" alt=\"\" class=\"wp-image-102283\" srcset=\"https:\/\/www.projektwrzesnia.pl\/wordpress\/wp-content\/uploads\/2023\/03\/20171128_lok_galeria__14_.jpg 1024w, https:\/\/www.projektwrzesnia.pl\/wordpress\/wp-content\/uploads\/2023\/03\/20171128_lok_galeria__14_-300x169.jpg 300w, https:\/\/www.projektwrzesnia.pl\/wordpress\/wp-content\/uploads\/2023\/03\/20171128_lok_galeria__14_-768x433.jpg 768w\" sizes=\"auto, (max-width: 1024px) 100vw, 1024px\" \/><\/figure>\n<figure class=\"wp-block-image\"><img loading=\"lazy\" decoding=\"async\" width=\"1024\" height=\"577\" src=\"https:\/\/www.projektwrzesnia.pl\/wordpress\/wp-content\/uploads\/2023\/03\/20171128_lok_galeria__15_.jpg\" alt=\"\" class=\"wp-image-102284\" srcset=\"https:\/\/www.projektwrzesnia.pl\/wordpress\/wp-content\/uploads\/2023\/03\/20171128_lok_galeria__15_.jpg 1024w, https:\/\/www.projektwrzesnia.pl\/wordpress\/wp-content\/uploads\/2023\/03\/20171128_lok_galeria__15_-300x169.jpg 300w, https:\/\/www.projektwrzesnia.pl\/wordpress\/wp-content\/uploads\/2023\/03\/20171128_lok_galeria__15_-768x433.jpg 768w\" sizes=\"auto, (max-width: 1024px) 100vw, 1024px\" \/><\/figure>\n<figure class=\"wp-block-image\"><img loading=\"lazy\" decoding=\"async\" width=\"1024\" height=\"577\" src=\"https:\/\/www.projektwrzesnia.pl\/wordpress\/wp-content\/uploads\/2023\/03\/20171128_lok_galeria__16_.jpg\" alt=\"\" class=\"wp-image-102285\" srcset=\"https:\/\/www.projektwrzesnia.pl\/wordpress\/wp-content\/uploads\/2023\/03\/20171128_lok_galeria__16_.jpg 1024w, https:\/\/www.projektwrzesnia.pl\/wordpress\/wp-content\/uploads\/2023\/03\/20171128_lok_galeria__16_-300x169.jpg 300w, https:\/\/www.projektwrzesnia.pl\/wordpress\/wp-content\/uploads\/2023\/03\/20171128_lok_galeria__16_-768x433.jpg 768w\" sizes=\"auto, (max-width: 1024px) 100vw, 1024px\" \/><\/figure>\n<figure class=\"wp-block-image\"><img loading=\"lazy\" decoding=\"async\" width=\"1024\" height=\"577\" src=\"https:\/\/www.projektwrzesnia.pl\/wordpress\/wp-content\/uploads\/2023\/03\/20171128_lok_galeria__17_.jpg\" alt=\"\" class=\"wp-image-102286\" srcset=\"https:\/\/www.projektwrzesnia.pl\/wordpress\/wp-content\/uploads\/2023\/03\/20171128_lok_galeria__17_.jpg 1024w, https:\/\/www.projektwrzesnia.pl\/wordpress\/wp-content\/uploads\/2023\/03\/20171128_lok_galeria__17_-300x169.jpg 300w, https:\/\/www.projektwrzesnia.pl\/wordpress\/wp-content\/uploads\/2023\/03\/20171128_lok_galeria__17_-768x433.jpg 768w\" sizes=\"auto, (max-width: 1024px) 100vw, 1024px\" \/><\/figure>\n<\/figure>\n","protected":false},"excerpt":{"rendered":"<p>W 2015 roku rozpocz\u0119\u0142a si\u0119 walka o&nbsp;zabytkowy Ogr\u00f3d Bractwa Kurkowego, a&nbsp;w\u0142a\u015bciwie o&nbsp;to, \u017ceby nie zosta\u0142 wyci\u0119ty w&nbsp;celu budowy w&nbsp;jego miejscu\u2026 supermarketu. Od tego czasu uda\u0142o si\u0119 nam zablokowa\u0107 kontrowersyjn\u0105 inwestycj\u0119, wpisa\u0107 ogr\u00f3d do rejestru zabytk\u00f3w oraz doprowadzi\u0107 do tego, \u017ce w\u0142a\u015bcicielem obiektu zosta\u0142a Gmina Wrze\u015bnia. Przez ten czas jako stowarzyszenie wielokrotnie wnosili\u015bmy i&nbsp;apelowali\u015bmy o&nbsp;rewaloryzacj\u0119 parku. [&hellip;]<\/p>\n","protected":false},"author":1,"featured_media":10100624,"comment_status":"open","ping_status":"open","sticky":false,"template":"","format":"standard","meta":{"_acf_changed":false,"footnotes":""},"categories":[21],"tags":[],"class_list":["post-228","post","type-post","status-publish","format-standard","has-post-thumbnail","hentry","category-21"],"acf":[],"_links":{"self":[{"href":"https:\/\/www.projektwrzesnia.pl\/wordpress\/wp-json\/wp\/v2\/posts\/228","targetHints":{"allow":["GET"]}}],"collection":[{"href":"https:\/\/www.projektwrzesnia.pl\/wordpress\/wp-json\/wp\/v2\/posts"}],"about":[{"href":"https:\/\/www.projektwrzesnia.pl\/wordpress\/wp-json\/wp\/v2\/types\/post"}],"author":[{"embeddable":true,"href":"https:\/\/www.projektwrzesnia.pl\/wordpress\/wp-json\/wp\/v2\/users\/1"}],"replies":[{"embeddable":true,"href":"https:\/\/www.projektwrzesnia.pl\/wordpress\/wp-json\/wp\/v2\/comments?post=228"}],"version-history":[{"count":1,"href":"https:\/\/www.projektwrzesnia.pl\/wordpress\/wp-json\/wp\/v2\/posts\/228\/revisions"}],"predecessor-version":[{"id":10100625,"href":"https:\/\/www.projektwrzesnia.pl\/wordpress\/wp-json\/wp\/v2\/posts\/228\/revisions\/10100625"}],"wp:featuredmedia":[{"embeddable":true,"href":"https:\/\/www.projektwrzesnia.pl\/wordpress\/wp-json\/wp\/v2\/media\/10100624"}],"wp:attachment":[{"href":"https:\/\/www.projektwrzesnia.pl\/wordpress\/wp-json\/wp\/v2\/media?parent=228"}],"wp:term":[{"taxonomy":"category","embeddable":true,"href":"https:\/\/www.projektwrzesnia.pl\/wordpress\/wp-json\/wp\/v2\/categories?post=228"},{"taxonomy":"post_tag","embeddable":true,"href":"https:\/\/www.projektwrzesnia.pl\/wordpress\/wp-json\/wp\/v2\/tags?post=228"}],"curies":[{"name":"wp","href":"https:\/\/api.w.org\/{rel}","templated":true}]}}