{"id":230,"date":"2017-12-02T20:00:00","date_gmt":"2017-12-02T20:00:00","guid":{"rendered":"http:\/\/www.projektwrzesnia.pl\/wordpress\/230\/"},"modified":"2017-12-02T20:00:00","modified_gmt":"2017-12-02T20:00:00","slug":"wyrok-wsa-w-sprawie-fermy-co-oznacza","status":"publish","type":"post","link":"https:\/\/www.projektwrzesnia.pl\/wordpress\/230\/","title":{"rendered":"Wyrok WSA w\u00a0sprawie fermy, co oznacza?"},"content":{"rendered":"<p>&nbsp;<em>Maciej<\/em><em> <span class=\"aktualnosci_tresc\">S\u0142owi\u0144ski<\/span> &#8211; cz\u0142onek Stowarzyszenia Projekt Wrze\u015bnia<\/em><\/p>\n<p>Wydawa\u0142oby si\u0119, \u017ce wyrok Wojew\u00f3dzkiego S\u0105du Administracyjnego w&nbsp;sprawie miejscowego planu zagospodarowania przestrzennego dla Marzenina, Kaw\u0119czyna i&nbsp;Gulczewa daje nadziej\u0119 mieszka\u0144com, \u017ce ferma o&nbsp;rocznej obsadzie 7 mln kur nie powstanie. Czy te nadziej\u0119 oka\u017c\u0105 si\u0119 p\u0142onne zale\u017cy znowu od zarz\u0105du powiatu ze&nbsp;starost\u0105 Dionizym Ja\u015bniewiczem na czele, kt\u00f3ry b\u0119dzie podejmowa\u0142 decyzj\u0119, czy plan uzgodni czy nie. W&nbsp;ci\u0105gu kilku tygodni oka\u017ce si\u0119 czyje interesy b\u0119d\u0105 broni\u0107 w\u0142odarze powiatu &ndash; jednego inwestora czy setek mieszka\u0144c\u00f3w? Przypominam, \u017ce nie wszystkim radnym podoba\u0142a si\u0119 ostatnia decyzja zarz\u0105du pomy\u015blna dla inwestora. Co mo\u017cemy zrobi\u0107 jako mieszka\u0144cy? Mo\u017cemy jeszcze pisa\u0107 listy do instytucji pa\u0144stwowych. Mo\u017cemy tak\u017ce strajkowa\u0107, blokowa\u0107 ulice, pikietowa\u0107 &ndash; wzorem innych miejscowo\u015bci, gdzie uda\u0142o si\u0119 zatrzyma\u0107 inwestora. Ju\u017c&nbsp;nied\u0142ugo w&nbsp;Marzeninie organizowane b\u0119dzie kolejne spotkanie z&nbsp;mieszka\u0144cami Kaw\u0119czyna, Marzenina, Gulczewa i&nbsp;okolicznych miejscowo\u015bci. <strong>Czy&nbsp;starosta Dionizy Ja\u015bniewicz i&nbsp;zarz\u0105d powiatu przyjmie tym razem zaproszenie od mieszka\u0144c\u00f3w?<\/strong> Je\u015bli nie to &bdquo;<em>b\u0119dzie to bardzo \u017ale \u015bwiadczy\u0107<\/em>&rdquo;.<\/p>\n<p><em>Pierwotnie felieton zosta\u0142 opublikowany w&nbsp;tygodniku &#8222;Wiadomo\u015bci Wrzesi\u0144skie&#8221; oraz na portalu <a href=\"http:\/\/www.wrzesnia.info.pl\" target=\"_blank\" rel=\"noopener\">www.wrzesnia.info.pl<\/a><\/em><\/p>\n","protected":false},"excerpt":{"rendered":"<p>&nbsp;Maciej S\u0142owi\u0144ski &#8211; cz\u0142onek Stowarzyszenia Projekt Wrze\u015bnia Wydawa\u0142oby si\u0119, \u017ce wyrok Wojew\u00f3dzkiego S\u0105du Administracyjnego w&nbsp;sprawie miejscowego planu zagospodarowania przestrzennego dla Marzenina, Kaw\u0119czyna i&nbsp;Gulczewa daje nadziej\u0119 mieszka\u0144com, \u017ce ferma o&nbsp;rocznej obsadzie 7 mln kur nie powstanie. Czy te nadziej\u0119 oka\u017c\u0105 si\u0119 p\u0142onne zale\u017cy znowu od zarz\u0105du powiatu ze&nbsp;starost\u0105 Dionizym Ja\u015bniewiczem na czele, kt\u00f3ry b\u0119dzie podejmowa\u0142 decyzj\u0119, [&hellip;]<\/p>\n","protected":false},"author":1,"featured_media":10652,"comment_status":"open","ping_status":"open","sticky":false,"template":"","format":"standard","meta":{"_acf_changed":false,"footnotes":""},"categories":[41],"tags":[],"class_list":["post-230","post","type-post","status-publish","format-standard","has-post-thumbnail","hentry","category-41"],"acf":[],"_links":{"self":[{"href":"https:\/\/www.projektwrzesnia.pl\/wordpress\/wp-json\/wp\/v2\/posts\/230","targetHints":{"allow":["GET"]}}],"collection":[{"href":"https:\/\/www.projektwrzesnia.pl\/wordpress\/wp-json\/wp\/v2\/posts"}],"about":[{"href":"https:\/\/www.projektwrzesnia.pl\/wordpress\/wp-json\/wp\/v2\/types\/post"}],"author":[{"embeddable":true,"href":"https:\/\/www.projektwrzesnia.pl\/wordpress\/wp-json\/wp\/v2\/users\/1"}],"replies":[{"embeddable":true,"href":"https:\/\/www.projektwrzesnia.pl\/wordpress\/wp-json\/wp\/v2\/comments?post=230"}],"version-history":[{"count":0,"href":"https:\/\/www.projektwrzesnia.pl\/wordpress\/wp-json\/wp\/v2\/posts\/230\/revisions"}],"wp:featuredmedia":[{"embeddable":true,"href":"https:\/\/www.projektwrzesnia.pl\/wordpress\/wp-json\/wp\/v2\/media\/10652"}],"wp:attachment":[{"href":"https:\/\/www.projektwrzesnia.pl\/wordpress\/wp-json\/wp\/v2\/media?parent=230"}],"wp:term":[{"taxonomy":"category","embeddable":true,"href":"https:\/\/www.projektwrzesnia.pl\/wordpress\/wp-json\/wp\/v2\/categories?post=230"},{"taxonomy":"post_tag","embeddable":true,"href":"https:\/\/www.projektwrzesnia.pl\/wordpress\/wp-json\/wp\/v2\/tags?post=230"}],"curies":[{"name":"wp","href":"https:\/\/api.w.org\/{rel}","templated":true}]}}