{"id":231,"date":"2017-11-23T20:00:00","date_gmt":"2017-11-23T20:00:00","guid":{"rendered":"http:\/\/www.projektwrzesnia.pl\/wordpress\/231\/"},"modified":"2017-11-23T20:00:00","modified_gmt":"2017-11-23T20:00:00","slug":"rozszerzenie-granic-miasta","status":"publish","type":"post","link":"https:\/\/www.projektwrzesnia.pl\/wordpress\/231\/","title":{"rendered":"Rozszerzenie granic miasta"},"content":{"rendered":"<p>&nbsp;<em>Kornel Tomczak<\/em><em>&#8211; skarbnik Stowarzyszenia Projekt Wrze\u015bnia<\/em><\/p>\n<p style=\"text-align: justify;\">Kilkana\u015bcie dni temu pojawi\u0142a si\u0119 informacja, \u017ce starosta Dionizy Ja\u015bniewicz zaproponowa\u0142 rozszerzenie granic Wrze\u015bni o&nbsp;Bierzglinek. <br \/>Zaskakuj\u0105ce jest to, \u017ce do miasta maj\u0105 by\u0107 w\u0142\u0105czone tereny &bdquo;powiatowego osiedla&rdquo; oraz dzia\u0142ki w&nbsp;kierunku Gozdowa. Dlaczego wybrano akurat taki kierunek? Dlaczego nie wybrano miejscowo\u015bci, kt\u00f3re tworz\u0105 sp\u00f3jny obszar funkcjonalny z&nbsp;miastem? W\u0142adze gminy i&nbsp;powiatu chcia\u0142y swego czasu uchwali\u0107 miejscowy plan zagospodarowania przestrzennego dla dzia\u0142ek rolnych znajduj\u0105cych si\u0119 za &bdquo;osiedlem powiatowym&rdquo; &ndash; mia\u0142yby w&nbsp;tym miejscu powsta\u0107 kolejne bloki. Plany te pokrzy\u017cowa\u0142 minister rolnictwa, kt\u00f3ry nie wyrazi\u0142 zgody na odrolnienie dzia\u0142ek i&nbsp;budowanie blok\u00f3w w&nbsp;szczerym polu daleko za&nbsp;miastem. Gdyby te dzia\u0142ki le\u017ca\u0142y w&nbsp;granicach administracyjnych miasta w\u00f3wczas burmistrz i&nbsp;starosta nie byliby zale\u017cni od decyzji ministerstwa. Zaskakuj\u0105ce s\u0105 zamiary przygotowania planu pod bloki w&nbsp;szczerym polu w&nbsp;Bierzglinku. Minister wskaza\u0142 burmistrzowi, \u017ce takie dzia\u0142ania to&nbsp;wkroczenie z&nbsp;zabudow\u0105 w&nbsp;otwarte tereny rolne, a&nbsp;tym samym naruszenie zwarto\u015bci rolniczej przestrzeni produkcyjnej. Mia\u0142 racje &ndash; miejsce na bloki jest w&nbsp;mie\u015bcie, a&nbsp;nie w&nbsp;polu na wsi.<\/p>\n<p><em>Pierwotnie felieton zosta\u0142 opublikowany w&nbsp;tygodniku &#8222;Wiadomo\u015bci Wrzesi\u0144skie&#8221; oraz na portalu <a href=\"http:\/\/www.wrzesnia.info.pl\" target=\"_blank\" rel=\"noopener\">www.wrzesnia.info.pl<\/a>&nbsp;<\/em><\/p>\n<p>&nbsp;<\/p>\n","protected":false},"excerpt":{"rendered":"<p>&nbsp;Kornel Tomczak&#8211; skarbnik Stowarzyszenia Projekt Wrze\u015bnia Kilkana\u015bcie dni temu pojawi\u0142a si\u0119 informacja, \u017ce starosta Dionizy Ja\u015bniewicz zaproponowa\u0142 rozszerzenie granic Wrze\u015bni o&nbsp;Bierzglinek. Zaskakuj\u0105ce jest to, \u017ce do miasta maj\u0105 by\u0107 w\u0142\u0105czone tereny &bdquo;powiatowego osiedla&rdquo; oraz dzia\u0142ki w&nbsp;kierunku Gozdowa. Dlaczego wybrano akurat taki kierunek? Dlaczego nie wybrano miejscowo\u015bci, kt\u00f3re tworz\u0105 sp\u00f3jny obszar funkcjonalny z&nbsp;miastem? W\u0142adze gminy i&nbsp;powiatu [&hellip;]<\/p>\n","protected":false},"author":1,"featured_media":10853,"comment_status":"open","ping_status":"open","sticky":false,"template":"","format":"standard","meta":{"_acf_changed":false,"footnotes":""},"categories":[41],"tags":[],"class_list":["post-231","post","type-post","status-publish","format-standard","has-post-thumbnail","hentry","category-41"],"acf":[],"_links":{"self":[{"href":"https:\/\/www.projektwrzesnia.pl\/wordpress\/wp-json\/wp\/v2\/posts\/231","targetHints":{"allow":["GET"]}}],"collection":[{"href":"https:\/\/www.projektwrzesnia.pl\/wordpress\/wp-json\/wp\/v2\/posts"}],"about":[{"href":"https:\/\/www.projektwrzesnia.pl\/wordpress\/wp-json\/wp\/v2\/types\/post"}],"author":[{"embeddable":true,"href":"https:\/\/www.projektwrzesnia.pl\/wordpress\/wp-json\/wp\/v2\/users\/1"}],"replies":[{"embeddable":true,"href":"https:\/\/www.projektwrzesnia.pl\/wordpress\/wp-json\/wp\/v2\/comments?post=231"}],"version-history":[{"count":0,"href":"https:\/\/www.projektwrzesnia.pl\/wordpress\/wp-json\/wp\/v2\/posts\/231\/revisions"}],"wp:featuredmedia":[{"embeddable":true,"href":"https:\/\/www.projektwrzesnia.pl\/wordpress\/wp-json\/wp\/v2\/media\/10853"}],"wp:attachment":[{"href":"https:\/\/www.projektwrzesnia.pl\/wordpress\/wp-json\/wp\/v2\/media?parent=231"}],"wp:term":[{"taxonomy":"category","embeddable":true,"href":"https:\/\/www.projektwrzesnia.pl\/wordpress\/wp-json\/wp\/v2\/categories?post=231"},{"taxonomy":"post_tag","embeddable":true,"href":"https:\/\/www.projektwrzesnia.pl\/wordpress\/wp-json\/wp\/v2\/tags?post=231"}],"curies":[{"name":"wp","href":"https:\/\/api.w.org\/{rel}","templated":true}]}}