{"id":246,"date":"2018-02-12T20:00:00","date_gmt":"2018-02-12T20:00:00","guid":{"rendered":"http:\/\/www.projektwrzesnia.pl\/wordpress\/246\/"},"modified":"2018-02-12T20:00:00","modified_gmt":"2018-02-12T20:00:00","slug":"sprawdzamy-stan-zabytkow-w-powiecie-wrzesinskim","status":"publish","type":"post","link":"https:\/\/www.projektwrzesnia.pl\/wordpress\/246\/","title":{"rendered":"Sprawdzamy stan zabytk\u00f3w w\u00a0powiecie wrzesi\u0144skim"},"content":{"rendered":"<p><a href=\"https:\/\/www.projektwrzesnia.pl\/wordpress\/wp-content\/uploads\/2023\/03\/20180211_stan_zabytkow_ikona.jpg\" target=\"_blank\" rel=\"noopener\"><\/a>Przy okazji sprawdzania sprawy zwolnie\u0144 od podatk\u00f3w od zabytkowych nieruchomo\u015bci [<a href=\"http:\/\/www.projektwrzesnia.pl\/asp\/pl_start.asp?typ=13&amp;sub=23&amp;menu=42&amp;schemat=&amp;dzialy=42&amp;akcja=artykul&amp;artykul=240\" target=\"_blank\" rel=\"noopener\">tutaj artyku\u0142<\/a>] w&nbsp;gminach w&nbsp;powiecie wrzesi\u0144skim oraz w&nbsp;gminie Strza\u0142kowo pozyskali\u015bmy informacj\u0119 o&nbsp;stanie zachowania najcenniejszych zabytk\u00f3w w&nbsp;ka\u017cdej z&nbsp;gmin.<\/p>\n<p>Konserwator zabytk\u00f3w zwr\u00f3ci\u0142 uwag\u0119 na z\u0142y stan dwor\u00f3w w&nbsp;Gorazdowie i&nbsp;Grabowie Kr\u00f3lewskim [<a href=\"http:\/\/www.projektwrzesnia.pl\/asp\/pliki\/PDFy\/20180211_stan_zabytkow__dwory_stan_zachowania.pdf\" target=\"_blank\" rel=\"noopener\">pismo tutaj<\/a>]. Dla tego pierwszego wydano zalecenia pokontrolne, w&nbsp;kt\u00f3rych zobowi\u0105zuje si\u0119 dzier\u017cawc\u00f3w do remontu dach\u00f3w, rynien i&nbsp;tynk\u00f3w [<a href=\"http:\/\/www.projektwrzesnia.pl\/asp\/pliki\/PDFy\/20180211_stan_zabytkow_gorazdowo.pdf\" target=\"_blank\" rel=\"noopener\">pismo tutaj<\/a>]. Konserwator ma zastrze\u017cenia [<a href=\"http:\/\/www.projektwrzesnia.pl\/asp\/pliki\/PDFy\/20180211_stan_zabytkow_nekla.pdf\" target=\"_blank\" rel=\"noopener\">pismo tutaj<\/a>] r\u00f3wnie\u017c co&nbsp;do&nbsp;troski o&nbsp;zesp\u00f3\u0142 pa\u0142acowy w&nbsp;Mystkach i&nbsp;zabytkowy dom w&nbsp;Targowej G\u00f3rce po\u0142o\u017cony przy ul. Kosi\u0144skiego 8. W&nbsp;Mi\u0142os\u0142awiu natomiast w&nbsp;z\u0142ym stanie znajduje si\u0119 willa dawnego w\u0142a\u015bciciela browaru po\u0142o\u017cona przy ul. Wrzesi\u0144skiej 24. Nie&nbsp;najlepiej jest r\u00f3wnie\u017c z&nbsp;budynkiem Bazaru przy pl. Wiosny Lud\u00f3w 24 [<a href=\"http:\/\/www.projektwrzesnia.pl\/asp\/pliki\/PDFy\/20180211_stan_zabytkow_miloslaw.pdf\" target=\"_blank\" rel=\"noopener\">pismo tutaj<\/a>]. <br \/>W&nbsp;gminie Wrze\u015bnia jest problem z&nbsp;utrzymaniem w&nbsp;dobrym stanie zabytkowego <a href=\"http:\/\/www.projektwrzesnia.pl\/asp\/pl_start.asp?typ=13&amp;sub=23&amp;menu=42&amp;schemat=&amp;dzialy=42&amp;akcja=artykul&amp;artykul=73\" target=\"_blank\" rel=\"noopener\">kurnika w&nbsp;Ostrowie Szlacheckim<\/a>, kt\u00f3ry od lat nie jest remontowany oraz zespo\u0142u dworsko-folwarcznego w&nbsp;Bardzie i&nbsp;parku w&nbsp;Grzymys\u0142awicach.<\/p>\n<p>W dalszym ci\u0105gu b\u0119dziemy monitorowali stan zachowania zabytk\u00f3w w&nbsp;powiecie wrzesi\u0144skim i&nbsp;okolicy. Troska o&nbsp;dziedzictwo historyczne jest&nbsp;przejawem nowoczesnego patriotyzmu, kt\u00f3rego nie powinno zabrakn\u0105\u0107 nam wszystkim w&nbsp;100. rocznic\u0119 odzyskania niepodleg\u0142o\u015bci. &nbsp;<\/p>\n","protected":false},"excerpt":{"rendered":"<p>Przy okazji sprawdzania sprawy zwolnie\u0144 od podatk\u00f3w od zabytkowych nieruchomo\u015bci [tutaj artyku\u0142] w&nbsp;gminach w&nbsp;powiecie wrzesi\u0144skim oraz w&nbsp;gminie Strza\u0142kowo pozyskali\u015bmy informacj\u0119 o&nbsp;stanie zachowania najcenniejszych zabytk\u00f3w w&nbsp;ka\u017cdej z&nbsp;gmin. Konserwator zabytk\u00f3w zwr\u00f3ci\u0142 uwag\u0119 na z\u0142y stan dwor\u00f3w w&nbsp;Gorazdowie i&nbsp;Grabowie Kr\u00f3lewskim [pismo tutaj]. Dla tego pierwszego wydano zalecenia pokontrolne, w&nbsp;kt\u00f3rych zobowi\u0105zuje si\u0119 dzier\u017cawc\u00f3w do remontu dach\u00f3w, rynien i&nbsp;tynk\u00f3w [pismo [&hellip;]<\/p>\n","protected":false},"author":1,"featured_media":10246,"comment_status":"open","ping_status":"open","sticky":false,"template":"","format":"standard","meta":{"_acf_changed":false,"footnotes":""},"categories":[27],"tags":[],"class_list":["post-246","post","type-post","status-publish","format-standard","has-post-thumbnail","hentry","category-27"],"acf":[],"_links":{"self":[{"href":"https:\/\/www.projektwrzesnia.pl\/wordpress\/wp-json\/wp\/v2\/posts\/246","targetHints":{"allow":["GET"]}}],"collection":[{"href":"https:\/\/www.projektwrzesnia.pl\/wordpress\/wp-json\/wp\/v2\/posts"}],"about":[{"href":"https:\/\/www.projektwrzesnia.pl\/wordpress\/wp-json\/wp\/v2\/types\/post"}],"author":[{"embeddable":true,"href":"https:\/\/www.projektwrzesnia.pl\/wordpress\/wp-json\/wp\/v2\/users\/1"}],"replies":[{"embeddable":true,"href":"https:\/\/www.projektwrzesnia.pl\/wordpress\/wp-json\/wp\/v2\/comments?post=246"}],"version-history":[{"count":0,"href":"https:\/\/www.projektwrzesnia.pl\/wordpress\/wp-json\/wp\/v2\/posts\/246\/revisions"}],"wp:featuredmedia":[{"embeddable":true,"href":"https:\/\/www.projektwrzesnia.pl\/wordpress\/wp-json\/wp\/v2\/media\/10246"}],"wp:attachment":[{"href":"https:\/\/www.projektwrzesnia.pl\/wordpress\/wp-json\/wp\/v2\/media?parent=246"}],"wp:term":[{"taxonomy":"category","embeddable":true,"href":"https:\/\/www.projektwrzesnia.pl\/wordpress\/wp-json\/wp\/v2\/categories?post=246"},{"taxonomy":"post_tag","embeddable":true,"href":"https:\/\/www.projektwrzesnia.pl\/wordpress\/wp-json\/wp\/v2\/tags?post=246"}],"curies":[{"name":"wp","href":"https:\/\/api.w.org\/{rel}","templated":true}]}}