{"id":247,"date":"2018-02-09T20:00:00","date_gmt":"2018-02-09T20:00:00","guid":{"rendered":"http:\/\/www.projektwrzesnia.pl\/wordpress\/247\/"},"modified":"2018-02-09T20:00:00","modified_gmt":"2018-02-09T20:00:00","slug":"makieta-vs-inne-inwestycje","status":"publish","type":"post","link":"https:\/\/www.projektwrzesnia.pl\/wordpress\/247\/","title":{"rendered":"Makieta vs inne inwestycje"},"content":{"rendered":"<p>&nbsp;<em>Kornel Tomczak<\/em><em>&#8211; skarbnik Stowarzyszenia Projekt Wrze\u015bnia<\/em><\/p>\n<p style=\"text-align: justify;\">Ch\u0119tnie zamkn\u0119liby\u015bmy ju\u017c ten temat i&nbsp;wi\u0119cej do niego nie wracali, ale chyba si\u0119 nie da. O&nbsp;czym mowa? O&nbsp;makiecie kolejki w\u0105skotorowej. <br \/>I&nbsp;to do\u015b\u0107 drogiej, delikatnie m\u00f3wi\u0105c. W&nbsp;ten czwartek radni g\u0142osowali nad pomys\u0142em burmistrza, by na budow\u0119 pawilonu makiety kolejki w\u0105skotorowej przeznaczy\u0107 dodatkowe&hellip; 150 tys. z\u0142. To oznacza, \u017ce b\u0119dzie ona kosztowa\u0107 ju\u017c blisko p\u00f3\u0142 miliona z\u0142otych.<br \/>Czy naprawd\u0119 tych pieni\u0119dzy nie mo\u017cna wyda\u0107 lepiej? Ok, fajnie, \u017ce chce si\u0119 upami\u0119tni\u0107 kolejk\u0119, kt\u00f3ra swoj\u0105 sieci\u0105 okala\u0142a ca\u0142\u0105 okolic\u0119 i&nbsp;przez wiele dziesi\u0119cioleci s\u0142u\u017cy\u0142a mieszka\u0144com, ale czy nie mo\u017cna tego zrobi\u0107 sensowniej? W&nbsp;budynku dworca kolejowego we Wrze\u015bni stoi przecie\u017c puste i&nbsp;przestronne pomieszczenie dawnej restauracji\/poczekalni. Czy nie lepiej dogada\u0107 si\u0119 z&nbsp;PKP i&nbsp;wykorzysta\u0107 istniej\u0105c\u0105 infrastruktur\u0119 i&nbsp;tam umie\u015bci\u0107 makiet\u0119, zamiast budowa\u0107 drogi obiekt, kt\u00f3ry p\u00f3\u017aniej trzeba b\u0119dzie przecie\u017c utrzymywa\u0107?<br \/>Poza tym&hellip; pilniejszych wydatk\u00f3w jest jednak ca\u0142kiem sporo.<br \/>Mo\u017ce przypominanie o&nbsp;tym jest ju\u017c nudne, ale altana w&nbsp;LOKu grozi zawaleniem ju\u017c od zesz\u0142ego roku. Jakie s\u0105 priorytety naszych w\u0142adz samorz\u0105dowych?<\/p>\n<p><em>Pierwotnie felieton zosta\u0142 opublikowany w&nbsp;tygodniku &#8222;Wiadomo\u015bci Wrzesi\u0144skie&#8221; oraz na portalu <a href=\"http:\/\/www.wrzesnia.info.pl\" target=\"_blank\" rel=\"noopener\">www.wrzesnia.info.pl<\/a>&nbsp;<\/em><\/p>\n<p>&nbsp;<\/p>\n","protected":false},"excerpt":{"rendered":"<p>&nbsp;Kornel Tomczak&#8211; skarbnik Stowarzyszenia Projekt Wrze\u015bnia Ch\u0119tnie zamkn\u0119liby\u015bmy ju\u017c ten temat i&nbsp;wi\u0119cej do niego nie wracali, ale chyba si\u0119 nie da. O&nbsp;czym mowa? O&nbsp;makiecie kolejki w\u0105skotorowej. I&nbsp;to do\u015b\u0107 drogiej, delikatnie m\u00f3wi\u0105c. W&nbsp;ten czwartek radni g\u0142osowali nad pomys\u0142em burmistrza, by na budow\u0119 pawilonu makiety kolejki w\u0105skotorowej przeznaczy\u0107 dodatkowe&hellip; 150 tys. z\u0142. To oznacza, \u017ce b\u0119dzie ona [&hellip;]<\/p>\n","protected":false},"author":1,"featured_media":10853,"comment_status":"open","ping_status":"open","sticky":false,"template":"","format":"standard","meta":{"_acf_changed":false,"footnotes":""},"categories":[41],"tags":[],"class_list":["post-247","post","type-post","status-publish","format-standard","has-post-thumbnail","hentry","category-41"],"acf":[],"_links":{"self":[{"href":"https:\/\/www.projektwrzesnia.pl\/wordpress\/wp-json\/wp\/v2\/posts\/247","targetHints":{"allow":["GET"]}}],"collection":[{"href":"https:\/\/www.projektwrzesnia.pl\/wordpress\/wp-json\/wp\/v2\/posts"}],"about":[{"href":"https:\/\/www.projektwrzesnia.pl\/wordpress\/wp-json\/wp\/v2\/types\/post"}],"author":[{"embeddable":true,"href":"https:\/\/www.projektwrzesnia.pl\/wordpress\/wp-json\/wp\/v2\/users\/1"}],"replies":[{"embeddable":true,"href":"https:\/\/www.projektwrzesnia.pl\/wordpress\/wp-json\/wp\/v2\/comments?post=247"}],"version-history":[{"count":0,"href":"https:\/\/www.projektwrzesnia.pl\/wordpress\/wp-json\/wp\/v2\/posts\/247\/revisions"}],"wp:featuredmedia":[{"embeddable":true,"href":"https:\/\/www.projektwrzesnia.pl\/wordpress\/wp-json\/wp\/v2\/media\/10853"}],"wp:attachment":[{"href":"https:\/\/www.projektwrzesnia.pl\/wordpress\/wp-json\/wp\/v2\/media?parent=247"}],"wp:term":[{"taxonomy":"category","embeddable":true,"href":"https:\/\/www.projektwrzesnia.pl\/wordpress\/wp-json\/wp\/v2\/categories?post=247"},{"taxonomy":"post_tag","embeddable":true,"href":"https:\/\/www.projektwrzesnia.pl\/wordpress\/wp-json\/wp\/v2\/tags?post=247"}],"curies":[{"name":"wp","href":"https:\/\/api.w.org\/{rel}","templated":true}]}}