{"id":248,"date":"2018-02-16T20:00:00","date_gmt":"2018-02-16T20:00:00","guid":{"rendered":"http:\/\/www.projektwrzesnia.pl\/wordpress\/248\/"},"modified":"2018-02-16T20:00:00","modified_gmt":"2018-02-16T20:00:00","slug":"zabytki-w-zlym-stanie","status":"publish","type":"post","link":"https:\/\/www.projektwrzesnia.pl\/wordpress\/248\/","title":{"rendered":"Zabytki w\u00a0z\u0142ym stanie"},"content":{"rendered":"<p>&nbsp;<em>Arkadiusz Sobczak<\/em><em>&#8211; cz\u0142onek Stowarzyszenia Projekt Wrze\u015bnia<\/em><\/p>\n<p>Przy okazji sprawdzania sprawy zwolnie\u0144 podatkowych od zabytkowych nieruchomo\u015bci w&nbsp;gminach powiatu wrzesi\u0144skiego, pozyskali\u015bmy informacje o&nbsp;stanie zachowania najcenniejszych zabytk\u00f3w w&nbsp;ka\u017cdej z&nbsp;gmin. Konserwator zabytk\u00f3w zwr\u00f3ci\u0142 uwag\u0119 na z\u0142y stan dwor\u00f3w w&nbsp;Gorazdowie i&nbsp;Grabowie Kr\u00f3lewskim. Dla tego pierwszego wydano zalecenia pokontrolne, w&nbsp;kt\u00f3rych zobowi\u0105zuje si\u0119 dzier\u017cawc\u00f3w do remontu dach\u00f3w, rynien i&nbsp;tynk\u00f3w. Konserwator ma zastrze\u017cenia r\u00f3wnie\u017c co do troski o&nbsp;zesp\u00f3\u0142 pa\u0142acowy w&nbsp;Mystkach i&nbsp;zabytkowy dom w&nbsp;Targowej G\u00f3rce po\u0142o\u017cony przy&nbsp;ul.&nbsp;Kosi\u0144skiego&nbsp;8. W&nbsp;Mi\u0142os\u0142awiu natomiast w&nbsp;z\u0142ym stanie znajduje si\u0119 willa dawnego w\u0142a\u015bciciela browaru po\u0142o\u017cona przy ul. Wrzesi\u0144skiej 24. Nie&nbsp;najlepiej jest r\u00f3wnie\u017c z&nbsp;budynkiem Bazaru przy pl. Wiosny Lud\u00f3w 24. W&nbsp;gminie Wrze\u015bnia jest problem z&nbsp;utrzymaniem w&nbsp;dobrym stanie zabytkowego kurnika w&nbsp;Ostrowie Szlacheckim, kt\u00f3ry od lat nie jest remontowany oraz zespo\u0142u dworsko-folwarcznego w&nbsp;Bardzie i&nbsp;parku w&nbsp;Grzymys\u0142awicach. W&nbsp;dalszym ci\u0105gu b\u0119dziemy monitorowali stan zachowania zabytk\u00f3w w&nbsp;powiecie wrzesi\u0144skim i&nbsp;okolicy. Troska o&nbsp;dziedzictwo historyczne jest&nbsp;przejawem patriotyzmu, kt\u00f3rego nie powinno nam wszystkim zabrakn\u0105\u0107 w&nbsp;100. rocznic\u0119 odzyskania niepodleg\u0142o\u015bci.<\/p>\n<p><em>Pierwotnie felieton zosta\u0142 opublikowany w&nbsp;tygodniku &#8222;Wiadomo\u015bci Wrzesi\u0144skie&#8221; oraz na portalu <a href=\"http:\/\/www.wrzesnia.info.pl\" target=\"_blank\" rel=\"noopener\">www.wrzesnia.info.pl<\/a><\/em><\/p>\n<p><span>&nbsp;<\/span><\/p>\n","protected":false},"excerpt":{"rendered":"<p>&nbsp;Arkadiusz Sobczak&#8211; cz\u0142onek Stowarzyszenia Projekt Wrze\u015bnia Przy okazji sprawdzania sprawy zwolnie\u0144 podatkowych od zabytkowych nieruchomo\u015bci w&nbsp;gminach powiatu wrzesi\u0144skiego, pozyskali\u015bmy informacje o&nbsp;stanie zachowania najcenniejszych zabytk\u00f3w w&nbsp;ka\u017cdej z&nbsp;gmin. Konserwator zabytk\u00f3w zwr\u00f3ci\u0142 uwag\u0119 na z\u0142y stan dwor\u00f3w w&nbsp;Gorazdowie i&nbsp;Grabowie Kr\u00f3lewskim. Dla tego pierwszego wydano zalecenia pokontrolne, w&nbsp;kt\u00f3rych zobowi\u0105zuje si\u0119 dzier\u017cawc\u00f3w do remontu dach\u00f3w, rynien i&nbsp;tynk\u00f3w. Konserwator ma zastrze\u017cenia [&hellip;]<\/p>\n","protected":false},"author":1,"featured_media":10592,"comment_status":"open","ping_status":"open","sticky":false,"template":"","format":"standard","meta":{"_acf_changed":false,"footnotes":""},"categories":[41],"tags":[],"class_list":["post-248","post","type-post","status-publish","format-standard","has-post-thumbnail","hentry","category-41"],"acf":[],"_links":{"self":[{"href":"https:\/\/www.projektwrzesnia.pl\/wordpress\/wp-json\/wp\/v2\/posts\/248","targetHints":{"allow":["GET"]}}],"collection":[{"href":"https:\/\/www.projektwrzesnia.pl\/wordpress\/wp-json\/wp\/v2\/posts"}],"about":[{"href":"https:\/\/www.projektwrzesnia.pl\/wordpress\/wp-json\/wp\/v2\/types\/post"}],"author":[{"embeddable":true,"href":"https:\/\/www.projektwrzesnia.pl\/wordpress\/wp-json\/wp\/v2\/users\/1"}],"replies":[{"embeddable":true,"href":"https:\/\/www.projektwrzesnia.pl\/wordpress\/wp-json\/wp\/v2\/comments?post=248"}],"version-history":[{"count":0,"href":"https:\/\/www.projektwrzesnia.pl\/wordpress\/wp-json\/wp\/v2\/posts\/248\/revisions"}],"wp:featuredmedia":[{"embeddable":true,"href":"https:\/\/www.projektwrzesnia.pl\/wordpress\/wp-json\/wp\/v2\/media\/10592"}],"wp:attachment":[{"href":"https:\/\/www.projektwrzesnia.pl\/wordpress\/wp-json\/wp\/v2\/media?parent=248"}],"wp:term":[{"taxonomy":"category","embeddable":true,"href":"https:\/\/www.projektwrzesnia.pl\/wordpress\/wp-json\/wp\/v2\/categories?post=248"},{"taxonomy":"post_tag","embeddable":true,"href":"https:\/\/www.projektwrzesnia.pl\/wordpress\/wp-json\/wp\/v2\/tags?post=248"}],"curies":[{"name":"wp","href":"https:\/\/api.w.org\/{rel}","templated":true}]}}