{"id":249,"date":"2018-02-18T20:00:00","date_gmt":"2018-02-18T20:00:00","guid":{"rendered":"http:\/\/www.projektwrzesnia.pl\/wordpress\/249\/"},"modified":"2018-02-18T20:00:00","modified_gmt":"2018-02-18T20:00:00","slug":"kto-odpowiada-za-stan-wrzesinskiego-zalewu","status":"publish","type":"post","link":"https:\/\/www.projektwrzesnia.pl\/wordpress\/249\/","title":{"rendered":"Kto odpowiada za stan wrzesi\u0144skiego zalewu?"},"content":{"rendered":"<p><a href=\"https:\/\/www.projektwrzesnia.pl\/wordpress\/wp-content\/uploads\/2023\/03\/20180218_zalew_ikona.jpg\" target=\"_blank\" rel=\"noopener\"><\/a>Niedawno do naszego stowarzyszeni kolejny raz zwr\u00f3ci\u0142a si\u0119 osoba ze&nbsp;skarg\u0105 dotycz\u0105c\u0105 z\u0142ego stanu wrzesi\u0144skiego zalewu, kt\u00f3ry w&nbsp;por\u00f3wnaniu z&nbsp;zalewem w&nbsp;\u015arodzie&nbsp;Wielkopolskiej wypada bardzo s\u0142abo. Spraw\u0119 przekazali\u015bmy niezw\u0142ocznie do&nbsp;Wielkopolskiego Zarz\u0105du Melioracji i&nbsp;Urz\u0105dze\u0144 Wodnych w&nbsp;Poznaniu. W&nbsp;pi\u015bmie wskazali\u015bmy, \u017ce od stanu zalewu wrzesi\u0144skiego zale\u017cy r\u00f3wnie\u017c wizerunek miasta, a&nbsp;w&nbsp;obecnym stanie zalew nie mo\u017ce uchodzi\u0107 za wizyt\u00f3wk\u0119 i&nbsp;atrakcj\u0119. Chcieli\u015bmy, \u017ceby do\u0142o\u017cono wszelkich stara\u0144, aby istniej\u0105cy zbiornik zach\u0119ca\u0142 do sp\u0119dzania nad nim wolnego czasu.<\/p>\n<p>W odpowiedzi [<a href=\"http:\/\/www.projektwrzesnia.pl\/asp\/pliki\/PDFy\/20180218_zalew_wzmiuw.pdf\">tutaj<\/a>] otrzymali\u015bmy informacj\u0119, \u017ce za utrzymanie porz\u0105dku i&nbsp;czysto\u015bci przy zalewie odpowiada Polski Zwi\u0105zek W\u0119dkarski. Urz\u0119dnicy wskazali r\u00f3wnie\u017c, \u017ce&nbsp;w&nbsp;przypadku zbiornika wodnego w&nbsp;\u015arodzie Wielkopolskiej w&nbsp;utrzymanie obrze\u017cy czynnie w\u0142\u0105czyli si\u0119: Gmina \u015aroda Wielkopolska, Starostwo Powiatowe w&nbsp;\u015arodzie Wielkopolskiej oraz tamtejsze Ko\u0142o W\u0119dkarskie.<\/p>\n<p>Z pro\u015bb\u0105 o&nbsp;dodatkowe wyja\u015bnienia i&nbsp;dokumenty zwr\u00f3cili\u015bmy si\u0119 r\u00f3wnie\u017c do Regionalnego Zarz\u0105du Gospodarki Wodnej w&nbsp;Poznaniu. W&nbsp;odpowiedzi&nbsp;[<a href=\"http:\/\/www.projektwrzesnia.pl\/asp\/pliki\/PDFy\/20180218_zalew_rzgw_zalew_lipowka.pdf\" target=\"_blank\" rel=\"noopener\">tutaj<\/a>] wskazano, \u017ce pe\u0142ni\u0105 oni uprawnienia w\u0142a\u015bcicielskie nad akwenami w&nbsp;stosunku do rybactwa \u015br\u00f3dl\u0105dowego. Otrzymali\u015bmy r\u00f3wnie\u017c umow\u0119 u\u017cytkowania obwodu rybackiego zbiornika wodnego Lip\u00f3wka [<a href=\"http:\/\/www.projektwrzesnia.pl\/asp\/pliki\/PDFy\/20180218_zalew_akty_zalew_lipowka.pdf\" target=\"_blank\" rel=\"noopener\">tutaj<\/a>], w&nbsp;kt\u00f3rej wskazano, \u017ce Polski Zwi\u0105zek W\u0119dkarski odpowiada za&nbsp;utrzymanie porz\u0105dku i&nbsp;czysto\u015bci na brzegu zalewu. Na ci\u0105gach komunikacyjnych porz\u0105dek utrzymuje gmina Wrze\u015bnia.<\/p>\n<p>Mamy nadziej\u0119, \u017ce te wyja\u015bnienia i&nbsp;dokumenty przyczyni\u0105 si\u0119 do rozwiania w\u0105tpliwo\u015bci dotycz\u0105cych zagospodarowania okolic zalewu i&nbsp;pos\u0142u\u017c\u0105 do&nbsp;dyskusji nad przysz\u0142o\u015bci\u0105 wrzesi\u0144skiego akwenu, kt\u00f3ry mo\u017cna rozwija\u0107 wzorem \u015arody Wielkopolskiej. &nbsp;<\/p>\n","protected":false},"excerpt":{"rendered":"<p>Niedawno do naszego stowarzyszeni kolejny raz zwr\u00f3ci\u0142a si\u0119 osoba ze&nbsp;skarg\u0105 dotycz\u0105c\u0105 z\u0142ego stanu wrzesi\u0144skiego zalewu, kt\u00f3ry w&nbsp;por\u00f3wnaniu z&nbsp;zalewem w&nbsp;\u015arodzie&nbsp;Wielkopolskiej wypada bardzo s\u0142abo. Spraw\u0119 przekazali\u015bmy niezw\u0142ocznie do&nbsp;Wielkopolskiego Zarz\u0105du Melioracji i&nbsp;Urz\u0105dze\u0144 Wodnych w&nbsp;Poznaniu. W&nbsp;pi\u015bmie wskazali\u015bmy, \u017ce od stanu zalewu wrzesi\u0144skiego zale\u017cy r\u00f3wnie\u017c wizerunek miasta, a&nbsp;w&nbsp;obecnym stanie zalew nie mo\u017ce uchodzi\u0107 za wizyt\u00f3wk\u0119 i&nbsp;atrakcj\u0119. Chcieli\u015bmy, \u017ceby do\u0142o\u017cono wszelkich [&hellip;]<\/p>\n","protected":false},"author":1,"featured_media":10249,"comment_status":"open","ping_status":"open","sticky":false,"template":"","format":"standard","meta":{"_acf_changed":false,"footnotes":""},"categories":[1],"tags":[],"class_list":["post-249","post","type-post","status-publish","format-standard","has-post-thumbnail","hentry","category-uncategorized"],"acf":[],"_links":{"self":[{"href":"https:\/\/www.projektwrzesnia.pl\/wordpress\/wp-json\/wp\/v2\/posts\/249","targetHints":{"allow":["GET"]}}],"collection":[{"href":"https:\/\/www.projektwrzesnia.pl\/wordpress\/wp-json\/wp\/v2\/posts"}],"about":[{"href":"https:\/\/www.projektwrzesnia.pl\/wordpress\/wp-json\/wp\/v2\/types\/post"}],"author":[{"embeddable":true,"href":"https:\/\/www.projektwrzesnia.pl\/wordpress\/wp-json\/wp\/v2\/users\/1"}],"replies":[{"embeddable":true,"href":"https:\/\/www.projektwrzesnia.pl\/wordpress\/wp-json\/wp\/v2\/comments?post=249"}],"version-history":[{"count":0,"href":"https:\/\/www.projektwrzesnia.pl\/wordpress\/wp-json\/wp\/v2\/posts\/249\/revisions"}],"wp:featuredmedia":[{"embeddable":true,"href":"https:\/\/www.projektwrzesnia.pl\/wordpress\/wp-json\/wp\/v2\/media\/10249"}],"wp:attachment":[{"href":"https:\/\/www.projektwrzesnia.pl\/wordpress\/wp-json\/wp\/v2\/media?parent=249"}],"wp:term":[{"taxonomy":"category","embeddable":true,"href":"https:\/\/www.projektwrzesnia.pl\/wordpress\/wp-json\/wp\/v2\/categories?post=249"},{"taxonomy":"post_tag","embeddable":true,"href":"https:\/\/www.projektwrzesnia.pl\/wordpress\/wp-json\/wp\/v2\/tags?post=249"}],"curies":[{"name":"wp","href":"https:\/\/api.w.org\/{rel}","templated":true}]}}