{"id":253,"date":"2018-02-23T20:00:00","date_gmt":"2018-02-23T20:00:00","guid":{"rendered":"http:\/\/www.projektwrzesnia.pl\/wordpress\/blog\/2018\/02\/23\/wnioski-po-zebraniach-wiejskich\/"},"modified":"2018-02-23T20:00:00","modified_gmt":"2018-02-23T20:00:00","slug":"wnioski-po-zebraniach-wiejskich","status":"publish","type":"post","link":"https:\/\/www.projektwrzesnia.pl\/wordpress\/253\/","title":{"rendered":"Wnioski po zebraniach wiejskich"},"content":{"rendered":"<p>&nbsp;<em>Arkadiusz Sobczak<\/em><em>&#8211; cz\u0142onek Stowarzyszenia Projekt Wrze\u015bnia<\/em><\/p>\n<p>W minion\u0105 \u015brod\u0119 zako\u0144czy\u0142 si\u0119 cykl zebra\u0144 wiejskich w&nbsp;gminie Wrze\u015bnia. Kolejny rok z&nbsp;rz\u0119du starali\u015bmy si\u0119&nbsp;bra\u0107 w&nbsp;nich udzia\u0142, aby bli\u017cej przyjrze\u0107 si\u0119&nbsp;sytuacji na wsi i&nbsp;pos\u0142ucha\u0107 o&nbsp;potrzebach poszczeg\u00f3lnych so\u0142ectw. By\u0142a to r\u00f3wnie\u017c doskona\u0142a okazja do wyra\u017cenia przez mieszka\u0144c\u00f3w swojego zdania na wszelkie tematy w&nbsp;bezpo\u015bredniej obecno\u015bci gminnych urz\u0119dnik\u00f3w. Trzeba zaznaczy\u0107, \u017ce na zebraniach brakowa\u0142o zw\u0142aszcza przedstawicieli starostwa, co zreszt\u0105 cz\u0119sto podkre\u015blali sami mieszka\u0144cy, zw\u0142aszcza w&nbsp;kontek\u015bcie dr\u00f3g powiatowych, kt\u00f3re cz\u0119\u015bciowo s\u0105 w&nbsp;fatalnym stanie technicznym. W\u0105tek dziur w&nbsp;asfalcie i&nbsp;ich ewentualnego remontu pojawia\u0142 si\u0119 w&nbsp;prawie ka\u017cdej wsi. Kolejna rzecz, kt\u00f3ra rzuca si\u0119 w&nbsp;oczy to&nbsp;frekwencja. Z&nbsp;roku na rok coraz mniej os\u00f3b bierze udzia\u0142 w&nbsp;zebraniach wiejskich. Pojawiaj\u0105 si\u0119 g\u0142osy, \u017ce je\u015bli ten trend utrzyma si\u0119 nadal, to&nbsp;za kilka lat&nbsp;zebra\u0144 mo\u017ce nie by\u0107 wcale. W\u00f3wczas zniknie wie\u015b rozumiana jako pewna wsp\u00f3lnota skupiona wok\u00f3\u0142 istotnych spraw. Mam jednak nadziej\u0119, \u017ce&nbsp;tak&nbsp;si\u0119&nbsp;nie stanie, tym bardziej, \u017ce wielu so\u0142tys\u00f3w i&nbsp;poszczeg\u00f3lni mieszka\u0144cy udowadniaj\u0105 swoj\u0105 aktywno\u015bci\u0105, \u017ce takie obawy s\u0105 przedwczesne.<\/p>\n<p><em>Felieton zosta\u0142 tak\u017ce opublikowany w&nbsp;tygodniku &#8222;Wiadomo\u015bci Wrzesi\u0144skie&#8221; oraz na portalu <a href=\"http:\/\/www.wrzesnia.info.pl\" target=\"_blank\" rel=\"noopener\">www.wrzesnia.info.pl<\/a><\/em><\/p>\n<p><span>&nbsp;<\/span><\/p>\n","protected":false},"excerpt":{"rendered":"<p>&nbsp;Arkadiusz Sobczak&#8211; cz\u0142onek Stowarzyszenia Projekt Wrze\u015bnia W minion\u0105 \u015brod\u0119 zako\u0144czy\u0142 si\u0119 cykl zebra\u0144 wiejskich w&nbsp;gminie Wrze\u015bnia. Kolejny rok z&nbsp;rz\u0119du starali\u015bmy si\u0119&nbsp;bra\u0107 w&nbsp;nich udzia\u0142, aby bli\u017cej przyjrze\u0107 si\u0119&nbsp;sytuacji na wsi i&nbsp;pos\u0142ucha\u0107 o&nbsp;potrzebach poszczeg\u00f3lnych so\u0142ectw. By\u0142a to r\u00f3wnie\u017c doskona\u0142a okazja do wyra\u017cenia przez mieszka\u0144c\u00f3w swojego zdania na wszelkie tematy w&nbsp;bezpo\u015bredniej obecno\u015bci gminnych urz\u0119dnik\u00f3w. Trzeba zaznaczy\u0107, \u017ce na [&hellip;]<\/p>\n","protected":false},"author":1,"featured_media":10592,"comment_status":"open","ping_status":"open","sticky":false,"template":"","format":"standard","meta":{"_acf_changed":false,"footnotes":""},"categories":[41],"tags":[],"class_list":["post-253","post","type-post","status-publish","format-standard","has-post-thumbnail","hentry","category-41"],"acf":[],"_links":{"self":[{"href":"https:\/\/www.projektwrzesnia.pl\/wordpress\/wp-json\/wp\/v2\/posts\/253","targetHints":{"allow":["GET"]}}],"collection":[{"href":"https:\/\/www.projektwrzesnia.pl\/wordpress\/wp-json\/wp\/v2\/posts"}],"about":[{"href":"https:\/\/www.projektwrzesnia.pl\/wordpress\/wp-json\/wp\/v2\/types\/post"}],"author":[{"embeddable":true,"href":"https:\/\/www.projektwrzesnia.pl\/wordpress\/wp-json\/wp\/v2\/users\/1"}],"replies":[{"embeddable":true,"href":"https:\/\/www.projektwrzesnia.pl\/wordpress\/wp-json\/wp\/v2\/comments?post=253"}],"version-history":[{"count":0,"href":"https:\/\/www.projektwrzesnia.pl\/wordpress\/wp-json\/wp\/v2\/posts\/253\/revisions"}],"wp:featuredmedia":[{"embeddable":true,"href":"https:\/\/www.projektwrzesnia.pl\/wordpress\/wp-json\/wp\/v2\/media\/10592"}],"wp:attachment":[{"href":"https:\/\/www.projektwrzesnia.pl\/wordpress\/wp-json\/wp\/v2\/media?parent=253"}],"wp:term":[{"taxonomy":"category","embeddable":true,"href":"https:\/\/www.projektwrzesnia.pl\/wordpress\/wp-json\/wp\/v2\/categories?post=253"},{"taxonomy":"post_tag","embeddable":true,"href":"https:\/\/www.projektwrzesnia.pl\/wordpress\/wp-json\/wp\/v2\/tags?post=253"}],"curies":[{"name":"wp","href":"https:\/\/api.w.org\/{rel}","templated":true}]}}