{"id":256,"date":"2018-02-28T20:00:00","date_gmt":"2018-02-28T20:00:00","guid":{"rendered":"http:\/\/www.projektwrzesnia.pl\/wordpress\/256\/"},"modified":"2018-02-28T20:00:00","modified_gmt":"2018-02-28T20:00:00","slug":"spotkanie-z-konserwatorem-zabytkow-w-sprawie-lok-u","status":"publish","type":"post","link":"https:\/\/www.projektwrzesnia.pl\/wordpress\/256\/","title":{"rendered":"Spotkanie z\u00a0konserwatorem zabytk\u00f3w w\u00a0sprawie LOK-u"},"content":{"rendered":"<p>W 2015 roku rozpocz\u0119\u0142a si\u0119 walka o&nbsp;zabytkowy Ogr\u00f3d Bractwa Kurkowego, a&nbsp;w\u0142a\u015bciwie o&nbsp;to, \u017ceby&nbsp;istniej\u0105cy park nie zosta\u0142 wyci\u0119ty pod budow\u0119&hellip; supermarketu. Od tego czasu uda\u0142o si\u0119 nam nie dopu\u015bci\u0107 do kontrowersyjnej inwestycji, wpisa\u0107 ogr\u00f3d do rejestru zabytk\u00f3w oraz pom\u00f3c w&nbsp;odzyskaniu obiektu przez Gmin\u0119 Wrze\u015bnia. Przez ten czas nasze stowarzyszenie wielokrotnie apelowa\u0142o o&nbsp;rewaloryzacj\u0119 parku.<\/p>\n<p>W zesz\u0142ym tygodniu spotkali\u015bmy si\u0119 w&nbsp;sprawie remontu LOK-u z&nbsp;Wielkopolskim Wojew\u00f3dzkim Konserwatorem Zabytk\u00f3w w&nbsp;Poznaniu. Us\u0142yszeli\u015bmy, \u017ce wydano burmistrzowi Wrze\u015bni dok\u0142adne wytyczne w&nbsp;sprawie remontu, kt\u00f3ry ma przeprowadzi\u0107 w&nbsp;tym roku. To dobra wiadomo\u015b\u0107, kt\u00f3ra daje nadziej\u0119, \u017ce&nbsp;obiekt jeszcze w&nbsp;tym roku zostanie udost\u0119pniony mieszka\u0144com. Konserwator zapewni\u0142 nas, \u017ce przygl\u0105da si\u0119 sprawie i&nbsp;zach\u0119ci\u0142 nas do dalszych dzia\u0142a\u0144.<\/p>\n<p>W sprawie LOK-u od samego pocz\u0105tku pojawia si\u0119 wiele przeinacze\u0144 i&nbsp;nie\u015bcis\u0142o\u015bci. Jeszcze w&nbsp;listopadzie gmina Wrze\u015bnia informowa\u0142a, \u017ce &bdquo;ju\u017c w&nbsp;ramach grudniowego naboru zostanie z\u0142o\u017cony wniosek o&nbsp;dofinansowanie [rewitalizacji LOK-u] w&nbsp;ramach WRPO&rdquo;. Z&nbsp;ostatniego pisma burmistrza [<a href=\"http:\/\/www.projektwrzesnia.pl\/asp\/pliki\/PDFy\/20180228_lok_spotkanie_z_wkz_lok_dotacja.pdf\" target=\"_blank\" rel=\"noopener\">tutaj pismo<\/a>] dowiadujemy si\u0119 jednak, \u017ce nadal nie z\u0142o\u017cono takiego wniosku. Mamy nadziej\u0119, \u017ce zgodnie z&nbsp;zapewnieniami taki wniosek zostanie z\u0142o\u017cony. Zale\u017cy nam na pozyskaniu dodatkowych funduszy przez gmin\u0119 Wrze\u015bnia, dlatego trzymamy kciuki za pozytywne rozstrzygni\u0119cie naboru.<\/p>\n<p>&nbsp;<\/p>\n","protected":false},"excerpt":{"rendered":"<p>W 2015 roku rozpocz\u0119\u0142a si\u0119 walka o&nbsp;zabytkowy Ogr\u00f3d Bractwa Kurkowego, a&nbsp;w\u0142a\u015bciwie o&nbsp;to, \u017ceby&nbsp;istniej\u0105cy park nie zosta\u0142 wyci\u0119ty pod budow\u0119&hellip; supermarketu. Od tego czasu uda\u0142o si\u0119 nam nie dopu\u015bci\u0107 do kontrowersyjnej inwestycji, wpisa\u0107 ogr\u00f3d do rejestru zabytk\u00f3w oraz pom\u00f3c w&nbsp;odzyskaniu obiektu przez Gmin\u0119 Wrze\u015bnia. Przez ten czas nasze stowarzyszenie wielokrotnie apelowa\u0142o o&nbsp;rewaloryzacj\u0119 parku. W zesz\u0142ym tygodniu [&hellip;]<\/p>\n","protected":false},"author":1,"featured_media":10256,"comment_status":"open","ping_status":"open","sticky":false,"template":"","format":"standard","meta":{"_acf_changed":false,"footnotes":""},"categories":[21],"tags":[],"class_list":["post-256","post","type-post","status-publish","format-standard","has-post-thumbnail","hentry","category-21"],"acf":[],"_links":{"self":[{"href":"https:\/\/www.projektwrzesnia.pl\/wordpress\/wp-json\/wp\/v2\/posts\/256","targetHints":{"allow":["GET"]}}],"collection":[{"href":"https:\/\/www.projektwrzesnia.pl\/wordpress\/wp-json\/wp\/v2\/posts"}],"about":[{"href":"https:\/\/www.projektwrzesnia.pl\/wordpress\/wp-json\/wp\/v2\/types\/post"}],"author":[{"embeddable":true,"href":"https:\/\/www.projektwrzesnia.pl\/wordpress\/wp-json\/wp\/v2\/users\/1"}],"replies":[{"embeddable":true,"href":"https:\/\/www.projektwrzesnia.pl\/wordpress\/wp-json\/wp\/v2\/comments?post=256"}],"version-history":[{"count":0,"href":"https:\/\/www.projektwrzesnia.pl\/wordpress\/wp-json\/wp\/v2\/posts\/256\/revisions"}],"wp:featuredmedia":[{"embeddable":true,"href":"https:\/\/www.projektwrzesnia.pl\/wordpress\/wp-json\/wp\/v2\/media\/10256"}],"wp:attachment":[{"href":"https:\/\/www.projektwrzesnia.pl\/wordpress\/wp-json\/wp\/v2\/media?parent=256"}],"wp:term":[{"taxonomy":"category","embeddable":true,"href":"https:\/\/www.projektwrzesnia.pl\/wordpress\/wp-json\/wp\/v2\/categories?post=256"},{"taxonomy":"post_tag","embeddable":true,"href":"https:\/\/www.projektwrzesnia.pl\/wordpress\/wp-json\/wp\/v2\/tags?post=256"}],"curies":[{"name":"wp","href":"https:\/\/api.w.org\/{rel}","templated":true}]}}