{"id":258,"date":"2018-03-02T20:00:00","date_gmt":"2018-03-02T20:00:00","guid":{"rendered":"http:\/\/www.projektwrzesnia.pl\/wordpress\/blog\/2018\/03\/02\/dzialania-na-rzecz-niszczejacych-zabytkow\/"},"modified":"2018-03-02T20:00:00","modified_gmt":"2018-03-02T20:00:00","slug":"dzialania-na-rzecz-niszczejacych-zabytkow","status":"publish","type":"post","link":"https:\/\/www.projektwrzesnia.pl\/wordpress\/258\/","title":{"rendered":"Dzia\u0142ania na rzecz niszczej\u0105cych zabytk\u00f3w"},"content":{"rendered":"<p>&nbsp;<em>Kornel Tomczak<\/em><em>&#8211; skarbnik Stowarzyszenia Projekt Wrze\u015bnia<\/em><\/p>\n<p style=\"text-align: justify;\">W zesz\u0142ym tygodniu spotkali\u015bmy si\u0119 z&nbsp;Wielkopolskim Wojew\u00f3dzkim Konserwatorem Zabytk\u00f3w w&nbsp;Poznaniu. Rozmawiali\u015bmy na tematy zwi\u0105zane z&nbsp;naszymi dzia\u0142aniami jako spo\u0142ecznym opiekunem zabytk\u00f3w. Przede wszystkim interesowa\u0142a nas sprawa zagro\u017conej zawaleniem altany w&nbsp;LOK-u przy ulicy S\u0142owackiego. Us\u0142yszeli\u015bmy, \u017ce burmistrzowi Wrze\u015bni wydano dok\u0142adne wytyczne w&nbsp;sprawie niezb\u0119dnych prac renowacyjnych, kt\u00f3re&nbsp;ma&nbsp;przeprowadzi\u0107 w&nbsp;tym roku. To dobra wiadomo\u015b\u0107, kt\u00f3ra daje nadziej\u0119, \u017ce obiekt zostanie uratowany, a&nbsp;park w&nbsp;ko\u0144cu zostanie udost\u0119pniony mieszka\u0144com. Na spotkaniu poruszyli\u015bmy r\u00f3wnie\u017c temat niszczej\u0105cych zabytk\u00f3w w&nbsp;naszym powiecie, kt\u00f3rych niestety wci\u0105\u017c nie brakuje. Tutaj&nbsp;szans\u0105 dla w\u0142a\u015bcicieli zabytkowych nieruchomo\u015bci jest gminna dotacja na ich remont, do kt\u00f3rej przyznawania w&nbsp;zesz\u0142ym roku uda\u0142o nam si\u0119&nbsp;przekona\u0107 Rad\u0119 Miejsk\u0105. Na koniec om\u00f3wili\u015bmy jeszcze spraw\u0119 chaosu reklamowego w&nbsp;naszej przestrzeni. Bardzo cieszy nas wsp\u00f3\u0142praca z&nbsp;konserwatorem zabytk\u00f3w, zwyczajnie fajnie by\u0142oby, gdyby inne instytucje bra\u0142y z&nbsp;niego przyk\u0142ad. Na otwarto\u015bci urz\u0119d\u00f3w zyskuj\u0105 wszyscy &#8211; i&nbsp;mieszka\u0144cy, i&nbsp;urz\u0119dnicy.<\/p>\n<p><em>Pierwotnie felieton zosta\u0142 opublikowany w&nbsp;tygodniku &#8222;Wiadomo\u015bci Wrzesi\u0144skie&#8221; oraz na portalu <a href=\"http:\/\/www.wrzesnia.info.pl\" target=\"_blank\" rel=\"noopener\">www.wrzesnia.info.pl<\/a>&nbsp;<\/em><\/p>\n<p>&nbsp;<\/p>\n","protected":false},"excerpt":{"rendered":"<p>&nbsp;Kornel Tomczak&#8211; skarbnik Stowarzyszenia Projekt Wrze\u015bnia W zesz\u0142ym tygodniu spotkali\u015bmy si\u0119 z&nbsp;Wielkopolskim Wojew\u00f3dzkim Konserwatorem Zabytk\u00f3w w&nbsp;Poznaniu. Rozmawiali\u015bmy na tematy zwi\u0105zane z&nbsp;naszymi dzia\u0142aniami jako spo\u0142ecznym opiekunem zabytk\u00f3w. Przede wszystkim interesowa\u0142a nas sprawa zagro\u017conej zawaleniem altany w&nbsp;LOK-u przy ulicy S\u0142owackiego. Us\u0142yszeli\u015bmy, \u017ce burmistrzowi Wrze\u015bni wydano dok\u0142adne wytyczne w&nbsp;sprawie niezb\u0119dnych prac renowacyjnych, kt\u00f3re&nbsp;ma&nbsp;przeprowadzi\u0107 w&nbsp;tym roku. To dobra wiadomo\u015b\u0107, [&hellip;]<\/p>\n","protected":false},"author":1,"featured_media":10853,"comment_status":"open","ping_status":"open","sticky":false,"template":"","format":"standard","meta":{"_acf_changed":false,"footnotes":""},"categories":[41],"tags":[],"class_list":["post-258","post","type-post","status-publish","format-standard","has-post-thumbnail","hentry","category-41"],"acf":[],"_links":{"self":[{"href":"https:\/\/www.projektwrzesnia.pl\/wordpress\/wp-json\/wp\/v2\/posts\/258","targetHints":{"allow":["GET"]}}],"collection":[{"href":"https:\/\/www.projektwrzesnia.pl\/wordpress\/wp-json\/wp\/v2\/posts"}],"about":[{"href":"https:\/\/www.projektwrzesnia.pl\/wordpress\/wp-json\/wp\/v2\/types\/post"}],"author":[{"embeddable":true,"href":"https:\/\/www.projektwrzesnia.pl\/wordpress\/wp-json\/wp\/v2\/users\/1"}],"replies":[{"embeddable":true,"href":"https:\/\/www.projektwrzesnia.pl\/wordpress\/wp-json\/wp\/v2\/comments?post=258"}],"version-history":[{"count":0,"href":"https:\/\/www.projektwrzesnia.pl\/wordpress\/wp-json\/wp\/v2\/posts\/258\/revisions"}],"wp:featuredmedia":[{"embeddable":true,"href":"https:\/\/www.projektwrzesnia.pl\/wordpress\/wp-json\/wp\/v2\/media\/10853"}],"wp:attachment":[{"href":"https:\/\/www.projektwrzesnia.pl\/wordpress\/wp-json\/wp\/v2\/media?parent=258"}],"wp:term":[{"taxonomy":"category","embeddable":true,"href":"https:\/\/www.projektwrzesnia.pl\/wordpress\/wp-json\/wp\/v2\/categories?post=258"},{"taxonomy":"post_tag","embeddable":true,"href":"https:\/\/www.projektwrzesnia.pl\/wordpress\/wp-json\/wp\/v2\/tags?post=258"}],"curies":[{"name":"wp","href":"https:\/\/api.w.org\/{rel}","templated":true}]}}