{"id":259,"date":"2018-03-04T20:00:00","date_gmt":"2018-03-04T20:00:00","guid":{"rendered":"http:\/\/www.projektwrzesnia.pl\/wordpress\/259\/"},"modified":"2018-03-04T20:00:00","modified_gmt":"2018-03-04T20:00:00","slug":"obywatelska-inicjatywa-uchwalodawcza","status":"publish","type":"post","link":"https:\/\/www.projektwrzesnia.pl\/wordpress\/259\/","title":{"rendered":"Obywatelska inicjatywa uchwa\u0142odawcza"},"content":{"rendered":"<p>We wrze\u015bniu 2015 roku zebrali\u015bmy 601 podpis\u00f3w pod petycj\u0105 skierowan\u0105 do rady miejskiej we Wrze\u015bni oraz burmistrza Wrze\u015bni o&nbsp;wprowadzenie obywatelskiej inicjatywy uchwa\u0142odawczej dla grupy 100 mieszka\u0144c\u00f3w. Radni najpierw przystali na nasz pomys\u0142, by kilka miesi\u0119cy p\u00f3\u017aniej zmieni\u0107 liczb\u0119 mieszka\u0144c\u00f3w potrzebnych do&nbsp;zg\u0142oszenia uchwa\u0142y na 500 os\u00f3b, a&nbsp;nast\u0119pnie odrzucili projekt w&nbsp;ca\u0142o\u015bci. Tym samym do dnia dzisiejszego mieszka\u0144cy gminy Wrze\u015bnia nie maj\u0105 mo\u017cliwo\u015bci sk\u0142adania uchwa\u0142 w&nbsp;wa\u017cnych dla nich sprawach.<\/p>\n<p>Na szcz\u0119\u015bcie niebawem si\u0119 to zmieni. W&nbsp;styczniu wesz\u0142a w&nbsp;\u017cycie ustawa o&nbsp;zmianie niekt\u00f3rych ustaw w&nbsp;celu zwi\u0119kszenia udzia\u0142u obywateli w&nbsp;procesie wybierania, funkcjonowania i&nbsp;kontrolowania niekt\u00f3rych organ\u00f3w publicznych. Zgodnie z&nbsp;jej zapisami obywatelska inicjatywa uchwa\u0142odawcza stanie si\u0119 obowi\u0105zkowa na ka\u017cdym szczeblu samorz\u0105du lokalnego. I&nbsp;tak w&nbsp;przypadku gminy Wrze\u015bnia i&nbsp;powiatu wrzesi\u0144skiego do z\u0142o\u017cenia projektu uchwa\u0142y wystarczy 300 os\u00f3b, a&nbsp;w&nbsp;pozosta\u0142ych gminach (Mi\u0142os\u0142aw, Nekla, Ko\u0142aczkowo i&nbsp;Pyzdry) wymagane b\u0119dzie minimum 200 os\u00f3b.<\/p>\n<p>Mamy nadziej\u0119, \u017ce mieszka\u0144cy zechc\u0105 korzysta\u0107 z&nbsp;przyznanej im inicjatywy uchwa\u0142odawczej mo\u017cliwie cz\u0119sto. Ze swojej strony deklarujemy, \u017ce je\u015bli pojawi\u0105 si\u0119 sprawy, w&nbsp;kt\u00f3rych b\u0119dzie trzeba pom\u00f3c mieszka\u0144com i&nbsp;za\u0142atwi\u0107 jakie\u015b kwestie, to przygotujemy uchwa\u0142\u0119 i&nbsp;zbierzemy podpisy.&nbsp;<\/p>\n<p>&nbsp;<\/p>\n<p><a href=\"http:\/\/www.projektwrzesnia.pl\/asp\/pl_start.asp?typ=13&amp;menu=13&amp;schemat=&amp;dzialy=13&amp;akcja=artykul&amp;artykul=260\" target=\"_blank\" rel=\"noopener\"><span class=\"pytanie_do_wiecej\">Wcze\u015bniej pisali\u015bmy<\/span><\/a><\/p>\n","protected":false},"excerpt":{"rendered":"<p>We wrze\u015bniu 2015 roku zebrali\u015bmy 601 podpis\u00f3w pod petycj\u0105 skierowan\u0105 do rady miejskiej we Wrze\u015bni oraz burmistrza Wrze\u015bni o&nbsp;wprowadzenie obywatelskiej inicjatywy uchwa\u0142odawczej dla grupy 100 mieszka\u0144c\u00f3w. Radni najpierw przystali na nasz pomys\u0142, by kilka miesi\u0119cy p\u00f3\u017aniej zmieni\u0107 liczb\u0119 mieszka\u0144c\u00f3w potrzebnych do&nbsp;zg\u0142oszenia uchwa\u0142y na 500 os\u00f3b, a&nbsp;nast\u0119pnie odrzucili projekt w&nbsp;ca\u0142o\u015bci. Tym samym do dnia dzisiejszego mieszka\u0144cy [&hellip;]<\/p>\n","protected":false},"author":1,"featured_media":10259,"comment_status":"open","ping_status":"open","sticky":false,"template":"","format":"standard","meta":{"_acf_changed":false,"footnotes":""},"categories":[1],"tags":[],"class_list":["post-259","post","type-post","status-publish","format-standard","has-post-thumbnail","hentry","category-uncategorized"],"acf":[],"_links":{"self":[{"href":"https:\/\/www.projektwrzesnia.pl\/wordpress\/wp-json\/wp\/v2\/posts\/259","targetHints":{"allow":["GET"]}}],"collection":[{"href":"https:\/\/www.projektwrzesnia.pl\/wordpress\/wp-json\/wp\/v2\/posts"}],"about":[{"href":"https:\/\/www.projektwrzesnia.pl\/wordpress\/wp-json\/wp\/v2\/types\/post"}],"author":[{"embeddable":true,"href":"https:\/\/www.projektwrzesnia.pl\/wordpress\/wp-json\/wp\/v2\/users\/1"}],"replies":[{"embeddable":true,"href":"https:\/\/www.projektwrzesnia.pl\/wordpress\/wp-json\/wp\/v2\/comments?post=259"}],"version-history":[{"count":0,"href":"https:\/\/www.projektwrzesnia.pl\/wordpress\/wp-json\/wp\/v2\/posts\/259\/revisions"}],"wp:featuredmedia":[{"embeddable":true,"href":"https:\/\/www.projektwrzesnia.pl\/wordpress\/wp-json\/wp\/v2\/media\/10259"}],"wp:attachment":[{"href":"https:\/\/www.projektwrzesnia.pl\/wordpress\/wp-json\/wp\/v2\/media?parent=259"}],"wp:term":[{"taxonomy":"category","embeddable":true,"href":"https:\/\/www.projektwrzesnia.pl\/wordpress\/wp-json\/wp\/v2\/categories?post=259"},{"taxonomy":"post_tag","embeddable":true,"href":"https:\/\/www.projektwrzesnia.pl\/wordpress\/wp-json\/wp\/v2\/tags?post=259"}],"curies":[{"name":"wp","href":"https:\/\/api.w.org\/{rel}","templated":true}]}}