{"id":261,"date":"2018-03-06T20:00:00","date_gmt":"2018-03-06T20:00:00","guid":{"rendered":"http:\/\/www.projektwrzesnia.pl\/wordpress\/261\/"},"modified":"2018-03-06T20:00:00","modified_gmt":"2018-03-06T20:00:00","slug":"sprawa-parku-w-stanislawowie-czeka-na-decyzje","status":"publish","type":"post","link":"https:\/\/www.projektwrzesnia.pl\/wordpress\/261\/","title":{"rendered":"Sprawa parku w\u00a0Stanis\u0142awowie czeka na decyzje"},"content":{"rendered":"<p>Ponad dwa lata temu dosz\u0142o do nielegalnej wycinki drzew w&nbsp;zabytkowym parku w&nbsp;Stanis\u0142awowie. Z\u0142o\u017cyli\u015bmy w\u00f3wczas w&nbsp;tej sprawie zawiadomienie. W&nbsp;efekcie burmistrz Wrze\u015bni na\u0142o\u017cy\u0142 na w\u0142a\u015bciciela &#8211; Gospodarstwo Rolno-Hodowlane G\u0105siorek Sp\u00f3jka Jawna kar\u0119 w&nbsp;wysoko\u015bci 1.016.152,07 z\u0142otych. Ukarana z\u0142o\u017cy\u0142a odwo\u0142anie do Samorz\u0105dowego Kolegium Odwo\u0142awczego, kt\u00f3re decyzj\u0105 z&nbsp;wrze\u015bnia 2017 roku przekaza\u0142o spraw\u0119 do ponownego rozpatrzenia przez burmistrza Wrze\u015bni. Nadal czekamy w&nbsp;tej sprawie na decyzj\u0119 burmistrza.<\/p>\n<p>Na pocz\u0105tku 2016 roku wnie\u015bli\u015bmy r\u00f3wnie\u017c wniosek do Wielkopolskiego Wojew\u00f3dzkiego Konserwatora Zabytk\u00f3w o&nbsp;wpisanie obiektu do rejestru zabytk\u00f3w i&nbsp;takie post\u0119powanie zosta\u0142o niezw\u0142ocznie rozpocz\u0119te. W&nbsp;mi\u0119dzyczasie pojawi\u0142 si\u0119 problem zwi\u0105zany z&nbsp;tym, czy drzewa rosn\u0105ce przy drodze powiatowej do&nbsp;Witkowa znajduj\u0105 si\u0119 w&nbsp;pasie drogowym, czy te\u017c znajduj\u0105 si\u0119 na terenie dzia\u0142ki nale\u017c\u0105cej do parku. Konserwator zwr\u00f3ci\u0142 si\u0119 o&nbsp;pomoc w&nbsp;tej sprawie do starosty wrzesi\u0144skiego, kt\u00f3ry nie by\u0142 w&nbsp;stanie udzieli\u0107 definitywnej odpowiedzi. W&nbsp;zwi\u0105zku z&nbsp;tym konserwator powo\u0142a\u0142 w\u0142asnego geodet\u0119. Na szcz\u0119\u015bcie w&nbsp;ci\u0105gu najbli\u017cszych tygodni powinni\u015bmy pozna\u0107 decyzj\u0119 konserwatora w&nbsp;sprawie wpisanie parku w&nbsp;Stanis\u0142awowie do rejestru zabytk\u00f3w.&nbsp;<\/p>\n<p><a href=\"http:\/\/www.projektwrzesnia.pl\/asp\/pl_start.asp?typ=13&amp;menu=13&amp;schemat=&amp;dzialy=13&amp;akcja=artykul&amp;artykul=215&amp;prywatnosc=tak\" target=\"_blank\" rel=\"noopener\"><span class=\"pytanie_do_wiecej\">Wcze\u015bniej pisali\u015bmy<\/span><\/a><\/p>\n<figure class=\"is-layout-flex wp-block-gallery-1 wp-block-gallery has-nested-images columns-default is-cropped\">\n<figure class=\"wp-block-image\"><img loading=\"lazy\" decoding=\"async\" width=\"1024\" height=\"768\" src=\"https:\/\/www.projektwrzesnia.pl\/wordpress\/wp-content\/uploads\/2023\/03\/20160331_park_w_stanislawowie__1_.jpg\" alt=\"\" class=\"wp-image-102610\" srcset=\"https:\/\/www.projektwrzesnia.pl\/wordpress\/wp-content\/uploads\/2023\/03\/20160331_park_w_stanislawowie__1_.jpg 1024w, https:\/\/www.projektwrzesnia.pl\/wordpress\/wp-content\/uploads\/2023\/03\/20160331_park_w_stanislawowie__1_-300x225.jpg 300w, https:\/\/www.projektwrzesnia.pl\/wordpress\/wp-content\/uploads\/2023\/03\/20160331_park_w_stanislawowie__1_-768x576.jpg 768w\" sizes=\"auto, (max-width: 1024px) 100vw, 1024px\" \/><\/figure>\n<figure class=\"wp-block-image\"><img loading=\"lazy\" decoding=\"async\" width=\"1024\" height=\"680\" src=\"https:\/\/www.projektwrzesnia.pl\/wordpress\/wp-content\/uploads\/2023\/03\/20160331_park_w_stanislawowie__2_.jpg\" alt=\"\" class=\"wp-image-102611\" srcset=\"https:\/\/www.projektwrzesnia.pl\/wordpress\/wp-content\/uploads\/2023\/03\/20160331_park_w_stanislawowie__2_.jpg 1024w, https:\/\/www.projektwrzesnia.pl\/wordpress\/wp-content\/uploads\/2023\/03\/20160331_park_w_stanislawowie__2_-300x199.jpg 300w, https:\/\/www.projektwrzesnia.pl\/wordpress\/wp-content\/uploads\/2023\/03\/20160331_park_w_stanislawowie__2_-768x510.jpg 768w\" sizes=\"auto, (max-width: 1024px) 100vw, 1024px\" \/><\/figure>\n<figure class=\"wp-block-image\"><img loading=\"lazy\" decoding=\"async\" width=\"1024\" height=\"680\" src=\"https:\/\/www.projektwrzesnia.pl\/wordpress\/wp-content\/uploads\/2023\/03\/20160331_park_w_stanislawowie__3_.jpg\" alt=\"\" class=\"wp-image-102612\" srcset=\"https:\/\/www.projektwrzesnia.pl\/wordpress\/wp-content\/uploads\/2023\/03\/20160331_park_w_stanislawowie__3_.jpg 1024w, https:\/\/www.projektwrzesnia.pl\/wordpress\/wp-content\/uploads\/2023\/03\/20160331_park_w_stanislawowie__3_-300x199.jpg 300w, https:\/\/www.projektwrzesnia.pl\/wordpress\/wp-content\/uploads\/2023\/03\/20160331_park_w_stanislawowie__3_-768x510.jpg 768w\" sizes=\"auto, (max-width: 1024px) 100vw, 1024px\" \/><\/figure>\n<figure class=\"wp-block-image\"><img loading=\"lazy\" decoding=\"async\" width=\"1024\" height=\"680\" src=\"https:\/\/www.projektwrzesnia.pl\/wordpress\/wp-content\/uploads\/2023\/03\/20160331_park_w_stanislawowie__4_.jpg\" alt=\"\" class=\"wp-image-102613\" srcset=\"https:\/\/www.projektwrzesnia.pl\/wordpress\/wp-content\/uploads\/2023\/03\/20160331_park_w_stanislawowie__4_.jpg 1024w, https:\/\/www.projektwrzesnia.pl\/wordpress\/wp-content\/uploads\/2023\/03\/20160331_park_w_stanislawowie__4_-300x199.jpg 300w, https:\/\/www.projektwrzesnia.pl\/wordpress\/wp-content\/uploads\/2023\/03\/20160331_park_w_stanislawowie__4_-768x510.jpg 768w\" sizes=\"auto, (max-width: 1024px) 100vw, 1024px\" \/><\/figure>\n<figure class=\"wp-block-image\"><img loading=\"lazy\" decoding=\"async\" width=\"1024\" height=\"680\" src=\"https:\/\/www.projektwrzesnia.pl\/wordpress\/wp-content\/uploads\/2023\/03\/20160331_park_w_stanislawowie__5_.jpg\" alt=\"\" class=\"wp-image-102614\" srcset=\"https:\/\/www.projektwrzesnia.pl\/wordpress\/wp-content\/uploads\/2023\/03\/20160331_park_w_stanislawowie__5_.jpg 1024w, https:\/\/www.projektwrzesnia.pl\/wordpress\/wp-content\/uploads\/2023\/03\/20160331_park_w_stanislawowie__5_-300x199.jpg 300w, https:\/\/www.projektwrzesnia.pl\/wordpress\/wp-content\/uploads\/2023\/03\/20160331_park_w_stanislawowie__5_-768x510.jpg 768w\" sizes=\"auto, (max-width: 1024px) 100vw, 1024px\" \/><\/figure>\n<figure class=\"wp-block-image\"><img loading=\"lazy\" decoding=\"async\" width=\"1024\" height=\"680\" src=\"https:\/\/www.projektwrzesnia.pl\/wordpress\/wp-content\/uploads\/2023\/03\/20160331_park_w_stanislawowie__6_.jpg\" alt=\"\" class=\"wp-image-102615\" srcset=\"https:\/\/www.projektwrzesnia.pl\/wordpress\/wp-content\/uploads\/2023\/03\/20160331_park_w_stanislawowie__6_.jpg 1024w, https:\/\/www.projektwrzesnia.pl\/wordpress\/wp-content\/uploads\/2023\/03\/20160331_park_w_stanislawowie__6_-300x199.jpg 300w, https:\/\/www.projektwrzesnia.pl\/wordpress\/wp-content\/uploads\/2023\/03\/20160331_park_w_stanislawowie__6_-768x510.jpg 768w\" sizes=\"auto, (max-width: 1024px) 100vw, 1024px\" \/><\/figure>\n<figure class=\"wp-block-image\"><img loading=\"lazy\" decoding=\"async\" width=\"1024\" height=\"680\" src=\"https:\/\/www.projektwrzesnia.pl\/wordpress\/wp-content\/uploads\/2023\/03\/20160331_park_w_stanislawowie__8_.jpg\" alt=\"\" class=\"wp-image-102616\" srcset=\"https:\/\/www.projektwrzesnia.pl\/wordpress\/wp-content\/uploads\/2023\/03\/20160331_park_w_stanislawowie__8_.jpg 1024w, https:\/\/www.projektwrzesnia.pl\/wordpress\/wp-content\/uploads\/2023\/03\/20160331_park_w_stanislawowie__8_-300x199.jpg 300w, https:\/\/www.projektwrzesnia.pl\/wordpress\/wp-content\/uploads\/2023\/03\/20160331_park_w_stanislawowie__8_-768x510.jpg 768w\" sizes=\"auto, (max-width: 1024px) 100vw, 1024px\" \/><\/figure>\n<\/figure>\n","protected":false},"excerpt":{"rendered":"<p>Ponad dwa lata temu dosz\u0142o do nielegalnej wycinki drzew w&nbsp;zabytkowym parku w&nbsp;Stanis\u0142awowie. Z\u0142o\u017cyli\u015bmy w\u00f3wczas w&nbsp;tej sprawie zawiadomienie. W&nbsp;efekcie burmistrz Wrze\u015bni na\u0142o\u017cy\u0142 na w\u0142a\u015bciciela &#8211; Gospodarstwo Rolno-Hodowlane G\u0105siorek Sp\u00f3jka Jawna kar\u0119 w&nbsp;wysoko\u015bci 1.016.152,07 z\u0142otych. Ukarana z\u0142o\u017cy\u0142a odwo\u0142anie do Samorz\u0105dowego Kolegium Odwo\u0142awczego, kt\u00f3re decyzj\u0105 z&nbsp;wrze\u015bnia 2017 roku przekaza\u0142o spraw\u0119 do ponownego rozpatrzenia przez burmistrza Wrze\u015bni. Nadal czekamy [&hellip;]<\/p>\n","protected":false},"author":1,"featured_media":10261,"comment_status":"open","ping_status":"open","sticky":false,"template":"","format":"standard","meta":{"_acf_changed":false,"footnotes":""},"categories":[1],"tags":[],"class_list":["post-261","post","type-post","status-publish","format-standard","has-post-thumbnail","hentry","category-uncategorized"],"acf":[],"_links":{"self":[{"href":"https:\/\/www.projektwrzesnia.pl\/wordpress\/wp-json\/wp\/v2\/posts\/261","targetHints":{"allow":["GET"]}}],"collection":[{"href":"https:\/\/www.projektwrzesnia.pl\/wordpress\/wp-json\/wp\/v2\/posts"}],"about":[{"href":"https:\/\/www.projektwrzesnia.pl\/wordpress\/wp-json\/wp\/v2\/types\/post"}],"author":[{"embeddable":true,"href":"https:\/\/www.projektwrzesnia.pl\/wordpress\/wp-json\/wp\/v2\/users\/1"}],"replies":[{"embeddable":true,"href":"https:\/\/www.projektwrzesnia.pl\/wordpress\/wp-json\/wp\/v2\/comments?post=261"}],"version-history":[{"count":0,"href":"https:\/\/www.projektwrzesnia.pl\/wordpress\/wp-json\/wp\/v2\/posts\/261\/revisions"}],"wp:featuredmedia":[{"embeddable":true,"href":"https:\/\/www.projektwrzesnia.pl\/wordpress\/wp-json\/wp\/v2\/media\/10261"}],"wp:attachment":[{"href":"https:\/\/www.projektwrzesnia.pl\/wordpress\/wp-json\/wp\/v2\/media?parent=261"}],"wp:term":[{"taxonomy":"category","embeddable":true,"href":"https:\/\/www.projektwrzesnia.pl\/wordpress\/wp-json\/wp\/v2\/categories?post=261"},{"taxonomy":"post_tag","embeddable":true,"href":"https:\/\/www.projektwrzesnia.pl\/wordpress\/wp-json\/wp\/v2\/tags?post=261"}],"curies":[{"name":"wp","href":"https:\/\/api.w.org\/{rel}","templated":true}]}}