{"id":262,"date":"2018-03-07T20:00:00","date_gmt":"2018-03-07T20:00:00","guid":{"rendered":"http:\/\/www.projektwrzesnia.pl\/wordpress\/262\/"},"modified":"2018-03-07T20:00:00","modified_gmt":"2018-03-07T20:00:00","slug":"potrzeby-solectwa-sobiesiernie","status":"publish","type":"post","link":"https:\/\/www.projektwrzesnia.pl\/wordpress\/262\/","title":{"rendered":"Potrzeby so\u0142ectwa Sobiesiernie"},"content":{"rendered":"<p>Dnia 12 lutego 2018 roku w&nbsp;czasie zebrania wiejskiego w&nbsp;Sobiesierni obecni tam mieszka\u0144cy wraz z&nbsp;so\u0142tysem zwr\u00f3cili si\u0119 do przedstawicieli naszego stowarzyszenia z&nbsp;pro\u015bb\u0105 o&nbsp;wystosowanie wniosku o&nbsp;wymian\u0119 krzese\u0142 na sali wiejskiej, wymian\u0119 drzwi wewn\u0119trznych oraz remont pod\u0142ogi. Ju\u017c nast\u0119pnego dnia przygotowali\u015bmy w&nbsp;tej sprawie pismo i&nbsp;z\u0142o\u017cyli\u015bmy we wrzesi\u0144skim ratuszu.<\/p>\n<p>W naszym wniosku wskazali\u015bmy, \u017ce krzes\u0142a znajduj\u0105ce si\u0119 na sali maj\u0105 ju\u017c przynajmniej kilkana\u015bcie lat i&nbsp;nie s\u0105 w&nbsp;najlepszym stanie technicznym. Podobnie wygl\u0105da sprawa drzwi wewn\u0119trznych. Remontu i&nbsp;wymiany wymaga r\u00f3wnie\u017c parkiet na pod\u0142odze w&nbsp;budynku sali wiejskiej w&nbsp;Sobiesierni &#8211; w&nbsp;zwi\u0105zku z&nbsp;wyst\u0119puj\u0105cymi wieloma zdeformowaniami drewnianych klepek.<\/p>\n<p>Sala wiejska w&nbsp;Sobiesierni pe\u0142ni rol\u0119 integracyjn\u0105 dla mieszka\u0144c\u00f3w Sobiesierni i&nbsp;Ostrowa Szlacheckiego, kt\u00f3rzy wraz z&nbsp;so\u0142tysem wykazuj\u0105 si\u0119 du\u017c\u0105 trosk\u0105 o&nbsp;budynek i&nbsp;okoliczny teren, st\u0105d mamy nadziej\u0119, \u017ce nasz wniosek zostanie uwzgl\u0119dniony.&nbsp;<\/p>\n","protected":false},"excerpt":{"rendered":"<p>Dnia 12 lutego 2018 roku w&nbsp;czasie zebrania wiejskiego w&nbsp;Sobiesierni obecni tam mieszka\u0144cy wraz z&nbsp;so\u0142tysem zwr\u00f3cili si\u0119 do przedstawicieli naszego stowarzyszenia z&nbsp;pro\u015bb\u0105 o&nbsp;wystosowanie wniosku o&nbsp;wymian\u0119 krzese\u0142 na sali wiejskiej, wymian\u0119 drzwi wewn\u0119trznych oraz remont pod\u0142ogi. Ju\u017c nast\u0119pnego dnia przygotowali\u015bmy w&nbsp;tej sprawie pismo i&nbsp;z\u0142o\u017cyli\u015bmy we wrzesi\u0144skim ratuszu. W naszym wniosku wskazali\u015bmy, \u017ce krzes\u0142a znajduj\u0105ce si\u0119 na sali [&hellip;]<\/p>\n","protected":false},"author":1,"featured_media":10262,"comment_status":"open","ping_status":"open","sticky":false,"template":"","format":"standard","meta":{"_acf_changed":false,"footnotes":""},"categories":[1],"tags":[],"class_list":["post-262","post","type-post","status-publish","format-standard","has-post-thumbnail","hentry","category-uncategorized"],"acf":[],"_links":{"self":[{"href":"https:\/\/www.projektwrzesnia.pl\/wordpress\/wp-json\/wp\/v2\/posts\/262","targetHints":{"allow":["GET"]}}],"collection":[{"href":"https:\/\/www.projektwrzesnia.pl\/wordpress\/wp-json\/wp\/v2\/posts"}],"about":[{"href":"https:\/\/www.projektwrzesnia.pl\/wordpress\/wp-json\/wp\/v2\/types\/post"}],"author":[{"embeddable":true,"href":"https:\/\/www.projektwrzesnia.pl\/wordpress\/wp-json\/wp\/v2\/users\/1"}],"replies":[{"embeddable":true,"href":"https:\/\/www.projektwrzesnia.pl\/wordpress\/wp-json\/wp\/v2\/comments?post=262"}],"version-history":[{"count":0,"href":"https:\/\/www.projektwrzesnia.pl\/wordpress\/wp-json\/wp\/v2\/posts\/262\/revisions"}],"wp:featuredmedia":[{"embeddable":true,"href":"https:\/\/www.projektwrzesnia.pl\/wordpress\/wp-json\/wp\/v2\/media\/10262"}],"wp:attachment":[{"href":"https:\/\/www.projektwrzesnia.pl\/wordpress\/wp-json\/wp\/v2\/media?parent=262"}],"wp:term":[{"taxonomy":"category","embeddable":true,"href":"https:\/\/www.projektwrzesnia.pl\/wordpress\/wp-json\/wp\/v2\/categories?post=262"},{"taxonomy":"post_tag","embeddable":true,"href":"https:\/\/www.projektwrzesnia.pl\/wordpress\/wp-json\/wp\/v2\/tags?post=262"}],"curies":[{"name":"wp","href":"https:\/\/api.w.org\/{rel}","templated":true}]}}