{"id":263,"date":"2018-03-08T20:00:00","date_gmt":"2018-03-08T20:00:00","guid":{"rendered":"http:\/\/www.projektwrzesnia.pl\/wordpress\/blog\/2018\/03\/08\/wrzesinski-smog\/"},"modified":"2018-03-08T20:00:00","modified_gmt":"2018-03-08T20:00:00","slug":"wrzesinski-smog","status":"publish","type":"post","link":"https:\/\/www.projektwrzesnia.pl\/wordpress\/263\/","title":{"rendered":"Wrzesi\u0144ski smog"},"content":{"rendered":"<p> <em>Filip Tomczak<\/em><em>&#8211; cz\u0142onek Stowarzyszenia Projekt Wrze\u015bnia<\/em><\/p>\n<p><span>&#8222;W ostatnich dniach w&nbsp;Polsce w&nbsp;wielu miastach og\u0142oszono alarm smogowy. Najgorzej by\u0142o m.in. w&nbsp;\u0141odzi, Bielsko-Bia\u0142ej, D\u0105browie G\u00f3rniczej i&nbsp;Wrze\u015bni.&#8221; Te s\u0142owa pad\u0142y w&nbsp;og\u00f3lnopolskim portalu Business Insider.<span>&nbsp; <\/span>Ju\u017c samo wymienienie Wrze\u015bni w&nbsp;tym kontek\u015bcie obok du\u017cych miast przemys\u0142owych powinno nas zaniepokoi\u0107. <\/span><span>Gdyby nie zamontowane niedawno czujniki powietrza, nie wiedzieliby\u015bmy, \u017ce jest a\u017c&nbsp;tak \u017ale. Wedle ich wskaza\u0144 prawie codziennie powietrze we Wrze\u015bni jest dla nas truj\u0105ce i&nbsp;wy\u015bwietlaj\u0105 one komunikat, by ograniczy\u0107 czas przebywania na dworze. <\/span><span>Cho\u0107 na temat smogu powiedziano wiele, niestety popularno\u015b\u0107 tematu nie przek\u0142ada si\u0119 na dzia\u0142ania. Pytanie wi\u0119c co mo\u017cna zrobi\u0107, by polepszy\u0107 powietrze, kt\u00f3rym oddychamy? Mo\u017ce gmina powinna skuteczniej kontrolowa\u0107 jako\u015b\u0107 piec\u00f3w, przez kt\u00f3re wytwarza si\u0119 nawet 90% zanieczyszcze\u0144, wprowadzi\u0107 program ich wymiany, a&nbsp;mo\u017ce nawet go dofinansowa\u0107? <\/span><span>Przecie\u017c pieni\u0119dzy w&nbsp;naszej gminie nie brakuje, a&nbsp;czy\u017c nie przyjemniej by\u0142oby ogl\u0105da\u0107 kolejk\u0119 za ponad p\u00f3\u0142 miliona z\u0142otych wiedz\u0105c, \u017ce nie zagra\u017ca nam zanieczyszczone powietrze?<\/span><\/p>\n<p><em>Pierwotnie felieton zosta\u0142 opublikowany w&nbsp;tygodniku &#8222;Wiadomo\u015bci Wrzesi\u0144skie&#8221; oraz na portalu <a href=\"http:\/\/www.wrzesnia.info.pl\" target=\"_blank\" rel=\"noopener\">www.wrzesnia.info.pl<\/a>&nbsp;<\/em><\/p>\n<p>&nbsp;<\/p>\n","protected":false},"excerpt":{"rendered":"<p>Filip Tomczak&#8211; cz\u0142onek Stowarzyszenia Projekt Wrze\u015bnia &#8222;W ostatnich dniach w&nbsp;Polsce w&nbsp;wielu miastach og\u0142oszono alarm smogowy. Najgorzej by\u0142o m.in. w&nbsp;\u0141odzi, Bielsko-Bia\u0142ej, D\u0105browie G\u00f3rniczej i&nbsp;Wrze\u015bni.&#8221; Te s\u0142owa pad\u0142y w&nbsp;og\u00f3lnopolskim portalu Business Insider.&nbsp; Ju\u017c samo wymienienie Wrze\u015bni w&nbsp;tym kontek\u015bcie obok du\u017cych miast przemys\u0142owych powinno nas zaniepokoi\u0107. Gdyby nie zamontowane niedawno czujniki powietrza, nie wiedzieliby\u015bmy, \u017ce jest a\u017c&nbsp;tak \u017ale. [&hellip;]<\/p>\n","protected":false},"author":1,"featured_media":10661,"comment_status":"open","ping_status":"open","sticky":false,"template":"","format":"standard","meta":{"_acf_changed":false,"footnotes":""},"categories":[41],"tags":[],"class_list":["post-263","post","type-post","status-publish","format-standard","has-post-thumbnail","hentry","category-41"],"acf":[],"_links":{"self":[{"href":"https:\/\/www.projektwrzesnia.pl\/wordpress\/wp-json\/wp\/v2\/posts\/263","targetHints":{"allow":["GET"]}}],"collection":[{"href":"https:\/\/www.projektwrzesnia.pl\/wordpress\/wp-json\/wp\/v2\/posts"}],"about":[{"href":"https:\/\/www.projektwrzesnia.pl\/wordpress\/wp-json\/wp\/v2\/types\/post"}],"author":[{"embeddable":true,"href":"https:\/\/www.projektwrzesnia.pl\/wordpress\/wp-json\/wp\/v2\/users\/1"}],"replies":[{"embeddable":true,"href":"https:\/\/www.projektwrzesnia.pl\/wordpress\/wp-json\/wp\/v2\/comments?post=263"}],"version-history":[{"count":0,"href":"https:\/\/www.projektwrzesnia.pl\/wordpress\/wp-json\/wp\/v2\/posts\/263\/revisions"}],"wp:featuredmedia":[{"embeddable":true,"href":"https:\/\/www.projektwrzesnia.pl\/wordpress\/wp-json\/wp\/v2\/media\/10661"}],"wp:attachment":[{"href":"https:\/\/www.projektwrzesnia.pl\/wordpress\/wp-json\/wp\/v2\/media?parent=263"}],"wp:term":[{"taxonomy":"category","embeddable":true,"href":"https:\/\/www.projektwrzesnia.pl\/wordpress\/wp-json\/wp\/v2\/categories?post=263"},{"taxonomy":"post_tag","embeddable":true,"href":"https:\/\/www.projektwrzesnia.pl\/wordpress\/wp-json\/wp\/v2\/tags?post=263"}],"curies":[{"name":"wp","href":"https:\/\/api.w.org\/{rel}","templated":true}]}}