{"id":265,"date":"2018-03-12T20:00:00","date_gmt":"2018-03-12T20:00:00","guid":{"rendered":"http:\/\/www.projektwrzesnia.pl\/wordpress\/265\/"},"modified":"2018-03-12T20:00:00","modified_gmt":"2018-03-12T20:00:00","slug":"trzy-lata-dzialan-dla-zabytkow","status":"publish","type":"post","link":"https:\/\/www.projektwrzesnia.pl\/wordpress\/265\/","title":{"rendered":"Trzy lata dzia\u0142a\u0144 dla zabytk\u00f3w"},"content":{"rendered":"<p>Cennych zabytk\u00f3w w&nbsp;naszej okolicy nie brakuje, ale nie ma co ukrywa\u0107, \u017ce cz\u0119sto s\u0105 w&nbsp;z\u0142ym stanie. Od 3 lat wykonujemy obowi\u0105zki spo\u0142ecznego opiekuna zabytk\u00f3w i&nbsp;przez ten czas staramy si\u0119 odwr\u00f3ci\u0107 ten stan rzeczy.<\/p>\n<p>Przede wszystkim przygl\u0105damy si\u0119 zwolnieniom podatkowym od zabytkowych nieruchomo\u015bci. Takie zwolnienia to wyj\u0105tek, kt\u00f3ry mo\u017cna zastosowa\u0107 w&nbsp;stosunku do obiekt\u00f3w utrzymanych w&nbsp;dobrym stanie. Kiedy dwa lata temu przyjrzeli\u015bmy si\u0119&nbsp;sprawie okaza\u0142o si\u0119, \u017ce burmistrzowie bardzo cz\u0119sto zwalniaj\u0105 od podatku nieruchomo\u015bci, kt\u00f3re znajduj\u0105 si\u0119 w&nbsp;z\u0142ym stanie technicznym. W&nbsp;zesz\u0142ym roku ponownie przyjrzeli\u015bmy si\u0119 tej kwestii i&nbsp;okaza\u0142o si\u0119, \u017ce sytuacja uleg\u0142a pewnej poprawie, wida\u0107 to zw\u0142aszcza w&nbsp;Mi\u0142os\u0142awiu i&nbsp;Strza\u0142kowie. Jednak niekt\u00f3rzy w\u0142odarze nadal zwalniaj\u0105 od podatku nieruchomo\u015bci, kt\u00f3re znajduj\u0105 si\u0119 w&nbsp;bardzo z\u0142ym stanie technicznym, gmina Wrze\u015bnia niestety nie jest tu wyj\u0105tkiem.<\/p>\n<p>Jakie inne pozytywne zmiany zaobserwowali\u015bmy? Od zesz\u0142ego roku Gmina Wrze\u015bnia udziela dotacji na prace konserwatorskie, restauratorskie i&nbsp;roboty budowlane przy zabytku wpisanym do rejestru zabytk\u00f3w. Sta\u0142o si\u0119 tak po naszej petycji, w&nbsp;kt\u00f3rej wyst\u0105pili\u015bmy o&nbsp;wsparcie w\u0142a\u015bcicieli zabytkowych obiekt\u00f3w. W&nbsp;wyniku dotacji do tej pory wyremontowano dach wie\u017cy ko\u015bcio\u0142a farnego we Wrze\u015bni, wn\u0119trze ko\u015bci\u00f3\u0142ka na Lip\u00f3wce oraz&nbsp;dofinansowano trwaj\u0105cy remont pa\u0142acu na Opieszynie.<\/p>\n<p>Wa\u017cn\u0105 kwesti\u0105 jest prawna ochrona zabytk\u00f3w. Cz\u0119sto wpisanie obiektu na rejestr zabytk\u00f3w mo\u017ce uchroni\u0107 go przed zniszczeniem. Cieszy nas, \u017ce&nbsp;uda\u0142o si\u0119 nam doprowadzi\u0107 do wpisania Ogrodu Bractwa Kurkowego na taki rejestr, dzi\u0119ki czemu jest on bezpieczny przed ewentualnymi planami budowy w&nbsp;jego miejscu marketu (tak\u0105 decyzj\u0119 wyda\u0142 burmistrz w&nbsp;2015 r.). W&nbsp;zesz\u0142ym roku z\u0142o\u017cyli\u015bmy r\u00f3wnie\u017c wniosek o&nbsp;wpisanie na rejestr zabytk\u00f3w parku w&nbsp;Stanis\u0142awowie. O&nbsp;decyzji konserwatora dowiemy si\u0119 ju\u017c za miesi\u0105c.&nbsp;<\/p>\n","protected":false},"excerpt":{"rendered":"<p>Cennych zabytk\u00f3w w&nbsp;naszej okolicy nie brakuje, ale nie ma co ukrywa\u0107, \u017ce cz\u0119sto s\u0105 w&nbsp;z\u0142ym stanie. Od 3 lat wykonujemy obowi\u0105zki spo\u0142ecznego opiekuna zabytk\u00f3w i&nbsp;przez ten czas staramy si\u0119 odwr\u00f3ci\u0107 ten stan rzeczy. Przede wszystkim przygl\u0105damy si\u0119 zwolnieniom podatkowym od zabytkowych nieruchomo\u015bci. Takie zwolnienia to wyj\u0105tek, kt\u00f3ry mo\u017cna zastosowa\u0107 w&nbsp;stosunku do obiekt\u00f3w utrzymanych w&nbsp;dobrym stanie. [&hellip;]<\/p>\n","protected":false},"author":1,"featured_media":10265,"comment_status":"open","ping_status":"open","sticky":false,"template":"","format":"standard","meta":{"_acf_changed":false,"footnotes":""},"categories":[27],"tags":[],"class_list":["post-265","post","type-post","status-publish","format-standard","has-post-thumbnail","hentry","category-27"],"acf":[],"_links":{"self":[{"href":"https:\/\/www.projektwrzesnia.pl\/wordpress\/wp-json\/wp\/v2\/posts\/265","targetHints":{"allow":["GET"]}}],"collection":[{"href":"https:\/\/www.projektwrzesnia.pl\/wordpress\/wp-json\/wp\/v2\/posts"}],"about":[{"href":"https:\/\/www.projektwrzesnia.pl\/wordpress\/wp-json\/wp\/v2\/types\/post"}],"author":[{"embeddable":true,"href":"https:\/\/www.projektwrzesnia.pl\/wordpress\/wp-json\/wp\/v2\/users\/1"}],"replies":[{"embeddable":true,"href":"https:\/\/www.projektwrzesnia.pl\/wordpress\/wp-json\/wp\/v2\/comments?post=265"}],"version-history":[{"count":0,"href":"https:\/\/www.projektwrzesnia.pl\/wordpress\/wp-json\/wp\/v2\/posts\/265\/revisions"}],"wp:featuredmedia":[{"embeddable":true,"href":"https:\/\/www.projektwrzesnia.pl\/wordpress\/wp-json\/wp\/v2\/media\/10265"}],"wp:attachment":[{"href":"https:\/\/www.projektwrzesnia.pl\/wordpress\/wp-json\/wp\/v2\/media?parent=265"}],"wp:term":[{"taxonomy":"category","embeddable":true,"href":"https:\/\/www.projektwrzesnia.pl\/wordpress\/wp-json\/wp\/v2\/categories?post=265"},{"taxonomy":"post_tag","embeddable":true,"href":"https:\/\/www.projektwrzesnia.pl\/wordpress\/wp-json\/wp\/v2\/tags?post=265"}],"curies":[{"name":"wp","href":"https:\/\/api.w.org\/{rel}","templated":true}]}}