{"id":273,"date":"2018-03-27T20:00:00","date_gmt":"2018-03-27T20:00:00","guid":{"rendered":"http:\/\/www.projektwrzesnia.pl\/wordpress\/273\/"},"modified":"2018-03-27T20:00:00","modified_gmt":"2018-03-27T20:00:00","slug":"skrzyzowanie-w-psarach-malych-do-zmiany","status":"publish","type":"post","link":"https:\/\/www.projektwrzesnia.pl\/wordpress\/273\/","title":{"rendered":"Skrzy\u017cowanie w\u00a0Psarach Ma\u0142ych do zmiany"},"content":{"rendered":"<p>Ka\u017cdego roku dochodzi do wielu wypadk\u00f3w (w tym \u015bmiertelnych) i&nbsp;kolizji na skrzy\u017cowaniu drogi krajowej numer 92 z&nbsp;ulic\u0105 Przylesie i&nbsp;Kr\u00f3tk\u0105 w&nbsp;miejscowo\u015bci Psary Ma\u0142e. Jest to jedno z&nbsp;bardziej niebezpiecznych skrzy\u017cowa\u0144 w&nbsp;gminie Wrze\u015bnia. Kilka tygodni temu zg\u0142osili\u015bmy ten temat do Generalnej Dyrekcji Dr\u00f3g Krajowych i&nbsp;Autostrad. W&nbsp;odpowiedzi wskazano, \u017ce w&nbsp;aktualnym &bdquo;Programie likwidacji miejsc niebezpiecznych&rdquo; uj\u0119te jest zadanie przebudowy ca\u0142ego skrzy\u017cowania z&nbsp;budow\u0105 dw\u00f3ch skoordynowanych sygnalizacji \u015bwietlnych.<\/p>\n<p>Co wi\u0119cej Generalna Dyrekcja Dr\u00f3g Krajowych i&nbsp;Autostrad zapewnia, \u017ce budowa dw\u00f3ch sygnalizator\u00f3w \u015bwietlnych jest r\u00f3wnie\u017c uj\u0119ta w&nbsp;programie dostosowywania dr\u00f3g krajowych do no\u015bno\u015bci 115kN\/o\u015b, co oznacza, \u017ce nawierzchnia arterii przebiegaj\u0105cej przez Psary Ma\u0142e powinna by\u0107 w&nbsp;ci\u0105gu najbli\u017cszych lat zmodernizowana. &nbsp;<\/p>\n","protected":false},"excerpt":{"rendered":"<p>Ka\u017cdego roku dochodzi do wielu wypadk\u00f3w (w tym \u015bmiertelnych) i&nbsp;kolizji na skrzy\u017cowaniu drogi krajowej numer 92 z&nbsp;ulic\u0105 Przylesie i&nbsp;Kr\u00f3tk\u0105 w&nbsp;miejscowo\u015bci Psary Ma\u0142e. Jest to jedno z&nbsp;bardziej niebezpiecznych skrzy\u017cowa\u0144 w&nbsp;gminie Wrze\u015bnia. Kilka tygodni temu zg\u0142osili\u015bmy ten temat do Generalnej Dyrekcji Dr\u00f3g Krajowych i&nbsp;Autostrad. W&nbsp;odpowiedzi wskazano, \u017ce w&nbsp;aktualnym &bdquo;Programie likwidacji miejsc niebezpiecznych&rdquo; uj\u0119te jest zadanie przebudowy ca\u0142ego [&hellip;]<\/p>\n","protected":false},"author":1,"featured_media":10273,"comment_status":"open","ping_status":"open","sticky":false,"template":"","format":"standard","meta":{"_acf_changed":false,"footnotes":""},"categories":[1],"tags":[],"class_list":["post-273","post","type-post","status-publish","format-standard","has-post-thumbnail","hentry","category-uncategorized"],"acf":[],"_links":{"self":[{"href":"https:\/\/www.projektwrzesnia.pl\/wordpress\/wp-json\/wp\/v2\/posts\/273","targetHints":{"allow":["GET"]}}],"collection":[{"href":"https:\/\/www.projektwrzesnia.pl\/wordpress\/wp-json\/wp\/v2\/posts"}],"about":[{"href":"https:\/\/www.projektwrzesnia.pl\/wordpress\/wp-json\/wp\/v2\/types\/post"}],"author":[{"embeddable":true,"href":"https:\/\/www.projektwrzesnia.pl\/wordpress\/wp-json\/wp\/v2\/users\/1"}],"replies":[{"embeddable":true,"href":"https:\/\/www.projektwrzesnia.pl\/wordpress\/wp-json\/wp\/v2\/comments?post=273"}],"version-history":[{"count":0,"href":"https:\/\/www.projektwrzesnia.pl\/wordpress\/wp-json\/wp\/v2\/posts\/273\/revisions"}],"wp:featuredmedia":[{"embeddable":true,"href":"https:\/\/www.projektwrzesnia.pl\/wordpress\/wp-json\/wp\/v2\/media\/10273"}],"wp:attachment":[{"href":"https:\/\/www.projektwrzesnia.pl\/wordpress\/wp-json\/wp\/v2\/media?parent=273"}],"wp:term":[{"taxonomy":"category","embeddable":true,"href":"https:\/\/www.projektwrzesnia.pl\/wordpress\/wp-json\/wp\/v2\/categories?post=273"},{"taxonomy":"post_tag","embeddable":true,"href":"https:\/\/www.projektwrzesnia.pl\/wordpress\/wp-json\/wp\/v2\/tags?post=273"}],"curies":[{"name":"wp","href":"https:\/\/api.w.org\/{rel}","templated":true}]}}