{"id":274,"date":"2018-03-28T20:00:00","date_gmt":"2018-03-28T20:00:00","guid":{"rendered":"http:\/\/www.projektwrzesnia.pl\/wordpress\/274\/"},"modified":"2018-03-28T20:00:00","modified_gmt":"2018-03-28T20:00:00","slug":"beda-inwestycje-na-sali-w-sobiesierni","status":"publish","type":"post","link":"https:\/\/www.projektwrzesnia.pl\/wordpress\/274\/","title":{"rendered":"B\u0119d\u0105 inwestycje na sali w\u00a0Sobiesierni"},"content":{"rendered":"<p>Przypomnijmy, \u017ce dnia 12 lutego 2018 roku w&nbsp;czasie zebrania wiejskiego w&nbsp;Sobiesierni obecni tam mieszka\u0144cy wraz z&nbsp;so\u0142tysem zwr\u00f3cili si\u0119 do przedstawicieli naszego stowarzyszenia z&nbsp;pro\u015bb\u0105 o&nbsp;wystosowanie wniosku o&nbsp;wymian\u0119 krzese\u0142 na sali wiejskiej, wymian\u0119 drzwi wewn\u0119trznych oraz remont pod\u0142ogi.<\/p>\n<p>Taki wniosek zosta\u0142 przez nasze stowarzyszenie z\u0142o\u017cony we wrzesi\u0144skim ratuszu. Kilka&nbsp;dni temu otrzymali\u015bmy odpowied\u017a, \u017ce gmina dokona zakupu nowych krzese\u0142 na&nbsp;sal\u0119 wiejsk\u0105. Natomiast wymiana drzwi wewn\u0119trznych oraz remont pod\u0142ogi b\u0119d\u0105 mo\u017cliwe wy\u0142\u0105cznie w&nbsp;przypadku uzyskania oszcz\u0119dno\u015bci finansowych z&nbsp;realizacji innych zada\u0144. Mamy nadziej\u0119, \u017ce tak si\u0119 stanie z&nbsp;po\u017cytkiem dla mieszka\u0144c\u00f3w Sobiesierni i&nbsp;Ostrowa Szlacheckiego. &nbsp;<\/p>\n<p>&nbsp;<\/p>\n<p>&nbsp;<\/p>\n<p><a href=\"http:\/\/www.projektwrzesnia.pl\/asp\/pl_start.asp?typ=13&amp;menu=13&amp;schemat=&amp;dzialy=13&amp;akcja=artykul&amp;artykul=262\" target=\"_blank\" rel=\"noopener\"><span class=\"pytanie_do_wiecej\">Wcze\u015bniej pisali\u015bmy<\/span><\/a><\/p>\n","protected":false},"excerpt":{"rendered":"<p>Przypomnijmy, \u017ce dnia 12 lutego 2018 roku w&nbsp;czasie zebrania wiejskiego w&nbsp;Sobiesierni obecni tam mieszka\u0144cy wraz z&nbsp;so\u0142tysem zwr\u00f3cili si\u0119 do przedstawicieli naszego stowarzyszenia z&nbsp;pro\u015bb\u0105 o&nbsp;wystosowanie wniosku o&nbsp;wymian\u0119 krzese\u0142 na sali wiejskiej, wymian\u0119 drzwi wewn\u0119trznych oraz remont pod\u0142ogi. Taki wniosek zosta\u0142 przez nasze stowarzyszenie z\u0142o\u017cony we wrzesi\u0144skim ratuszu. Kilka&nbsp;dni temu otrzymali\u015bmy odpowied\u017a, \u017ce gmina dokona zakupu nowych [&hellip;]<\/p>\n","protected":false},"author":1,"featured_media":10274,"comment_status":"open","ping_status":"open","sticky":false,"template":"","format":"standard","meta":{"_acf_changed":false,"footnotes":""},"categories":[1],"tags":[],"class_list":["post-274","post","type-post","status-publish","format-standard","has-post-thumbnail","hentry","category-uncategorized"],"acf":[],"_links":{"self":[{"href":"https:\/\/www.projektwrzesnia.pl\/wordpress\/wp-json\/wp\/v2\/posts\/274","targetHints":{"allow":["GET"]}}],"collection":[{"href":"https:\/\/www.projektwrzesnia.pl\/wordpress\/wp-json\/wp\/v2\/posts"}],"about":[{"href":"https:\/\/www.projektwrzesnia.pl\/wordpress\/wp-json\/wp\/v2\/types\/post"}],"author":[{"embeddable":true,"href":"https:\/\/www.projektwrzesnia.pl\/wordpress\/wp-json\/wp\/v2\/users\/1"}],"replies":[{"embeddable":true,"href":"https:\/\/www.projektwrzesnia.pl\/wordpress\/wp-json\/wp\/v2\/comments?post=274"}],"version-history":[{"count":0,"href":"https:\/\/www.projektwrzesnia.pl\/wordpress\/wp-json\/wp\/v2\/posts\/274\/revisions"}],"wp:featuredmedia":[{"embeddable":true,"href":"https:\/\/www.projektwrzesnia.pl\/wordpress\/wp-json\/wp\/v2\/media\/10274"}],"wp:attachment":[{"href":"https:\/\/www.projektwrzesnia.pl\/wordpress\/wp-json\/wp\/v2\/media?parent=274"}],"wp:term":[{"taxonomy":"category","embeddable":true,"href":"https:\/\/www.projektwrzesnia.pl\/wordpress\/wp-json\/wp\/v2\/categories?post=274"},{"taxonomy":"post_tag","embeddable":true,"href":"https:\/\/www.projektwrzesnia.pl\/wordpress\/wp-json\/wp\/v2\/tags?post=274"}],"curies":[{"name":"wp","href":"https:\/\/api.w.org\/{rel}","templated":true}]}}