{"id":275,"date":"2018-04-01T20:00:00","date_gmt":"2018-04-01T20:00:00","guid":{"rendered":"http:\/\/www.projektwrzesnia.pl\/wordpress\/275\/"},"modified":"2018-04-01T20:00:00","modified_gmt":"2018-04-01T20:00:00","slug":"czekajac-na-otwarcie-ogrodu-w-lok-u","status":"publish","type":"post","link":"https:\/\/www.projektwrzesnia.pl\/wordpress\/275\/","title":{"rendered":"Czekaj\u0105c na otwarcie ogrodu w\u00a0LOK-u"},"content":{"rendered":"<p>Od 2015 roku zabiegamy o&nbsp;zachowanie i&nbsp;odrestaurowanie Ogrodu Bractwa Kurkowego (tzw. LOK-u) przy ulicy S\u0142owackiego. Dzi\u0119ki naszym dzia\u0142aniom obiekt od po\u0142owy 2017 roku jest ju\u017c w&nbsp;bezpo\u015brednim zarz\u0105dzie Gminy Wrze\u015bnia, kt\u00f3ra&nbsp;mo\u017ce przyst\u0105pi\u0107 do wykonania niezb\u0119dnych prac i&nbsp;remont\u00f3w. Cho\u0107&nbsp;burmistrz&nbsp;Wrze\u015bni m\u00f3g\u0142by rozpocz\u0105\u0107 ju\u017c prace restauracyjne, wci\u0105\u017c s\u0142yszymy tylko kolejne wym\u00f3wki, dlaczego nie mo\u017ce to nast\u0105pi\u0107. Wi\u0119cej pisali\u015bmy o&nbsp;tym [<a href=\"http:\/\/www.projektwrzesnia.pl\/asp\/pl_start.asp?typ=13&amp;sub=23&amp;menu=43&amp;dzialy=43&amp;akcja=artykul&amp;artykul=228\" target=\"_blank\" rel=\"noopener\">tutaj<\/a>].<\/p>\n<p>Dlatego w&nbsp;ostatnich tygodniach z\u0142o\u017cyli\u015bmy petycj\u0119 do w\u0142adz Wrze\u015bni z&nbsp;pro\u015bb\u0105 o&nbsp;wykonanie w&nbsp;tym roku remontu altany i&nbsp;rewaloryzacji terenu Ogrodu Bractwa Kurkowego. Prosili\u015bmy te\u017c o&nbsp;zabezpieczenie na ten cel \u015brodk\u00f3w w&nbsp;bud\u017cecie. Nie&nbsp;chcemy, aby charakterystyczny zabytkowy obiekt uleg\u0142 zawaleniu. Cierpliwie&nbsp;czekamy na odpowied\u017a w&nbsp;tej sprawie, jednak ju\u017c w&nbsp;najbli\u017cszych dniach z\u0142o\u017cymy wniosek o&nbsp;cz\u0119\u015bciowe rozebranie p\u0142otu od strony ulicy S\u0142owackiego, tak&nbsp;\u017ceby mieszka\u0144cy mogli korzysta\u0107 z&nbsp;tego terenu i&nbsp;swobodnie wej\u015b\u0107 na jego teren.<\/p>\n<p>Nad tym, aby altana i&nbsp;ogr\u00f3d nie popad\u0142y w&nbsp;ca\u0142kowit\u0105 ruin\u0119, czuwa r\u00f3wnie\u017c Wielkopolski Wojew\u00f3dzki Konserwator Zabytk\u00f3w. Niedawno wyda\u0142 on&nbsp;<strong>zalecenia pokontrolne [<a href=\"http:\/\/www.projektwrzesnia.pl\/asp\/pliki\/PDFy\/20180401_lok_zalecenia_pokontrolne.pdf\" target=\"_blank\" rel=\"noopener\">tutaj<\/a>]<\/strong>, w&nbsp;kt\u00f3rych zobowi\u0105za\u0142 gmin\u0119 Wrze\u015bnia mi\u0119dzy innymi do remontu dachu do 30 listopada 2018 roku. Natomiast&nbsp;pozosta\u0142a cz\u0119\u015b\u0107 altany zgodnie z&nbsp;decyzj\u0105 konserwatora zabytk\u00f3w ma by\u0107 wyremontowana do ko\u0144ca czerwca przysz\u0142ego roku. Mamy&nbsp;nadziej\u0119, \u017ce tym razem burmistrz nie b\u0119dzie zwleka\u0142 z&nbsp;remontem i&nbsp;wywi\u0105\u017ce si\u0119 z&nbsp;na\u0142o\u017conych na niego zobowi\u0105za\u0144. Urz\u0119dowa niemoc trwa ju\u017c zdecydowanie zbyt d\u0142ugo.&nbsp;<\/p>\n<p>Wi\u0119cej mo\u017cna przeczyta\u0107 na stronie Wiadomo\u015bci Wrzesi\u0144skich [<a href=\"http:\/\/wrzesnia.info.pl\/artykul\/lok\" target=\"_blank\" rel=\"noopener\">tutaj<\/a>].&nbsp;<\/p>\n","protected":false},"excerpt":{"rendered":"<p>Od 2015 roku zabiegamy o&nbsp;zachowanie i&nbsp;odrestaurowanie Ogrodu Bractwa Kurkowego (tzw. LOK-u) przy ulicy S\u0142owackiego. Dzi\u0119ki naszym dzia\u0142aniom obiekt od po\u0142owy 2017 roku jest ju\u017c w&nbsp;bezpo\u015brednim zarz\u0105dzie Gminy Wrze\u015bnia, kt\u00f3ra&nbsp;mo\u017ce przyst\u0105pi\u0107 do wykonania niezb\u0119dnych prac i&nbsp;remont\u00f3w. Cho\u0107&nbsp;burmistrz&nbsp;Wrze\u015bni m\u00f3g\u0142by rozpocz\u0105\u0107 ju\u017c prace restauracyjne, wci\u0105\u017c s\u0142yszymy tylko kolejne wym\u00f3wki, dlaczego nie mo\u017ce to nast\u0105pi\u0107. Wi\u0119cej pisali\u015bmy o&nbsp;tym [tutaj]. [&hellip;]<\/p>\n","protected":false},"author":1,"featured_media":10275,"comment_status":"open","ping_status":"open","sticky":false,"template":"","format":"standard","meta":{"_acf_changed":false,"footnotes":""},"categories":[21],"tags":[],"class_list":["post-275","post","type-post","status-publish","format-standard","has-post-thumbnail","hentry","category-21"],"acf":[],"_links":{"self":[{"href":"https:\/\/www.projektwrzesnia.pl\/wordpress\/wp-json\/wp\/v2\/posts\/275","targetHints":{"allow":["GET"]}}],"collection":[{"href":"https:\/\/www.projektwrzesnia.pl\/wordpress\/wp-json\/wp\/v2\/posts"}],"about":[{"href":"https:\/\/www.projektwrzesnia.pl\/wordpress\/wp-json\/wp\/v2\/types\/post"}],"author":[{"embeddable":true,"href":"https:\/\/www.projektwrzesnia.pl\/wordpress\/wp-json\/wp\/v2\/users\/1"}],"replies":[{"embeddable":true,"href":"https:\/\/www.projektwrzesnia.pl\/wordpress\/wp-json\/wp\/v2\/comments?post=275"}],"version-history":[{"count":0,"href":"https:\/\/www.projektwrzesnia.pl\/wordpress\/wp-json\/wp\/v2\/posts\/275\/revisions"}],"wp:featuredmedia":[{"embeddable":true,"href":"https:\/\/www.projektwrzesnia.pl\/wordpress\/wp-json\/wp\/v2\/media\/10275"}],"wp:attachment":[{"href":"https:\/\/www.projektwrzesnia.pl\/wordpress\/wp-json\/wp\/v2\/media?parent=275"}],"wp:term":[{"taxonomy":"category","embeddable":true,"href":"https:\/\/www.projektwrzesnia.pl\/wordpress\/wp-json\/wp\/v2\/categories?post=275"},{"taxonomy":"post_tag","embeddable":true,"href":"https:\/\/www.projektwrzesnia.pl\/wordpress\/wp-json\/wp\/v2\/tags?post=275"}],"curies":[{"name":"wp","href":"https:\/\/api.w.org\/{rel}","templated":true}]}}