{"id":279,"date":"2018-03-30T20:00:00","date_gmt":"2018-03-30T20:00:00","guid":{"rendered":"http:\/\/www.projektwrzesnia.pl\/wordpress\/blog\/2018\/03\/30\/buldozery-w-centrum\/"},"modified":"2018-03-30T20:00:00","modified_gmt":"2018-03-30T20:00:00","slug":"buldozery-w-centrum","status":"publish","type":"post","link":"https:\/\/www.projektwrzesnia.pl\/wordpress\/279\/","title":{"rendered":"Buldo\u017cery w&nbsp;centrum"},"content":{"rendered":"<p>&nbsp;<em>Kornel Tomczak<\/em><em>&#8211; skarbnik Stowarzyszenia Projekt Wrze\u015bnia<\/em><\/p>\n<p style=\"text-align: justify;\">Ostatnie tygodnie up\u0142ywaj\u0105 pod znakiem buldo\u017cer\u00f3w w&nbsp;centrum miasta. W&nbsp;ci\u0105gu kilkunastu dni znikn\u0119\u0142a kamienica przy szpitalu we Wrze\u015bni. Rozebrane zosta\u0142y r\u00f3wnie\u017c budynki gospodarcze po dawnej piekarni na ty\u0142ach Warszawskiej 6 (od strony ulicy Moniuszki). Podobny los spotka\u0142 r\u00f3wnie\u017c zabudowania pomi\u0119dzy ulic\u0105 Warszawsk\u0105 a&nbsp;Wielkopolsk\u0105. Do rozbi\u00f3rki przewidziana jest tak\u017ce kamienica na ty\u0142ach urz\u0119du skarbowego.<br \/>Nie da si\u0119 uratowa\u0107 wszystkich starych obiekt\u00f3w, nie wszystkie zreszt\u0105 to arcydzie\u0142a architektury. Ale nie zmienia to faktu, \u017ce te dzia\u0142ania mocno zmieniaj\u0105 krajobraz &bdquo;starej&rdquo; Wrze\u015bni. To niebezpieczna tendencja, bo kamienic w&nbsp;z\u0142ym stanie technicznym nadal nie brakuje &#8211; je\u015bli rozbi\u00f3rkowy trend si\u0119 utrzyma, miasto ulegnie zmianom nie do poznania.<br \/>Jest jeszcze jedno niebezpiecze\u0144stwo: jaka architektura powstanie po rozebranych obiektach? Czy nowe budynki b\u0119d\u0105 warto\u015bci\u0105 dodan\u0105? Czy&nbsp;wkomponuj\u0105 si\u0119 w&nbsp;zabytkowe centrum? Je\u015bli zamiast tego czekaj\u0105 nas kolejne budynki ze&nbsp;styropianu i&nbsp;tynku mineralnego, to zmierzamy w&nbsp;z\u0142ym kierunku. Trzeba przemy\u015ble\u0107, co mo\u017cemy zrobi\u0107. Szkoda, by nasze miasto straci\u0142o swego ducha.<\/p>\n<p><em>Pierwotnie felieton zosta\u0142 opublikowany w&nbsp;tygodniku &#8222;Wiadomo\u015bci Wrzesi\u0144skie&#8221; oraz na portalu <a href=\"http:\/\/www.wrzesnia.info.pl\" target=\"_blank\" rel=\"noopener\">www.wrzesnia.info.pl<\/a>&nbsp;<\/em><\/p>\n<p>&nbsp;<\/p>\n","protected":false},"excerpt":{"rendered":"<p>&nbsp;Kornel Tomczak&#8211; skarbnik Stowarzyszenia Projekt Wrze\u015bnia Ostatnie tygodnie up\u0142ywaj\u0105 pod znakiem buldo\u017cer\u00f3w w&nbsp;centrum miasta. W&nbsp;ci\u0105gu kilkunastu dni znikn\u0119\u0142a kamienica przy szpitalu we Wrze\u015bni. Rozebrane zosta\u0142y r\u00f3wnie\u017c budynki gospodarcze po dawnej piekarni na ty\u0142ach Warszawskiej 6 (od strony ulicy Moniuszki). Podobny los spotka\u0142 r\u00f3wnie\u017c zabudowania pomi\u0119dzy ulic\u0105 Warszawsk\u0105 a&nbsp;Wielkopolsk\u0105. Do rozbi\u00f3rki przewidziana jest tak\u017ce kamienica na [&hellip;]<\/p>\n","protected":false},"author":1,"featured_media":10853,"comment_status":"open","ping_status":"open","sticky":false,"template":"","format":"standard","meta":{"_acf_changed":false,"footnotes":""},"categories":[41],"tags":[],"class_list":["post-279","post","type-post","status-publish","format-standard","has-post-thumbnail","hentry","category-41"],"acf":[],"_links":{"self":[{"href":"https:\/\/www.projektwrzesnia.pl\/wordpress\/wp-json\/wp\/v2\/posts\/279","targetHints":{"allow":["GET"]}}],"collection":[{"href":"https:\/\/www.projektwrzesnia.pl\/wordpress\/wp-json\/wp\/v2\/posts"}],"about":[{"href":"https:\/\/www.projektwrzesnia.pl\/wordpress\/wp-json\/wp\/v2\/types\/post"}],"author":[{"embeddable":true,"href":"https:\/\/www.projektwrzesnia.pl\/wordpress\/wp-json\/wp\/v2\/users\/1"}],"replies":[{"embeddable":true,"href":"https:\/\/www.projektwrzesnia.pl\/wordpress\/wp-json\/wp\/v2\/comments?post=279"}],"version-history":[{"count":0,"href":"https:\/\/www.projektwrzesnia.pl\/wordpress\/wp-json\/wp\/v2\/posts\/279\/revisions"}],"wp:featuredmedia":[{"embeddable":true,"href":"https:\/\/www.projektwrzesnia.pl\/wordpress\/wp-json\/wp\/v2\/media\/10853"}],"wp:attachment":[{"href":"https:\/\/www.projektwrzesnia.pl\/wordpress\/wp-json\/wp\/v2\/media?parent=279"}],"wp:term":[{"taxonomy":"category","embeddable":true,"href":"https:\/\/www.projektwrzesnia.pl\/wordpress\/wp-json\/wp\/v2\/categories?post=279"},{"taxonomy":"post_tag","embeddable":true,"href":"https:\/\/www.projektwrzesnia.pl\/wordpress\/wp-json\/wp\/v2\/tags?post=279"}],"curies":[{"name":"wp","href":"https:\/\/api.w.org\/{rel}","templated":true}]}}