{"id":340,"date":"2018-10-02T20:00:00","date_gmt":"2018-10-02T20:00:00","guid":{"rendered":"http:\/\/www.projektwrzesnia.pl\/wordpress\/340\/"},"modified":"2018-10-02T20:00:00","modified_gmt":"2018-10-02T20:00:00","slug":"seminarium-o-przyszlosci-polskiej-wsi","status":"publish","type":"post","link":"https:\/\/www.projektwrzesnia.pl\/wordpress\/340\/","title":{"rendered":"Seminarium o\u00a0przysz\u0142o\u015bci polskiej wsi"},"content":{"rendered":"<p>26 wrze\u015bnia 2018 roku w&nbsp;Marzeninie odby\u0142o si\u0119 seminarium &bdquo;Przysz\u0142o\u015b\u0107 polskiej wsi &#8211; mieszka\u0144cy wobec ferm futrzarskich&rdquo;. Jednym ze&nbsp;wsp\u00f3\u0142organizator\u00f3w tego wydarzenia by\u0142o nasze stowarzyszenie, kt\u00f3re od blisko trzech lat pomaga mieszka\u0144com Kaw\u0119czyna, Marzenin, Gulczewa i&nbsp;innych okolicznych miejscowo\u015bci w&nbsp;dzia\u0142aniach na rzecz ochrony ich prawa do \u017cycia w&nbsp;czystym \u015brodowisku.<\/p>\n<p>Jako pierwszy g\u0142os zabra\u0142 socjolog <strong>Jaros\u0142aw Urba\u0144ski<\/strong>, kt\u00f3ry przedstawi\u0142 wyniki swoich bada\u0144 na temat postaw mieszka\u0144c\u00f3w wobec ferm zwierz\u0105t futerkowych w&nbsp;gminach: Czerniejewo, Ko\u017amin Wielkopolski, Nowogard oraz om\u00f3wi\u0142 sytuacj\u0119 bran\u017cy hodowli zwierz\u0105t futerkowych. Nast\u0119pnie wyst\u0105pi\u0142 <strong>Maciej S\u0142owi\u0144ski<\/strong>, mieszkaniec Gulczewa i&nbsp;zarazem cz\u0142onek naszego stowarzyszenia, kt\u00f3ry opowiedzia\u0142 o&nbsp;problemach jakie generuj\u0105 fermy: smr\u00f3d, zanieczyszczenie w\u00f3d, plagi owad\u00f3w, uciekaj\u0105ce norki, niszczenie zabytk\u00f3w, spadek cen nieruchomo\u015bci i&nbsp;wyludnianie wsi.<\/p>\n<p>W dalszej kolejno\u015bci wyst\u0105pi\u0142a <strong>dr Agata Piekarska<\/strong> i&nbsp;om\u00f3wi\u0142a swoje badania na temat much, kt\u00f3re masowo l\u0119gn\u0105 si\u0119 na fermach, a&nbsp;nast\u0119pnie rozprzestrzeniaj\u0105 si\u0119 na odleg\u0142o\u015b\u0107 oko\u0142o 4 kilometr\u00f3w. Wskaza\u0142, \u017ce plagowe ilo\u015bci much stanowi\u0105 powa\u017cne zagro\u017cenie sanitarno-epidemiologiczne dla ludzi, poniewa\u017c muchy roznosz\u0105 wi\u0119cej zarazk\u00f3w ni\u017c na przyk\u0142ad karaluchy. Kolejna&nbsp;prelegentka, <strong>prof. Hanna Mamzer<\/strong>, skupi\u0142a si\u0119 na dobrostanie zwierz\u0105t i&nbsp;wskaza\u0142a, \u017ce fermy przemys\u0142owe nie s\u0105 wstanie zapewni\u0107 potrzeb gatunkowych hodowanym na nich zwierz\u0119tom.<\/p>\n<p>Ostatnim zaproszonym go\u015bciem by\u0142 <strong>\u0141ukasz Kosiedowski<\/strong>, przedstawiciel Rzecznika Praw Obywatelskich, kt\u00f3ry wspiera mieszka\u0144c\u00f3w w&nbsp;blokowaniu ogromnej fermy drobiu, maj\u0105cej powsta\u0107 w&nbsp;s\u0105siedztwie dw\u00f3ch pot\u0119\u017cnych ferm norek w&nbsp;Kaw\u0119czynie. Przedstawiciel Rzecznika Praw Obywatelskich powiedzia\u0142 r\u00f3wnie\u017c, \u017ce za trzy tygodnie ma zosta\u0107 rozpatrzona przez Naczelny S\u0105d Administracyjny w&nbsp;Warszawie sprawa miejscowego planu zagospodarowania przestrzennego dla miejscowo\u015bci Kaw\u0119czyn, Marzenin i&nbsp;Gulczewo. Przypomnijmy, \u017ce chodzi o&nbsp;skandaliczn\u0105 kwesti\u0119 blokowania mo\u017cliwo\u015bci powstania planu przez zarz\u0105d powiatu i&nbsp;starost\u0119 <strong>Dionizego Ja\u015bniewicza<\/strong>. Wi\u0119cej pisali\u015bmy o&nbsp;tym [<a href=\"http:\/\/www.projektwrzesnia.pl\/asp\/pl_start.asp?typ=13&amp;sub=23&amp;menu=53&amp;dzialy=53&amp;akcja=artykul&amp;artykul=294\" target=\"_blank\" rel=\"noopener\">tutaj<\/a>].<\/p>\n<p>Na sali w&nbsp;Marzeninie obecny by\u0142 r\u00f3wnie\u017c dr Tadeusz Jakubowski, kt\u00f3ry stara\u0142 si\u0119 broni\u0107 bran\u017cy hodowc\u00f3w zwierz\u0105t futerkowych, jednak podczas rozmowy dane przedstawione przez naukowc\u00f3w oraz do\u015bwiadczenia mieszka\u0144c\u00f3w nie pozostawi\u0142y \u017cadnych z\u0142udze\u0144. Przemys\u0142 futerkowy od dawna bogaci si\u0119 kosztem mieszka\u0144c\u00f3w i&nbsp;zwierz\u0105t, nie dbaj\u0105c o&nbsp;\u015brodowisko. Pomimo zaproszenia, na spotkaniu nie pojawili si\u0119 przedstawiciele lokalnej w\u0142adzy.&nbsp;<\/p>\n<p>O sprawie mozna przeczyta\u0107 i&nbsp;pos\u0142ucha\u0107 na stronie Radia Pozna\u0144 [<a href=\"https:\/\/radiopoznan.fm\/informacje\/pozostale\/plaga-much-obok-duzych-ferm-norek\" target=\"_blank\" rel=\"noopener\">tutaj<\/a>].<br \/>Na stronie Biura Rzecznika Praw Obywatelskich [<a href=\"https:\/\/www.rpo.gov.pl\/pl\/content\/przyszlosc-polskiej-wsi-mieszkancy-wobec-ferm-futrzarskich-moga-liczyc-na-RPO\" target=\"_blank\" rel=\"noopener\">tutaj<\/a>]<\/p>\n<p><\/p>\n<figure class=\"is-layout-flex wp-block-gallery-1 wp-block-gallery has-nested-images columns-default is-cropped\">\n<figure class=\"wp-block-image\"><img loading=\"lazy\" decoding=\"async\" width=\"1440\" height=\"1080\" src=\"https:\/\/www.projektwrzesnia.pl\/wordpress\/wp-content\/uploads\/2023\/03\/20181002_sympozjum_kaweczyn__24_.jpg\" alt=\"\" class=\"wp-image-103400\" srcset=\"https:\/\/www.projektwrzesnia.pl\/wordpress\/wp-content\/uploads\/2023\/03\/20181002_sympozjum_kaweczyn__24_.jpg 1440w, https:\/\/www.projektwrzesnia.pl\/wordpress\/wp-content\/uploads\/2023\/03\/20181002_sympozjum_kaweczyn__24_-300x225.jpg 300w, https:\/\/www.projektwrzesnia.pl\/wordpress\/wp-content\/uploads\/2023\/03\/20181002_sympozjum_kaweczyn__24_-1024x768.jpg 1024w, https:\/\/www.projektwrzesnia.pl\/wordpress\/wp-content\/uploads\/2023\/03\/20181002_sympozjum_kaweczyn__24_-768x576.jpg 768w\" sizes=\"auto, (max-width: 1440px) 100vw, 1440px\" \/><\/figure>\n<figure class=\"wp-block-image\"><img loading=\"lazy\" decoding=\"async\" width=\"810\" height=\"1080\" src=\"https:\/\/www.projektwrzesnia.pl\/wordpress\/wp-content\/uploads\/2023\/03\/20181002_sympozjum_kaweczyn__25_.jpg\" alt=\"\" class=\"wp-image-103401\" srcset=\"https:\/\/www.projektwrzesnia.pl\/wordpress\/wp-content\/uploads\/2023\/03\/20181002_sympozjum_kaweczyn__25_.jpg 810w, https:\/\/www.projektwrzesnia.pl\/wordpress\/wp-content\/uploads\/2023\/03\/20181002_sympozjum_kaweczyn__25_-225x300.jpg 225w, https:\/\/www.projektwrzesnia.pl\/wordpress\/wp-content\/uploads\/2023\/03\/20181002_sympozjum_kaweczyn__25_-768x1024.jpg 768w\" sizes=\"auto, (max-width: 810px) 100vw, 810px\" \/><\/figure>\n<figure class=\"wp-block-image\"><img loading=\"lazy\" decoding=\"async\" width=\"810\" height=\"1080\" src=\"https:\/\/www.projektwrzesnia.pl\/wordpress\/wp-content\/uploads\/2023\/03\/20181002_sympozjum_kaweczyn__26_.jpg\" alt=\"\" class=\"wp-image-103402\" srcset=\"https:\/\/www.projektwrzesnia.pl\/wordpress\/wp-content\/uploads\/2023\/03\/20181002_sympozjum_kaweczyn__26_.jpg 810w, https:\/\/www.projektwrzesnia.pl\/wordpress\/wp-content\/uploads\/2023\/03\/20181002_sympozjum_kaweczyn__26_-225x300.jpg 225w, https:\/\/www.projektwrzesnia.pl\/wordpress\/wp-content\/uploads\/2023\/03\/20181002_sympozjum_kaweczyn__26_-768x1024.jpg 768w\" sizes=\"auto, (max-width: 810px) 100vw, 810px\" \/><\/figure>\n<figure class=\"wp-block-image\"><img loading=\"lazy\" decoding=\"async\" width=\"810\" height=\"1080\" src=\"https:\/\/www.projektwrzesnia.pl\/wordpress\/wp-content\/uploads\/2023\/03\/20181002_sympozjum_kaweczyn__27_.jpg\" alt=\"\" class=\"wp-image-103403\" srcset=\"https:\/\/www.projektwrzesnia.pl\/wordpress\/wp-content\/uploads\/2023\/03\/20181002_sympozjum_kaweczyn__27_.jpg 810w, https:\/\/www.projektwrzesnia.pl\/wordpress\/wp-content\/uploads\/2023\/03\/20181002_sympozjum_kaweczyn__27_-225x300.jpg 225w, https:\/\/www.projektwrzesnia.pl\/wordpress\/wp-content\/uploads\/2023\/03\/20181002_sympozjum_kaweczyn__27_-768x1024.jpg 768w\" sizes=\"auto, (max-width: 810px) 100vw, 810px\" \/><\/figure>\n<figure class=\"wp-block-image\"><img loading=\"lazy\" decoding=\"async\" width=\"810\" height=\"1080\" src=\"https:\/\/www.projektwrzesnia.pl\/wordpress\/wp-content\/uploads\/2023\/03\/20181002_sympozjum_kaweczyn__28_.jpg\" alt=\"\" class=\"wp-image-103404\" srcset=\"https:\/\/www.projektwrzesnia.pl\/wordpress\/wp-content\/uploads\/2023\/03\/20181002_sympozjum_kaweczyn__28_.jpg 810w, https:\/\/www.projektwrzesnia.pl\/wordpress\/wp-content\/uploads\/2023\/03\/20181002_sympozjum_kaweczyn__28_-225x300.jpg 225w, https:\/\/www.projektwrzesnia.pl\/wordpress\/wp-content\/uploads\/2023\/03\/20181002_sympozjum_kaweczyn__28_-768x1024.jpg 768w\" sizes=\"auto, (max-width: 810px) 100vw, 810px\" \/><\/figure>\n<figure class=\"wp-block-image\"><img loading=\"lazy\" decoding=\"async\" width=\"810\" height=\"1080\" src=\"https:\/\/www.projektwrzesnia.pl\/wordpress\/wp-content\/uploads\/2023\/03\/20181002_sympozjum_kaweczyn__29_.jpg\" alt=\"\" class=\"wp-image-103405\" srcset=\"https:\/\/www.projektwrzesnia.pl\/wordpress\/wp-content\/uploads\/2023\/03\/20181002_sympozjum_kaweczyn__29_.jpg 810w, https:\/\/www.projektwrzesnia.pl\/wordpress\/wp-content\/uploads\/2023\/03\/20181002_sympozjum_kaweczyn__29_-225x300.jpg 225w, https:\/\/www.projektwrzesnia.pl\/wordpress\/wp-content\/uploads\/2023\/03\/20181002_sympozjum_kaweczyn__29_-768x1024.jpg 768w\" sizes=\"auto, (max-width: 810px) 100vw, 810px\" \/><\/figure>\n<figure class=\"wp-block-image\"><img loading=\"lazy\" decoding=\"async\" width=\"1440\" height=\"1080\" src=\"https:\/\/www.projektwrzesnia.pl\/wordpress\/wp-content\/uploads\/2023\/03\/20181002_sympozjum_kaweczyn__30_.jpg\" alt=\"\" class=\"wp-image-103406\" srcset=\"https:\/\/www.projektwrzesnia.pl\/wordpress\/wp-content\/uploads\/2023\/03\/20181002_sympozjum_kaweczyn__30_.jpg 1440w, https:\/\/www.projektwrzesnia.pl\/wordpress\/wp-content\/uploads\/2023\/03\/20181002_sympozjum_kaweczyn__30_-300x225.jpg 300w, https:\/\/www.projektwrzesnia.pl\/wordpress\/wp-content\/uploads\/2023\/03\/20181002_sympozjum_kaweczyn__30_-1024x768.jpg 1024w, https:\/\/www.projektwrzesnia.pl\/wordpress\/wp-content\/uploads\/2023\/03\/20181002_sympozjum_kaweczyn__30_-768x576.jpg 768w\" sizes=\"auto, (max-width: 1440px) 100vw, 1440px\" \/><\/figure>\n<\/figure>\n","protected":false},"excerpt":{"rendered":"<p>26 wrze\u015bnia 2018 roku w&nbsp;Marzeninie odby\u0142o si\u0119 seminarium &bdquo;Przysz\u0142o\u015b\u0107 polskiej wsi &#8211; mieszka\u0144cy wobec ferm futrzarskich&rdquo;. Jednym ze&nbsp;wsp\u00f3\u0142organizator\u00f3w tego wydarzenia by\u0142o nasze stowarzyszenie, kt\u00f3re od blisko trzech lat pomaga mieszka\u0144com Kaw\u0119czyna, Marzenin, Gulczewa i&nbsp;innych okolicznych miejscowo\u015bci w&nbsp;dzia\u0142aniach na rzecz ochrony ich prawa do \u017cycia w&nbsp;czystym \u015brodowisku. Jako pierwszy g\u0142os zabra\u0142 socjolog Jaros\u0142aw Urba\u0144ski, kt\u00f3ry przedstawi\u0142 [&hellip;]<\/p>\n","protected":false},"author":1,"featured_media":10340,"comment_status":"open","ping_status":"open","sticky":false,"template":"","format":"standard","meta":{"_acf_changed":false,"footnotes":""},"categories":[22],"tags":[],"class_list":["post-340","post","type-post","status-publish","format-standard","has-post-thumbnail","hentry","category-22"],"acf":[],"_links":{"self":[{"href":"https:\/\/www.projektwrzesnia.pl\/wordpress\/wp-json\/wp\/v2\/posts\/340","targetHints":{"allow":["GET"]}}],"collection":[{"href":"https:\/\/www.projektwrzesnia.pl\/wordpress\/wp-json\/wp\/v2\/posts"}],"about":[{"href":"https:\/\/www.projektwrzesnia.pl\/wordpress\/wp-json\/wp\/v2\/types\/post"}],"author":[{"embeddable":true,"href":"https:\/\/www.projektwrzesnia.pl\/wordpress\/wp-json\/wp\/v2\/users\/1"}],"replies":[{"embeddable":true,"href":"https:\/\/www.projektwrzesnia.pl\/wordpress\/wp-json\/wp\/v2\/comments?post=340"}],"version-history":[{"count":0,"href":"https:\/\/www.projektwrzesnia.pl\/wordpress\/wp-json\/wp\/v2\/posts\/340\/revisions"}],"wp:featuredmedia":[{"embeddable":true,"href":"https:\/\/www.projektwrzesnia.pl\/wordpress\/wp-json\/wp\/v2\/media\/10340"}],"wp:attachment":[{"href":"https:\/\/www.projektwrzesnia.pl\/wordpress\/wp-json\/wp\/v2\/media?parent=340"}],"wp:term":[{"taxonomy":"category","embeddable":true,"href":"https:\/\/www.projektwrzesnia.pl\/wordpress\/wp-json\/wp\/v2\/categories?post=340"},{"taxonomy":"post_tag","embeddable":true,"href":"https:\/\/www.projektwrzesnia.pl\/wordpress\/wp-json\/wp\/v2\/tags?post=340"}],"curies":[{"name":"wp","href":"https:\/\/api.w.org\/{rel}","templated":true}]}}