{"id":341,"date":"2018-10-05T20:00:00","date_gmt":"2018-10-05T20:00:00","guid":{"rendered":"http:\/\/www.projektwrzesnia.pl\/wordpress\/blog\/2018\/10\/05\/tereny-wiejskie-leza-na-uboczu-zainteresowan-wladz-samorzadowych\/"},"modified":"2018-10-05T20:00:00","modified_gmt":"2018-10-05T20:00:00","slug":"tereny-wiejskie-leza-na-uboczu-zainteresowan-wladz-samorzadowych","status":"publish","type":"post","link":"https:\/\/www.projektwrzesnia.pl\/wordpress\/341\/","title":{"rendered":"Tereny wiejskie le\u017c\u0105 na uboczu zainteresowa\u0144 w\u0142adz samorz\u0105dowych"},"content":{"rendered":"<p>&nbsp;&nbsp;<em>Maciej<\/em><em> <span class=\"aktualnosci_tresc\">S\u0142owi\u0144ski<\/span> &#8211; cz\u0142onek Stowarzyszenia Projekt Wrze\u015bnia<\/em><\/p>\n<p>Mo\u017cna odnie\u015b\u0107 wra\u017cenie, \u017ce tereny wiejskie le\u017c\u0105 na uboczu zainteresowa\u0144 w\u0142adz samorz\u0105dowych. W&nbsp;wielu miejscowo\u015bci co roku na zebraniach wiejskich pojawiaj\u0105 si\u0119 te same pro\u015bby i&nbsp;wnioski mieszka\u0144c\u00f3w, zw\u0142aszcza je\u015bli chodzi o&nbsp;chodniki, drogi i&nbsp;o\u015bwietlenie. Nie s\u0105 to skomplikowane sprawy, a&nbsp;cz\u0119sto ich za\u0142atwianie jest odk\u0142adane na bli\u017cej nieokre\u015blon\u0105 przysz\u0142o\u015b\u0107. W&nbsp;rezultacie jako\u015b\u0107 \u017cycia na wsi cz\u0119sto odbiega od tej w&nbsp;mie\u015bcie. Zmiany&nbsp;podej\u015bcia potrzebuj\u0105 r\u00f3wnie\u017c \u015bwietlice wiejskie. Budynki te, stanowi\u0105ce w&nbsp;przesz\u0142o\u015bci centrum \u017cycia wsi, musz\u0105 zn\u00f3w t\u0119tni\u0107 \u017cyciem. Chcemy&nbsp;by by\u0142y dost\u0119pne zar\u00f3wno dla doros\u0142ych, jak i&nbsp;dla m\u0142odzie\u017cy i&nbsp;dzieci. To naturalne miejsce spotka\u0144 i&nbsp;integracji najmniejszych spo\u0142eczno\u015bci. Zamkni\u0119te&nbsp;na cztery spusty budynki \u015bwietlic nie s\u0142u\u017c\u0105 przecie\u017c nikomu. Wreszcie mieszka\u0144cy gminy &#8211; zar\u00f3wno miasta jak i&nbsp;wsi &#8211; powinni mie\u0107 mo\u017cliwo\u015b\u0107 dojazdu do pracy i&nbsp;szko\u0142y bezp\u0142atn\u0105 komunikacj\u0105 miejsk\u0105, zw\u0142aszcza w&nbsp;sytuacji, gdy PKS jest niewydolny i&nbsp;nie zabezpiecza podstawowych potrzeb komunikacyjnych. Gmina nie ko\u0144czy si\u0119 na rogatkach miasta. Nie zapominajmy o&nbsp;mieszka\u0144cach wsi.<\/p>\n<p><em>Pierwotnie felieton zosta\u0142 opublikowany w&nbsp;tygodniku &#8222;Wiadomo\u015bci Wrzesi\u0144skie&#8221; oraz na portalu <a href=\"http:\/\/www.wrzesnia.info.pl\" target=\"_blank\" rel=\"noopener\">www.wrzesnia.info.pl<\/a><\/em><\/p>\n","protected":false},"excerpt":{"rendered":"<p>&nbsp;&nbsp;Maciej S\u0142owi\u0144ski &#8211; cz\u0142onek Stowarzyszenia Projekt Wrze\u015bnia Mo\u017cna odnie\u015b\u0107 wra\u017cenie, \u017ce tereny wiejskie le\u017c\u0105 na uboczu zainteresowa\u0144 w\u0142adz samorz\u0105dowych. W&nbsp;wielu miejscowo\u015bci co roku na zebraniach wiejskich pojawiaj\u0105 si\u0119 te same pro\u015bby i&nbsp;wnioski mieszka\u0144c\u00f3w, zw\u0142aszcza je\u015bli chodzi o&nbsp;chodniki, drogi i&nbsp;o\u015bwietlenie. Nie s\u0105 to skomplikowane sprawy, a&nbsp;cz\u0119sto ich za\u0142atwianie jest odk\u0142adane na bli\u017cej nieokre\u015blon\u0105 przysz\u0142o\u015b\u0107. W&nbsp;rezultacie jako\u015b\u0107 [&hellip;]<\/p>\n","protected":false},"author":1,"featured_media":10652,"comment_status":"open","ping_status":"open","sticky":false,"template":"","format":"standard","meta":{"_acf_changed":false,"footnotes":""},"categories":[41],"tags":[],"class_list":["post-341","post","type-post","status-publish","format-standard","has-post-thumbnail","hentry","category-41"],"acf":[],"_links":{"self":[{"href":"https:\/\/www.projektwrzesnia.pl\/wordpress\/wp-json\/wp\/v2\/posts\/341","targetHints":{"allow":["GET"]}}],"collection":[{"href":"https:\/\/www.projektwrzesnia.pl\/wordpress\/wp-json\/wp\/v2\/posts"}],"about":[{"href":"https:\/\/www.projektwrzesnia.pl\/wordpress\/wp-json\/wp\/v2\/types\/post"}],"author":[{"embeddable":true,"href":"https:\/\/www.projektwrzesnia.pl\/wordpress\/wp-json\/wp\/v2\/users\/1"}],"replies":[{"embeddable":true,"href":"https:\/\/www.projektwrzesnia.pl\/wordpress\/wp-json\/wp\/v2\/comments?post=341"}],"version-history":[{"count":0,"href":"https:\/\/www.projektwrzesnia.pl\/wordpress\/wp-json\/wp\/v2\/posts\/341\/revisions"}],"wp:featuredmedia":[{"embeddable":true,"href":"https:\/\/www.projektwrzesnia.pl\/wordpress\/wp-json\/wp\/v2\/media\/10652"}],"wp:attachment":[{"href":"https:\/\/www.projektwrzesnia.pl\/wordpress\/wp-json\/wp\/v2\/media?parent=341"}],"wp:term":[{"taxonomy":"category","embeddable":true,"href":"https:\/\/www.projektwrzesnia.pl\/wordpress\/wp-json\/wp\/v2\/categories?post=341"},{"taxonomy":"post_tag","embeddable":true,"href":"https:\/\/www.projektwrzesnia.pl\/wordpress\/wp-json\/wp\/v2\/tags?post=341"}],"curies":[{"name":"wp","href":"https:\/\/api.w.org\/{rel}","templated":true}]}}