{"id":343,"date":"2018-10-12T20:00:00","date_gmt":"2018-10-12T20:00:00","guid":{"rendered":"http:\/\/www.projektwrzesnia.pl\/wordpress\/blog\/2018\/10\/12\/kultura-blizej-mieszkancow\/"},"modified":"2018-10-12T20:00:00","modified_gmt":"2018-10-12T20:00:00","slug":"kultura-blizej-mieszkancow","status":"publish","type":"post","link":"https:\/\/www.projektwrzesnia.pl\/wordpress\/343\/","title":{"rendered":"Kultura bli\u017cej mieszka\u0144c\u00f3w"},"content":{"rendered":"<p>&nbsp;<em>Pawe\u0142 S\u0142owi\u0144ski<\/em><em>&nbsp;&#8211;&nbsp;cz\u0142onek Stowarzyszenia Projekt Wrze\u015bnia<\/em><\/p>\n<p>We Wrze\u015bni nie brakuje os\u00f3b zaanga\u017cowanych w&nbsp;dzia\u0142ania kulturalne. Dzi\u0119ki ich tw\u00f3rczo\u015bci codziennie na nowo rodzi si\u0119 nasza lokalna to\u017csamo\u015b\u0107 i&nbsp;pojawiaj\u0105 si\u0119 kolejne sposoby na poznawanie ludzkiej natury. Naszym marzeniem jest Wrze\u015bnia, w&nbsp;kt\u00f3rej kultura jest blisko mieszka\u0144c\u00f3w. Dlatego chcemy, aby utalentowani tw\u00f3rcy kultury otrzymywali gminne granty finansowe. Zale\u017cy nam, by wspiera\u0107 lokalnych tw\u00f3rc\u00f3w z&nbsp;najr\u00f3\u017cniejszych dziedzin i&nbsp;m\u00f3c promowa\u0107 ich tw\u00f3rczo\u015b\u0107 po\u015br\u00f3d lokalnych spo\u0142eczno\u015bci. To dzia\u0142anie z&nbsp;korzy\u015bci\u0105 dla wszystkich. Ponadto m\u0142ode organizacje i&nbsp;grupy nieformalne dzia\u0142aj\u0105ce w&nbsp;sferze kultury powinny liczy\u0107 na wsparcie ze&nbsp;strony gminy. Na przyk\u0142ad zaanga\u017cowani tw\u00f3rcy i&nbsp;animatorzy \u017cycia spo\u0142ecznego mogliby korzysta\u0107 z&nbsp;udost\u0119pnianych przez miasto lokali, w&nbsp;kt\u00f3rych organizowaliby spotkania, wydarzenia kulturalne, wernisa\u017ce czy warsztaty. W&nbsp;naszym mie\u015bcie nie brakuje lokali komunalnych, kt\u00f3re z&nbsp;powodzeniem mog\u0142yby sta\u0107 si\u0119 zapleczem dla organizacji spo\u0142ecznych dzia\u0142aj\u0105cych w&nbsp;obszarze kultury. Pora dobrze je wykorzysta\u0107!<\/p>\n<p><em>Pierwotnie felieton zosta\u0142 opublikowany w&nbsp;tygodniku &#8222;Wiadomo\u015bci Wrzesi\u0144skie&#8221; oraz na portalu <a href=\"http:\/\/www.wrzesnia.info.pl\" target=\"_blank\" rel=\"noopener\">www.wrzesnia.info.pl<\/a><\/em><\/p>\n","protected":false},"excerpt":{"rendered":"<p>&nbsp;Pawe\u0142 S\u0142owi\u0144ski&nbsp;&#8211;&nbsp;cz\u0142onek Stowarzyszenia Projekt Wrze\u015bnia We Wrze\u015bni nie brakuje os\u00f3b zaanga\u017cowanych w&nbsp;dzia\u0142ania kulturalne. Dzi\u0119ki ich tw\u00f3rczo\u015bci codziennie na nowo rodzi si\u0119 nasza lokalna to\u017csamo\u015b\u0107 i&nbsp;pojawiaj\u0105 si\u0119 kolejne sposoby na poznawanie ludzkiej natury. Naszym marzeniem jest Wrze\u015bnia, w&nbsp;kt\u00f3rej kultura jest blisko mieszka\u0144c\u00f3w. Dlatego chcemy, aby utalentowani tw\u00f3rcy kultury otrzymywali gminne granty finansowe. Zale\u017cy nam, by wspiera\u0107 [&hellip;]<\/p>\n","protected":false},"author":1,"featured_media":10343,"comment_status":"open","ping_status":"open","sticky":false,"template":"","format":"standard","meta":{"_acf_changed":false,"footnotes":""},"categories":[41],"tags":[],"class_list":["post-343","post","type-post","status-publish","format-standard","has-post-thumbnail","hentry","category-41"],"acf":[],"_links":{"self":[{"href":"https:\/\/www.projektwrzesnia.pl\/wordpress\/wp-json\/wp\/v2\/posts\/343","targetHints":{"allow":["GET"]}}],"collection":[{"href":"https:\/\/www.projektwrzesnia.pl\/wordpress\/wp-json\/wp\/v2\/posts"}],"about":[{"href":"https:\/\/www.projektwrzesnia.pl\/wordpress\/wp-json\/wp\/v2\/types\/post"}],"author":[{"embeddable":true,"href":"https:\/\/www.projektwrzesnia.pl\/wordpress\/wp-json\/wp\/v2\/users\/1"}],"replies":[{"embeddable":true,"href":"https:\/\/www.projektwrzesnia.pl\/wordpress\/wp-json\/wp\/v2\/comments?post=343"}],"version-history":[{"count":0,"href":"https:\/\/www.projektwrzesnia.pl\/wordpress\/wp-json\/wp\/v2\/posts\/343\/revisions"}],"wp:featuredmedia":[{"embeddable":true,"href":"https:\/\/www.projektwrzesnia.pl\/wordpress\/wp-json\/wp\/v2\/media\/10343"}],"wp:attachment":[{"href":"https:\/\/www.projektwrzesnia.pl\/wordpress\/wp-json\/wp\/v2\/media?parent=343"}],"wp:term":[{"taxonomy":"category","embeddable":true,"href":"https:\/\/www.projektwrzesnia.pl\/wordpress\/wp-json\/wp\/v2\/categories?post=343"},{"taxonomy":"post_tag","embeddable":true,"href":"https:\/\/www.projektwrzesnia.pl\/wordpress\/wp-json\/wp\/v2\/tags?post=343"}],"curies":[{"name":"wp","href":"https:\/\/api.w.org\/{rel}","templated":true}]}}