{"id":345,"date":"2018-10-19T20:00:00","date_gmt":"2018-10-19T20:00:00","guid":{"rendered":"http:\/\/www.projektwrzesnia.pl\/wordpress\/blog\/2018\/10\/19\/z-twoim-glosem-razem-zaprojektujemy-wrzesnie\/"},"modified":"2018-10-19T20:00:00","modified_gmt":"2018-10-19T20:00:00","slug":"z-twoim-glosem-razem-zaprojektujemy-wrzesnie","status":"publish","type":"post","link":"https:\/\/www.projektwrzesnia.pl\/wordpress\/345\/","title":{"rendered":"Z Twoim g\u0142osem razem zaprojektujemy Wrze\u015bni\u0119!"},"content":{"rendered":"<p>&nbsp;<em>Kornel Tomczak<\/em><em>&#8211; skarbnik Stowarzyszenia Projekt Wrze\u015bnia<\/em><\/p>\n<p>Przez kilka ostatnich tygodni przedstawili\u015bmy Wam nasz program dla Wrze\u015bni i&nbsp;okolicy. Skupili\u015bmy si\u0119 w&nbsp;nim na realizacji najistotniejszych potrzeb mieszka\u0144c\u00f3w. Od tych najmniejszych i&nbsp;najprostszych, z&nbsp;kt\u00f3rymi wszyscy spotykamy si\u0119 na co dzie\u0144, po te najbardziej z\u0142o\u017cone, wymagaj\u0105ce d\u0142ugoletniego planowania i&nbsp;konsekwencji.<br \/>Na nasz program sk\u0142ada si\u0119 6 modu\u0142\u00f3w: komunikacja, przestrze\u0144, ludzie, gospodarka, kultura i&nbsp;seniorzy. To kompleksowy zbi\u00f3r rozwi\u0105za\u0144, wypracowany przez kilka lat naszego dzia\u0142ania &#8211; uzupe\u0142niony setkami rozm\u00f3w z&nbsp;mieszka\u0144cami. Ca\u0142o\u015b\u0107 tworzy sp\u00f3jny projekt dla samorz\u0105du, stawiaj\u0105cego przede wszystkim na swoich mieszka\u0144c\u00f3w.<br \/>Chcemy by w&nbsp;samorz\u0105dzie znalaz\u0142a si\u0119 silna reprezentacja spo\u0142ecznik\u00f3w gotowych do aktywnego dzia\u0142ania na rzecz gminy i&nbsp;powiatu. Pora zacz\u0105\u0107 planowa\u0107 nasze otoczenie tak, by spe\u0142nia\u0142o oczekiwania ludzi, kt\u00f3rzy w&nbsp;nim \u017cyj\u0105.<br \/>Od kilku lat spo\u0142ecznie dzia\u0142amy dla naszej okolicy. Sw\u00f3j czas po\u015bwi\u0119camy na to, by zmienia\u0107 j\u0105 na lepsze. Zaprezentowali\u015bmy Wam nasze postulaty &#8211; bierzemy udzia\u0142 w&nbsp;wyborach, by m\u00f3c je zrealizowa\u0107. Z&nbsp;Twoim g\u0142osem razem zaprojektujemy Wrze\u015bni\u0119!<\/p>\n<p><em>Pierwotnie felieton zosta\u0142 opublikowany w&nbsp;tygodniku &#8222;Wiadomo\u015bci Wrzesi\u0144skie&#8221; oraz na portalu <a href=\"http:\/\/www.wrzesnia.info.pl\" target=\"_blank\" rel=\"noopener\">www.wrzesnia.info.pl<\/a>&nbsp;<\/em><\/p>\n<p>&nbsp;<\/p>\n","protected":false},"excerpt":{"rendered":"<p>&nbsp;Kornel Tomczak&#8211; skarbnik Stowarzyszenia Projekt Wrze\u015bnia Przez kilka ostatnich tygodni przedstawili\u015bmy Wam nasz program dla Wrze\u015bni i&nbsp;okolicy. Skupili\u015bmy si\u0119 w&nbsp;nim na realizacji najistotniejszych potrzeb mieszka\u0144c\u00f3w. Od tych najmniejszych i&nbsp;najprostszych, z&nbsp;kt\u00f3rymi wszyscy spotykamy si\u0119 na co dzie\u0144, po te najbardziej z\u0142o\u017cone, wymagaj\u0105ce d\u0142ugoletniego planowania i&nbsp;konsekwencji.Na nasz program sk\u0142ada si\u0119 6 modu\u0142\u00f3w: komunikacja, przestrze\u0144, ludzie, gospodarka, kultura [&hellip;]<\/p>\n","protected":false},"author":1,"featured_media":10853,"comment_status":"open","ping_status":"open","sticky":false,"template":"","format":"standard","meta":{"_acf_changed":false,"footnotes":""},"categories":[41],"tags":[],"class_list":["post-345","post","type-post","status-publish","format-standard","has-post-thumbnail","hentry","category-41"],"acf":[],"_links":{"self":[{"href":"https:\/\/www.projektwrzesnia.pl\/wordpress\/wp-json\/wp\/v2\/posts\/345","targetHints":{"allow":["GET"]}}],"collection":[{"href":"https:\/\/www.projektwrzesnia.pl\/wordpress\/wp-json\/wp\/v2\/posts"}],"about":[{"href":"https:\/\/www.projektwrzesnia.pl\/wordpress\/wp-json\/wp\/v2\/types\/post"}],"author":[{"embeddable":true,"href":"https:\/\/www.projektwrzesnia.pl\/wordpress\/wp-json\/wp\/v2\/users\/1"}],"replies":[{"embeddable":true,"href":"https:\/\/www.projektwrzesnia.pl\/wordpress\/wp-json\/wp\/v2\/comments?post=345"}],"version-history":[{"count":0,"href":"https:\/\/www.projektwrzesnia.pl\/wordpress\/wp-json\/wp\/v2\/posts\/345\/revisions"}],"wp:featuredmedia":[{"embeddable":true,"href":"https:\/\/www.projektwrzesnia.pl\/wordpress\/wp-json\/wp\/v2\/media\/10853"}],"wp:attachment":[{"href":"https:\/\/www.projektwrzesnia.pl\/wordpress\/wp-json\/wp\/v2\/media?parent=345"}],"wp:term":[{"taxonomy":"category","embeddable":true,"href":"https:\/\/www.projektwrzesnia.pl\/wordpress\/wp-json\/wp\/v2\/categories?post=345"},{"taxonomy":"post_tag","embeddable":true,"href":"https:\/\/www.projektwrzesnia.pl\/wordpress\/wp-json\/wp\/v2\/tags?post=345"}],"curies":[{"name":"wp","href":"https:\/\/api.w.org\/{rel}","templated":true}]}}