{"id":346,"date":"2018-10-23T20:00:00","date_gmt":"2018-10-23T20:00:00","guid":{"rendered":"http:\/\/www.projektwrzesnia.pl\/wordpress\/346\/"},"modified":"2018-10-23T20:00:00","modified_gmt":"2018-10-23T20:00:00","slug":"zaczynamy-przygotowania-do-czwartej-miejskiej-kwesty","status":"publish","type":"post","link":"https:\/\/www.projektwrzesnia.pl\/wordpress\/346\/","title":{"rendered":"Zaczynamy przygotowania do czwartej miejskiej kwesty"},"content":{"rendered":"<p>Stary cmentarz we Wrze\u015bni to wa\u017cne miejsce w\u00a0historii Wrze\u015bni. Na\u00a0nim\u00a0spoczywaj\u0105 zas\u0142u\u017cone dla lokalnej spo\u0142eczno\u015bci osoby. Mo\u017cna\u00a0chocia\u017cby wymieni\u0107: Powsta\u0144c\u00f3w Styczniowych, Dzieci Wrzesi\u0144skie, Powsta\u0144c\u00f3w Wielkopolskich, samorz\u0105dowc\u00f3w, dzia\u0142aczy spo\u0142ecznych czy ksi\u0119\u017cy. Cmentarz ma ju\u017c ponad 200 lat i\u00a0wiele nagrobk\u00f3w wymaga podj\u0119cia pilnych prac ratunkowych tym bardziej, \u017ce\u00a0czas jest nieub\u0142agany i\u00a0niebawem wiele z\u00a0nich zwyczajnie zniknie.<\/p>\n<p>Z tego powodu, podobnie jak w\u00a0trzech ostatnich latach, b\u0119dziemy kwestowa\u0107 na rzecz zabytkowych nagrobk\u00f3w z\u00a0cmentarza parafialnego we Wrze\u015bni. B\u0119dzie nas mo\u017cna spotka\u0107 przy obu wrzesi\u0144skich cmentarzach w\u00a0dniu Wszystkich \u015awi\u0119tych.<\/p>\n<p>Do tej pory dzi\u0119ki zebranym \u015brodkom, uda\u0142o si\u0119 wyremontowa\u0107 nagrobek Stanis\u0142awa W\u00f3jkiewicza, Jana Jasi\u0144skiego, Stefana\u00a0Kaczmarka i\u00a0Jana Dalmanowskiego &#8211; \u017co\u0142nierzy wrzesi\u0144skiego 68. pu\u0142ku piechoty oraz nagrobek Stanis\u0142awa Stanis\u0142awskiego &#8211; \u017co\u0142nierza 9. samodzielnego batalionu \u0142\u0105czno\u015bci z\u00a0Brze\u015bcia nad Bugiem. Mamy\u00a0nadziej\u0119, \u017ce w\u00a0tym roku kolejne nagrobki z\u00a0kwatery wojskowej cmentarza parafialnego odzyskaj\u0105 sw\u00f3j dawny blask.<\/p>\n<p>Je\u015bli chcesz pom\u00f3c w\u00a0kwestowaniu to napisz na facebook-u lub na: <sub><strong><a href=\"mailto:kontakt@projektwrzesnia.pl\">kontakt@projektwrzesnia.pl<\/a><\/strong><\/sub><\/p>\n","protected":false},"excerpt":{"rendered":"<p>Stary cmentarz we Wrze\u015bni to wa\u017cne miejsce w\u00a0historii Wrze\u015bni. Na\u00a0nim\u00a0spoczywaj\u0105 zas\u0142u\u017cone dla lokalnej spo\u0142eczno\u015bci osoby. Mo\u017cna\u00a0chocia\u017cby wymieni\u0107: Powsta\u0144c\u00f3w Styczniowych, Dzieci Wrzesi\u0144skie, Powsta\u0144c\u00f3w Wielkopolskich, samorz\u0105dowc\u00f3w, dzia\u0142aczy spo\u0142ecznych czy ksi\u0119\u017cy. Cmentarz ma ju\u017c ponad 200 lat i\u00a0wiele nagrobk\u00f3w wymaga podj\u0119cia pilnych prac ratunkowych tym bardziej, \u017ce\u00a0czas jest nieub\u0142agany i\u00a0niebawem wiele z\u00a0nich zwyczajnie zniknie. Z tego powodu, podobnie [&hellip;]<\/p>\n","protected":false},"author":1,"featured_media":10346,"comment_status":"open","ping_status":"open","sticky":false,"template":"","format":"standard","meta":{"_acf_changed":false,"footnotes":""},"categories":[28],"tags":[],"class_list":["post-346","post","type-post","status-publish","format-standard","has-post-thumbnail","hentry","category-28"],"acf":[],"_links":{"self":[{"href":"https:\/\/www.projektwrzesnia.pl\/wordpress\/wp-json\/wp\/v2\/posts\/346","targetHints":{"allow":["GET"]}}],"collection":[{"href":"https:\/\/www.projektwrzesnia.pl\/wordpress\/wp-json\/wp\/v2\/posts"}],"about":[{"href":"https:\/\/www.projektwrzesnia.pl\/wordpress\/wp-json\/wp\/v2\/types\/post"}],"author":[{"embeddable":true,"href":"https:\/\/www.projektwrzesnia.pl\/wordpress\/wp-json\/wp\/v2\/users\/1"}],"replies":[{"embeddable":true,"href":"https:\/\/www.projektwrzesnia.pl\/wordpress\/wp-json\/wp\/v2\/comments?post=346"}],"version-history":[{"count":0,"href":"https:\/\/www.projektwrzesnia.pl\/wordpress\/wp-json\/wp\/v2\/posts\/346\/revisions"}],"wp:featuredmedia":[{"embeddable":true,"href":"https:\/\/www.projektwrzesnia.pl\/wordpress\/wp-json\/wp\/v2\/media\/10346"}],"wp:attachment":[{"href":"https:\/\/www.projektwrzesnia.pl\/wordpress\/wp-json\/wp\/v2\/media?parent=346"}],"wp:term":[{"taxonomy":"category","embeddable":true,"href":"https:\/\/www.projektwrzesnia.pl\/wordpress\/wp-json\/wp\/v2\/categories?post=346"},{"taxonomy":"post_tag","embeddable":true,"href":"https:\/\/www.projektwrzesnia.pl\/wordpress\/wp-json\/wp\/v2\/tags?post=346"}],"curies":[{"name":"wp","href":"https:\/\/api.w.org\/{rel}","templated":true}]}}