{"id":347,"date":"2018-10-24T20:00:00","date_gmt":"2018-10-24T20:00:00","guid":{"rendered":"http:\/\/www.projektwrzesnia.pl\/wordpress\/347\/"},"modified":"2018-10-24T20:00:00","modified_gmt":"2018-10-24T20:00:00","slug":"przelom-w-sprawie-miejscowego-planu-dla-marzenina-kaweczyna-i-gulczewa","status":"publish","type":"post","link":"https:\/\/www.projektwrzesnia.pl\/wordpress\/347\/","title":{"rendered":"Prze\u0142om w\u00a0sprawie miejscowego planu dla Marzenina, Kaw\u0119czyna i\u00a0Gulczewa"},"content":{"rendered":"<p>Blisko dwa i&nbsp;p\u00f3\u0142 roku temu rozpocz\u0119\u0142a si\u0119 procedura tworzenia miejscowego planu zagospodarowania przestrzennego dla miejscowo\u015bci Kaw\u0119czyn, Marzenin i&nbsp;Gulczewo. Plan mia\u0142 na celu mi\u0119dzy innymi uporz\u0105dkowa\u0107 sprawy przestrzenne na tym obszarze oraz zadba\u0107 o&nbsp;to, by mieszka\u0144cy mogli \u017cy\u0107 w&nbsp;mo\u017cliwie czystym i&nbsp;zdrowym \u015brodowisku. Gdy wreszcie taki plan powsta\u0142, to zosta\u0142 zablokowany przez Zarz\u0105d Powiatu ze&nbsp;starost\u0105 Dionizym Ja\u015bniewiczem na czele [<a href=\"http:\/\/www.projektwrzesnia.pl\/asp\/pl_start.asp?typ=13&amp;sub=23&amp;menu=53&amp;dzialy=53&amp;akcja=artykul&amp;artykul=294\" target=\"_blank\" rel=\"noopener\">wi\u0119cej o&nbsp;tym pisali\u015bmy tutaj<\/a>]. Sprawa ostatecznie trafi\u0142a do Naczelnego S\u0105du Administracyjnego w&nbsp;Warszawie, kt\u00f3ry rozstrzygn\u0105\u0142 dzisiaj, \u017ce&nbsp;Zarz\u0105d Powiatu nie mia\u0142 prawa odm\u00f3wi\u0107 uzgodnienia planu [<a href=\"https:\/\/www.rpo.gov.pl\/pl\/content\/uchylono-decyzje-pozwalajace-na-rozbudowe-uciazliwych-dla-mieszkancow-ferm-hodowlanych\" target=\"_blank\" rel=\"noopener\">wi\u0119cej o&nbsp;tym tutaj<\/a>].Teraz&nbsp;Zarz\u0105d Powiatu b\u0119dzie musia\u0142 ponownie rozpozna\u0107 wniosek o&nbsp;uzgodnienie projektu planu miejscowego &#8211; jednak tym razem zgodnie z&nbsp;wytycznymi S\u0105du. To wielki sukces!<\/p>\n<p>W zwi\u0105zku z&nbsp;tym apelujemy, aby starosta i&nbsp;zarz\u0105d powiatu jak najszybciej uzgodnili miejscowy plan zagospodarowania przestrzennego dla teren\u00f3w Marzenina, Kaw\u0119czyna i&nbsp;Gulczewa i&nbsp;nie blokowali wi\u0119cej dzia\u0142a\u0144 mieszka\u0144c\u00f3w.<\/p>\n<p>Przypomnijmy, przed Burmistrzem Wrze\u015bni wci\u0105\u017c toczy si\u0119 post\u0119powanie administracyjne o&nbsp;wydanie decyzji w&nbsp;sprawie planowanego przedsi\u0119wzi\u0119cia polegaj\u0105cego na budowie fermy drobiu w&nbsp;Kaw\u0119czynie na ponad milion brojler\u00f3w rze\u017anych. Uchwalenie planu zagospodarowania przestrzennego dla&nbsp;teren\u00f3w Kaw\u0119czyna i&nbsp;okolic w&nbsp;proponowanym przez nas i&nbsp;mieszka\u0144c\u00f3w kszta\u0142cie b\u0119dzie tutaj niezmiernie pomocne.<\/p>\n<p>Zach\u0119camy do zapoznania si\u0119 z&nbsp;materia\u0142ami na stronie Biura Rzecznika Spraw Obywatelskich dotycz\u0105cych sprawy Kaw\u0119czyna:<br \/><span style=\"font-size: medium;\">&#8211; Uchylono decyzje pozwalaj\u0105ce na rozbudow\u0119 uci\u0105\u017cliwych dla mieszka\u0144c\u00f3w ferm hodowlanych. NSA podzieli\u0142 stanowisko RPO.&nbsp;Data: 2018-10-24 [<a href=\"https:\/\/www.rpo.gov.pl\/pl\/content\/uchylono-decyzje-pozwalajace-na-rozbudowe-uciazliwych-dla-mieszkancow-ferm-hodowlanych\" target=\"_blank\" rel=\"noopener\">tutaj<\/a>]<\/span><br \/><span style=\"font-size: medium;\">&#8211; Przysz\u0142o\u015b\u0107 polskiej wsi &#8211; mieszka\u0144cy mog\u0105 liczy\u0107 na Rzecznika w&nbsp;walce z&nbsp;uci\u0105\u017cliwymi fermami.&nbsp;Data: 2018-09-28 [<a href=\"https:\/\/www.rpo.gov.pl\/pl\/content\/przyszlosc-polskiej-wsi-mieszkancy-wobec-ferm-futrzarskich-moga-liczyc-na-RPO\" target=\"_blank\" rel=\"noopener\">tutaj<\/a>]<\/span><br \/><span style=\"font-size: medium;\">&#8211; Efekt spotkania regionalnego w&nbsp;Gnie\u017anie: WSA w&nbsp;Poznaniu po argumentach Rzecznika uchyla decyzje pozwalaj\u0105ce rozbudowywa\u0107 uci\u0105\u017cliwe dla mieszka\u0144c\u00f3w okolic Wrze\u015bni fermy hodowlane.&nbsp;Data: 2017-11-22 [<a href=\"https:\/\/www.rpo.gov.pl\/pl\/content\/efekt-spotkania-regionalnego-wsa-uchyla-decyzje-w-sprawie-uciazliwych-ferm\">tutaj<\/a>]<\/span><br \/><span style=\"font-size: medium;\">&#8211; Efekt spotkania regionalnego w&nbsp;Gnie\u017anie: eksperci Biura RPO rozmawiaj\u0105 z&nbsp;mieszka\u0144cami osiedla ko\u0142o Wrze\u015bni otaczanego przez fermy zwierz\u0105t hodowlanych.&nbsp;Data: 2017-05-26 [<a href=\"https:\/\/www.rpo.gov.pl\/pl\/content\/efekt-spotkania-regionalnego-w-gnie\u017anie-eksperci-biura-rpo-rozmawiaj\u0105-z-mieszka\u0144cami-osiedla-ko\u0142o\" target=\"_blank\" rel=\"noopener\">tutaj<\/a>]<\/span><br \/><span style=\"font-size: medium;\">&#8211; Wsp\u00f3lny apel RPO i&nbsp;organizacji pozarz\u0105dowych do rz\u0105du w&nbsp;sprawie uci\u0105\u017cliwo\u015bci zapachowych.&nbsp;Data: 2018-10-18 [<a href=\"https:\/\/www.rpo.gov.pl\/pl\/content\/odory\" target=\"_blank\" rel=\"noopener\">tutaj<\/a>]<\/span><br \/><span style=\"font-size: medium;\">&#8211; 10 przyk\u0142ad\u00f3w interwencji indywidualnych Rzecznika Praw Obywatelskich w&nbsp;2017 r.&nbsp;Data: 2018-01-04 [<a href=\"https:\/\/www.rpo.gov.pl\/pl\/content\/10-przyk\u0142ad\u00f3w-interwencji-indywidualnych-rzecznika-praw-obywatelskich-w-2017-r\" target=\"_blank\" rel=\"noopener\">tutaj<\/a>]<\/span><br \/><span style=\"font-size: medium;\">&#8211; Wyst\u0105pienie RPO Adama Bodnara &bdquo;Wady akt\u00f3w prawa miejscowego na przyk\u0142adzie skarg wnoszonych przez Rzecznika do s\u0105d\u00f3w administracyjnych&#8221; na XXV Zje\u017adzie Katedr Prawa Administracyjnego i&nbsp;Post\u0119powania Administracyjnego&nbsp;Data: 2018-06-26 [<a href=\"https:\/\/www.rpo.gov.pl\/pl\/content\/wady-aktow-prawa-miejscowego-na-przykladzie-skarg-wnoszonych-przez-RPO\" target=\"_blank\" rel=\"noopener\">tutaj<\/a>]<\/span><br \/><span style=\"font-size: medium;\">&#8211; <strong>&#8222;Adam Bodnar, og\u00f3lnopolski Rzecznik Praw Obywatelskich, wskaza\u0142 na Starostwo Powiatowe we Wrze\u015bni jako na instytucj\u0119 uchwalaj\u0105c\u0105 wadliwe prawo&#8221;<\/strong> www.wrzesnia.info.pl [<a href=\"http:\/\/wrzesnia.info.pl\/artykul\/rzecznik-praw-obywatelskich-krytykuje-wrzesinskie-starostwo-powiatowe\" target=\"_blank\" rel=\"noopener\">tutaj<\/a>]<br \/>&#8211;&nbsp;Ferma niezgody. Mieszka\u0144cy m\u00f3wi\u0105 stanowczo: Nie! (zebranie w&nbsp;Gulczewie) www.przemiany.gniezno.pl [<a href=\"http:\/\/przemiany.gniezno.pl\/ferma-niezgody-mieszkancy-mowia-stanowczo-nie\/\" target=\"_blank\" rel=\"noopener\">tutaj<\/a>]<br \/><\/span><\/p>\n<p>&nbsp;<\/p>\n<p>&nbsp;<\/p>\n","protected":false},"excerpt":{"rendered":"<p>Blisko dwa i&nbsp;p\u00f3\u0142 roku temu rozpocz\u0119\u0142a si\u0119 procedura tworzenia miejscowego planu zagospodarowania przestrzennego dla miejscowo\u015bci Kaw\u0119czyn, Marzenin i&nbsp;Gulczewo. Plan mia\u0142 na celu mi\u0119dzy innymi uporz\u0105dkowa\u0107 sprawy przestrzenne na tym obszarze oraz zadba\u0107 o&nbsp;to, by mieszka\u0144cy mogli \u017cy\u0107 w&nbsp;mo\u017cliwie czystym i&nbsp;zdrowym \u015brodowisku. Gdy wreszcie taki plan powsta\u0142, to zosta\u0142 zablokowany przez Zarz\u0105d Powiatu ze&nbsp;starost\u0105 Dionizym Ja\u015bniewiczem [&hellip;]<\/p>\n","protected":false},"author":1,"featured_media":10347,"comment_status":"open","ping_status":"open","sticky":false,"template":"","format":"standard","meta":{"_acf_changed":false,"footnotes":""},"categories":[22],"tags":[],"class_list":["post-347","post","type-post","status-publish","format-standard","has-post-thumbnail","hentry","category-22"],"acf":[],"_links":{"self":[{"href":"https:\/\/www.projektwrzesnia.pl\/wordpress\/wp-json\/wp\/v2\/posts\/347","targetHints":{"allow":["GET"]}}],"collection":[{"href":"https:\/\/www.projektwrzesnia.pl\/wordpress\/wp-json\/wp\/v2\/posts"}],"about":[{"href":"https:\/\/www.projektwrzesnia.pl\/wordpress\/wp-json\/wp\/v2\/types\/post"}],"author":[{"embeddable":true,"href":"https:\/\/www.projektwrzesnia.pl\/wordpress\/wp-json\/wp\/v2\/users\/1"}],"replies":[{"embeddable":true,"href":"https:\/\/www.projektwrzesnia.pl\/wordpress\/wp-json\/wp\/v2\/comments?post=347"}],"version-history":[{"count":0,"href":"https:\/\/www.projektwrzesnia.pl\/wordpress\/wp-json\/wp\/v2\/posts\/347\/revisions"}],"wp:featuredmedia":[{"embeddable":true,"href":"https:\/\/www.projektwrzesnia.pl\/wordpress\/wp-json\/wp\/v2\/media\/10347"}],"wp:attachment":[{"href":"https:\/\/www.projektwrzesnia.pl\/wordpress\/wp-json\/wp\/v2\/media?parent=347"}],"wp:term":[{"taxonomy":"category","embeddable":true,"href":"https:\/\/www.projektwrzesnia.pl\/wordpress\/wp-json\/wp\/v2\/categories?post=347"},{"taxonomy":"post_tag","embeddable":true,"href":"https:\/\/www.projektwrzesnia.pl\/wordpress\/wp-json\/wp\/v2\/tags?post=347"}],"curies":[{"name":"wp","href":"https:\/\/api.w.org\/{rel}","templated":true}]}}