{"id":348,"date":"2018-10-25T20:00:00","date_gmt":"2018-10-25T20:00:00","guid":{"rendered":"http:\/\/www.projektwrzesnia.pl\/wordpress\/348\/"},"modified":"2018-10-25T20:00:00","modified_gmt":"2018-10-25T20:00:00","slug":"wybory-samorzadowe-zakonczone-sukcesem","status":"publish","type":"post","link":"https:\/\/www.projektwrzesnia.pl\/wordpress\/348\/","title":{"rendered":"Wybory samorz\u0105dowe zako\u0144czone sukcesem"},"content":{"rendered":"<p><a href=\"https:\/\/www.projektwrzesnia.pl\/wordpress\/wp-content\/uploads\/2023\/03\/20181025_wybory.jpg\" target=\"_blank\" rel=\"noopener\"><\/a>DZI\u0118KUJEMY za wszystkie Wasze g\u0142osy we wczorajszych wyborach samorz\u0105dowych! Dzi\u0119kujemy wszystkim, kt\u00f3rzy pomagali nam w&nbsp;tym wa\u017cnym czasie i&nbsp;w&nbsp;nas wierzyli! To dla nas wielkie zobowi\u0105zanie do dzia\u0142ania. I&nbsp;si\u0142a do&nbsp;dalszej pracy.<\/p>\n<p>Wasze poparcie prze\u0142o\u017cy\u0142o si\u0119 na 4 mandaty kandydat\u00f3w Projektu Wrze\u015bnia do&nbsp;Rady Miejskiej we Wrze\u015bni. Nowi radni, kt\u00f3rzy b\u0119d\u0105 Was reprezentowa\u0107 w&nbsp;nadchodz\u0105cej kadencji to <strong>Ma\u0142gorzata Nowak, Bogumi\u0142 Kwiatkowski, Damian&nbsp;Staniszewski i&nbsp;Kornel Tomczak<\/strong>.<\/p>\n<p>Ogromnie nas cieszy, \u017ce uda\u0142o nam si\u0119 wprowadzi\u0107 nowe spojrzenie na wiele spraw w&nbsp;naszej okolicy i&nbsp;troch\u0119 \u015bwie\u017co\u015bci. Pokazali\u015bcie, \u017ce zaanga\u017cowanie i&nbsp;merytoryczna praca mo\u017ce naprawd\u0119 zmienia\u0107 rzeczywisto\u015b\u0107!<\/p>\n<p>Dzi\u015b jeste\u015bmy razem i&nbsp;to jest nasze zwyci\u0119stwo! Dzi\u0119ki!&nbsp;<\/p>\n","protected":false},"excerpt":{"rendered":"<p>DZI\u0118KUJEMY za wszystkie Wasze g\u0142osy we wczorajszych wyborach samorz\u0105dowych! Dzi\u0119kujemy wszystkim, kt\u00f3rzy pomagali nam w&nbsp;tym wa\u017cnym czasie i&nbsp;w&nbsp;nas wierzyli! To dla nas wielkie zobowi\u0105zanie do dzia\u0142ania. I&nbsp;si\u0142a do&nbsp;dalszej pracy. Wasze poparcie prze\u0142o\u017cy\u0142o si\u0119 na 4 mandaty kandydat\u00f3w Projektu Wrze\u015bnia do&nbsp;Rady Miejskiej we Wrze\u015bni. Nowi radni, kt\u00f3rzy b\u0119d\u0105 Was reprezentowa\u0107 w&nbsp;nadchodz\u0105cej kadencji to Ma\u0142gorzata Nowak, Bogumi\u0142 [&hellip;]<\/p>\n","protected":false},"author":1,"featured_media":10348,"comment_status":"open","ping_status":"open","sticky":false,"template":"","format":"standard","meta":{"_acf_changed":false,"footnotes":""},"categories":[1],"tags":[],"class_list":["post-348","post","type-post","status-publish","format-standard","has-post-thumbnail","hentry","category-uncategorized"],"acf":[],"_links":{"self":[{"href":"https:\/\/www.projektwrzesnia.pl\/wordpress\/wp-json\/wp\/v2\/posts\/348","targetHints":{"allow":["GET"]}}],"collection":[{"href":"https:\/\/www.projektwrzesnia.pl\/wordpress\/wp-json\/wp\/v2\/posts"}],"about":[{"href":"https:\/\/www.projektwrzesnia.pl\/wordpress\/wp-json\/wp\/v2\/types\/post"}],"author":[{"embeddable":true,"href":"https:\/\/www.projektwrzesnia.pl\/wordpress\/wp-json\/wp\/v2\/users\/1"}],"replies":[{"embeddable":true,"href":"https:\/\/www.projektwrzesnia.pl\/wordpress\/wp-json\/wp\/v2\/comments?post=348"}],"version-history":[{"count":0,"href":"https:\/\/www.projektwrzesnia.pl\/wordpress\/wp-json\/wp\/v2\/posts\/348\/revisions"}],"wp:featuredmedia":[{"embeddable":true,"href":"https:\/\/www.projektwrzesnia.pl\/wordpress\/wp-json\/wp\/v2\/media\/10348"}],"wp:attachment":[{"href":"https:\/\/www.projektwrzesnia.pl\/wordpress\/wp-json\/wp\/v2\/media?parent=348"}],"wp:term":[{"taxonomy":"category","embeddable":true,"href":"https:\/\/www.projektwrzesnia.pl\/wordpress\/wp-json\/wp\/v2\/categories?post=348"},{"taxonomy":"post_tag","embeddable":true,"href":"https:\/\/www.projektwrzesnia.pl\/wordpress\/wp-json\/wp\/v2\/tags?post=348"}],"curies":[{"name":"wp","href":"https:\/\/api.w.org\/{rel}","templated":true}]}}