{"id":349,"date":"2018-10-26T20:00:00","date_gmt":"2018-10-26T20:00:00","guid":{"rendered":"http:\/\/www.projektwrzesnia.pl\/wordpress\/blog\/2018\/10\/26\/dziekujemy-za-wszystkie-wasze-glosy-w-niedzielnych-wyborach-samorzadowych\/"},"modified":"2018-10-26T20:00:00","modified_gmt":"2018-10-26T20:00:00","slug":"dziekujemy-za-wszystkie-wasze-glosy-w-niedzielnych-wyborach-samorzadowych","status":"publish","type":"post","link":"https:\/\/www.projektwrzesnia.pl\/wordpress\/349\/","title":{"rendered":"DZI\u0118KUJEMY za wszystkie Wasze g\u0142osy w\u00a0niedzielnych wyborach samorz\u0105dowych!"},"content":{"rendered":"<p> <em>Filip Tomczak<\/em><em>&#8211; cz\u0142onek Stowarzyszenia Projekt Wrze\u015bnia<\/em><\/p>\n<p>DZI\u0118KUJEMY za wszystkie Wasze g\u0142osy w&nbsp;niedzielnych wyborach samorz\u0105dowych! Dzi\u0119kujemy wszystkim, kt\u00f3rzy pomagali nam w&nbsp;tym wa\u017cnym czasie i&nbsp;w&nbsp;nas wierzyli! To dla nas wielkie zobowi\u0105zanie do dzia\u0142ania. I&nbsp;si\u0142a do dalszej pracy.<br \/>Wasze poparcie w&nbsp;postaci kilku tysi\u0119cy g\u0142os\u00f3w prze\u0142o\u017cy\u0142o si\u0119 na cztery mandaty kandydat\u00f3w Projektu Wrze\u015bnia do Rady Miejskiej we Wrze\u015bni. Nowi radni, kt\u00f3rzy b\u0119d\u0105 Was reprezentowa\u0107 w&nbsp;nadchodz\u0105cej kadencji to Ma\u0142gorzata Nowak, Bogumi\u0142 Kwiatkowski, Damian Staniszewski i&nbsp;Kornel Tomczak.<br \/>Ogromnie nas cieszy, \u017ce uda\u0142o nam si\u0119 wprowadzi\u0107 nowe spojrzenie na wiele spraw w&nbsp;naszej okolicy i&nbsp;troch\u0119 \u015bwie\u017co\u015bci. Pokazali\u015bcie, \u017ce zaanga\u017cowanie i&nbsp;merytoryczna praca mo\u017ce naprawd\u0119 zmienia\u0107 rzeczywisto\u015b\u0107. \u017be w&nbsp;nat\u0142oku kampanijnego szumu, setek plakat\u00f3w i&nbsp;billboard\u00f3w jest r\u00f3wnie\u017c miejsce na konkretny program i&nbsp;merytoryczn\u0105 dyskusj\u0119. \u017be w&nbsp;samorz\u0105dzie jest miejsce dla lokalnych spo\u0142ecznik\u00f3w. Dzi\u0119kujemy!<br \/>Mamy nadziej\u0119, \u017ce teraz razem uda nam si\u0119 wprowadzi\u0107 wiele dobrych rozwi\u0105za\u0144 dla Wrze\u015bni i&nbsp;ca\u0142ej okolicy. Przed nami mn\u00f3stwo pracy, podwijamy r\u0119kawy i&nbsp;dzia\u0142amy dalej!<\/p>\n<p><em>Pierwotnie felieton zosta\u0142 opublikowany w&nbsp;tygodniku &#8222;Wiadomo\u015bci Wrzesi\u0144skie&#8221; oraz na portalu <a href=\"http:\/\/www.wrzesnia.info.pl\" target=\"_blank\" rel=\"noopener\">www.wrzesnia.info.pl<\/a>&nbsp;<\/em><\/p>\n<p>&nbsp;<\/p>\n","protected":false},"excerpt":{"rendered":"<p>Filip Tomczak&#8211; cz\u0142onek Stowarzyszenia Projekt Wrze\u015bnia DZI\u0118KUJEMY za wszystkie Wasze g\u0142osy w&nbsp;niedzielnych wyborach samorz\u0105dowych! Dzi\u0119kujemy wszystkim, kt\u00f3rzy pomagali nam w&nbsp;tym wa\u017cnym czasie i&nbsp;w&nbsp;nas wierzyli! To dla nas wielkie zobowi\u0105zanie do dzia\u0142ania. I&nbsp;si\u0142a do dalszej pracy.Wasze poparcie w&nbsp;postaci kilku tysi\u0119cy g\u0142os\u00f3w prze\u0142o\u017cy\u0142o si\u0119 na cztery mandaty kandydat\u00f3w Projektu Wrze\u015bnia do Rady Miejskiej we Wrze\u015bni. Nowi radni, [&hellip;]<\/p>\n","protected":false},"author":1,"featured_media":10661,"comment_status":"open","ping_status":"open","sticky":false,"template":"","format":"standard","meta":{"_acf_changed":false,"footnotes":""},"categories":[41],"tags":[],"class_list":["post-349","post","type-post","status-publish","format-standard","has-post-thumbnail","hentry","category-41"],"acf":[],"_links":{"self":[{"href":"https:\/\/www.projektwrzesnia.pl\/wordpress\/wp-json\/wp\/v2\/posts\/349","targetHints":{"allow":["GET"]}}],"collection":[{"href":"https:\/\/www.projektwrzesnia.pl\/wordpress\/wp-json\/wp\/v2\/posts"}],"about":[{"href":"https:\/\/www.projektwrzesnia.pl\/wordpress\/wp-json\/wp\/v2\/types\/post"}],"author":[{"embeddable":true,"href":"https:\/\/www.projektwrzesnia.pl\/wordpress\/wp-json\/wp\/v2\/users\/1"}],"replies":[{"embeddable":true,"href":"https:\/\/www.projektwrzesnia.pl\/wordpress\/wp-json\/wp\/v2\/comments?post=349"}],"version-history":[{"count":0,"href":"https:\/\/www.projektwrzesnia.pl\/wordpress\/wp-json\/wp\/v2\/posts\/349\/revisions"}],"wp:featuredmedia":[{"embeddable":true,"href":"https:\/\/www.projektwrzesnia.pl\/wordpress\/wp-json\/wp\/v2\/media\/10661"}],"wp:attachment":[{"href":"https:\/\/www.projektwrzesnia.pl\/wordpress\/wp-json\/wp\/v2\/media?parent=349"}],"wp:term":[{"taxonomy":"category","embeddable":true,"href":"https:\/\/www.projektwrzesnia.pl\/wordpress\/wp-json\/wp\/v2\/categories?post=349"},{"taxonomy":"post_tag","embeddable":true,"href":"https:\/\/www.projektwrzesnia.pl\/wordpress\/wp-json\/wp\/v2\/tags?post=349"}],"curies":[{"name":"wp","href":"https:\/\/api.w.org\/{rel}","templated":true}]}}