{"id":350,"date":"2018-10-31T20:00:00","date_gmt":"2018-10-31T20:00:00","guid":{"rendered":"http:\/\/www.projektwrzesnia.pl\/wordpress\/350\/"},"modified":"2018-10-31T20:00:00","modified_gmt":"2018-10-31T20:00:00","slug":"konczymy-przygotowania-do-czwartej-kwesty","status":"publish","type":"post","link":"https:\/\/www.projektwrzesnia.pl\/wordpress\/350\/","title":{"rendered":"Ko\u0144czymy przygotowania do czwartej kwesty"},"content":{"rendered":"<p>Ju\u017c w&nbsp;czwartek w&nbsp;dniu Wszystkich \u015awi\u0119tych b\u0119dziemy kwestowa\u0107 na rzecz zabytkowych nagrobk\u00f3w z&nbsp;cmentarza parafialnego we Wrze\u015bni. B\u0119dzie nas mo\u017cna spotka\u0107 na obu wrzesi\u0144skich cmentarzach od godz. 8:00 do godz. 16:00. Zach\u0119camy, \u017ceby zabra\u0107 ze&nbsp;sob\u0105 kilka z\u0142otych i&nbsp;wesprze\u0107 szczytny cel.<\/p>\n<p>W tym roku w&nbsp;zbi\u00f3rk\u0119 w\u0142\u0105czy\u0142y si\u0119 osoby z&nbsp;kilku wrzesi\u0144skich organizacji. Dzi\u0119ki&nbsp;temu b\u0119dzie kwestowa\u0142o blisko 20 os\u00f3b.<\/p>\n<p>Osoby, kt\u00f3rych nie b\u0119dzie tego dnia na wrzesi\u0144skich cmentarzach, mog\u0105 wesprze\u0107 zbi\u00f3rk\u0119 poprzez przelew na konto stowarzyszenia Projekt Wrze\u015bnia:<br \/>30 2030 0045 1110 0000 0414 2920<br \/>W tytule przelewu prosimy wpisa\u0107: &bdquo;kwesta&rdquo;.<\/p>\n<p>Je\u015bli chcesz pom\u00f3c w&nbsp;kwestowaniu to napisz na facebook-u lub na: <sub><strong><a href=\"mailto:kontakt@projektwrzesnia.pl\">kontakt@projektwrzesnia.pl<\/a><\/strong><\/sub><\/p>\n<p>&nbsp;<\/p>\n","protected":false},"excerpt":{"rendered":"<p>Ju\u017c w&nbsp;czwartek w&nbsp;dniu Wszystkich \u015awi\u0119tych b\u0119dziemy kwestowa\u0107 na rzecz zabytkowych nagrobk\u00f3w z&nbsp;cmentarza parafialnego we Wrze\u015bni. B\u0119dzie nas mo\u017cna spotka\u0107 na obu wrzesi\u0144skich cmentarzach od godz. 8:00 do godz. 16:00. Zach\u0119camy, \u017ceby zabra\u0107 ze&nbsp;sob\u0105 kilka z\u0142otych i&nbsp;wesprze\u0107 szczytny cel. W tym roku w&nbsp;zbi\u00f3rk\u0119 w\u0142\u0105czy\u0142y si\u0119 osoby z&nbsp;kilku wrzesi\u0144skich organizacji. Dzi\u0119ki&nbsp;temu b\u0119dzie kwestowa\u0142o blisko 20 os\u00f3b. Osoby, [&hellip;]<\/p>\n","protected":false},"author":1,"featured_media":10350,"comment_status":"open","ping_status":"open","sticky":false,"template":"","format":"standard","meta":{"_acf_changed":false,"footnotes":""},"categories":[28],"tags":[],"class_list":["post-350","post","type-post","status-publish","format-standard","has-post-thumbnail","hentry","category-28"],"acf":[],"_links":{"self":[{"href":"https:\/\/www.projektwrzesnia.pl\/wordpress\/wp-json\/wp\/v2\/posts\/350","targetHints":{"allow":["GET"]}}],"collection":[{"href":"https:\/\/www.projektwrzesnia.pl\/wordpress\/wp-json\/wp\/v2\/posts"}],"about":[{"href":"https:\/\/www.projektwrzesnia.pl\/wordpress\/wp-json\/wp\/v2\/types\/post"}],"author":[{"embeddable":true,"href":"https:\/\/www.projektwrzesnia.pl\/wordpress\/wp-json\/wp\/v2\/users\/1"}],"replies":[{"embeddable":true,"href":"https:\/\/www.projektwrzesnia.pl\/wordpress\/wp-json\/wp\/v2\/comments?post=350"}],"version-history":[{"count":0,"href":"https:\/\/www.projektwrzesnia.pl\/wordpress\/wp-json\/wp\/v2\/posts\/350\/revisions"}],"wp:featuredmedia":[{"embeddable":true,"href":"https:\/\/www.projektwrzesnia.pl\/wordpress\/wp-json\/wp\/v2\/media\/10350"}],"wp:attachment":[{"href":"https:\/\/www.projektwrzesnia.pl\/wordpress\/wp-json\/wp\/v2\/media?parent=350"}],"wp:term":[{"taxonomy":"category","embeddable":true,"href":"https:\/\/www.projektwrzesnia.pl\/wordpress\/wp-json\/wp\/v2\/categories?post=350"},{"taxonomy":"post_tag","embeddable":true,"href":"https:\/\/www.projektwrzesnia.pl\/wordpress\/wp-json\/wp\/v2\/tags?post=350"}],"curies":[{"name":"wp","href":"https:\/\/api.w.org\/{rel}","templated":true}]}}