{"id":351,"date":"2018-10-31T20:00:00","date_gmt":"2018-10-31T20:00:00","guid":{"rendered":"http:\/\/www.projektwrzesnia.pl\/wordpress\/blog\/2018\/10\/31\/coraz-wieksza-popularnoscia-na-naszym-terenie-ciesza-sie-murale\/"},"modified":"2018-10-31T20:00:00","modified_gmt":"2018-10-31T20:00:00","slug":"coraz-wieksza-popularnoscia-na-naszym-terenie-ciesza-sie-murale","status":"publish","type":"post","link":"https:\/\/www.projektwrzesnia.pl\/wordpress\/351\/","title":{"rendered":"Coraz wi\u0119ksz\u0105 popularno\u015bci\u0105 na naszym terenie ciesz\u0105 si\u0119 murale"},"content":{"rendered":"<p>&nbsp;<em>Arkadiusz Sobczak<\/em><em>&#8211; cz\u0142onek Stowarzyszenia Projekt Wrze\u015bnia<\/em><\/p>\n<p>Coraz wi\u0119ksz\u0105 popularno\u015bci\u0105 na naszym terenie ciesz\u0105 si\u0119 murale. Jest to atrakcyjna forma graficzna, kt\u00f3ra pozwala zagospodarowa\u0107 pust\u0105 i&nbsp;nieciekaw\u0105 \u015bcian\u0119. Malowid\u0142a, kt\u00f3re ostatnio powsta\u0142y we Wrze\u015bni, Ko\u0142aczkowie, czy Pyzdrach, nawi\u0105zuj\u0105 w&nbsp;swojej tre\u015bci do historii miejscowo\u015bci, Powstania Wielkopolskiego, czy zabytkowych obiekt\u00f3w. Przyk\u0142adem miasta, kt\u00f3re doskonale wykorzysta\u0142o wolne przestrzenie na pokrycie je muralami jest Jarocin. W&nbsp;przeci\u0105gu kilku lat pojawi\u0142y si\u0119 tam murale o&nbsp;tematyce festiwalowej. Mo\u017ce teraz coraz cz\u0119\u015bciej na terenie naszego powiatu b\u0119d\u0105 pojawia\u0107 si\u0119 malowid\u0142a nawi\u0105zuj\u0105ce do historii, ale r\u00f3wnie\u017c do szeroko poj\u0119tej kultury lub warto\u015bci, kt\u00f3re warto zaprezentowa\u0107 i&nbsp;upami\u0119tni\u0107? Wszak nie brakuje wa\u017cnych lokalnych wydarze\u0144, postaci i&nbsp;wierszy. Zw\u0142aszcza te ostatnie mog\u0105 by\u0107 cennym pomys\u0142em. W&nbsp;historii powiatu by\u0142o i&nbsp;jest wielu lokalnych poet\u00f3w, kt\u00f3rych wiersze mo\u017cna by zaprezentowa\u0107 na \u015bcianie. Zyska zar\u00f3wno okolica, jak i&nbsp;niezagospodarowane skrawki budynk\u00f3w. A&nbsp;murale b\u0119d\u0105 r\u00f3wnie po\u017cyteczne jak pami\u0105tkowe tablice, czy pomniki. Mo\u017ce warto spr\u00f3bowa\u0107 na wi\u0119ksz\u0105 skal\u0119? Mam tylko nadziej\u0119, \u017ce murale nie&nbsp;b\u0119d\u0105 koligowa\u0142y z&nbsp;historycznym centrum miasta i&nbsp;zabytkami.<\/p>\n<p><em>Pierwotnie felieton zosta\u0142 opublikowany w&nbsp;tygodniku &#8222;Wiadomo\u015bci Wrzesi\u0144skie&#8221; oraz na portalu <a href=\"http:\/\/www.wrzesnia.info.pl\" target=\"_blank\" rel=\"noopener\">www.wrzesnia.info.pl<\/a><\/em><\/p>\n<p><span>&nbsp;<\/span><\/p>\n","protected":false},"excerpt":{"rendered":"<p>&nbsp;Arkadiusz Sobczak&#8211; cz\u0142onek Stowarzyszenia Projekt Wrze\u015bnia Coraz wi\u0119ksz\u0105 popularno\u015bci\u0105 na naszym terenie ciesz\u0105 si\u0119 murale. Jest to atrakcyjna forma graficzna, kt\u00f3ra pozwala zagospodarowa\u0107 pust\u0105 i&nbsp;nieciekaw\u0105 \u015bcian\u0119. Malowid\u0142a, kt\u00f3re ostatnio powsta\u0142y we Wrze\u015bni, Ko\u0142aczkowie, czy Pyzdrach, nawi\u0105zuj\u0105 w&nbsp;swojej tre\u015bci do historii miejscowo\u015bci, Powstania Wielkopolskiego, czy zabytkowych obiekt\u00f3w. Przyk\u0142adem miasta, kt\u00f3re doskonale wykorzysta\u0142o wolne przestrzenie na pokrycie [&hellip;]<\/p>\n","protected":false},"author":1,"featured_media":10592,"comment_status":"open","ping_status":"open","sticky":false,"template":"","format":"standard","meta":{"_acf_changed":false,"footnotes":""},"categories":[41],"tags":[],"class_list":["post-351","post","type-post","status-publish","format-standard","has-post-thumbnail","hentry","category-41"],"acf":[],"_links":{"self":[{"href":"https:\/\/www.projektwrzesnia.pl\/wordpress\/wp-json\/wp\/v2\/posts\/351","targetHints":{"allow":["GET"]}}],"collection":[{"href":"https:\/\/www.projektwrzesnia.pl\/wordpress\/wp-json\/wp\/v2\/posts"}],"about":[{"href":"https:\/\/www.projektwrzesnia.pl\/wordpress\/wp-json\/wp\/v2\/types\/post"}],"author":[{"embeddable":true,"href":"https:\/\/www.projektwrzesnia.pl\/wordpress\/wp-json\/wp\/v2\/users\/1"}],"replies":[{"embeddable":true,"href":"https:\/\/www.projektwrzesnia.pl\/wordpress\/wp-json\/wp\/v2\/comments?post=351"}],"version-history":[{"count":0,"href":"https:\/\/www.projektwrzesnia.pl\/wordpress\/wp-json\/wp\/v2\/posts\/351\/revisions"}],"wp:featuredmedia":[{"embeddable":true,"href":"https:\/\/www.projektwrzesnia.pl\/wordpress\/wp-json\/wp\/v2\/media\/10592"}],"wp:attachment":[{"href":"https:\/\/www.projektwrzesnia.pl\/wordpress\/wp-json\/wp\/v2\/media?parent=351"}],"wp:term":[{"taxonomy":"category","embeddable":true,"href":"https:\/\/www.projektwrzesnia.pl\/wordpress\/wp-json\/wp\/v2\/categories?post=351"},{"taxonomy":"post_tag","embeddable":true,"href":"https:\/\/www.projektwrzesnia.pl\/wordpress\/wp-json\/wp\/v2\/tags?post=351"}],"curies":[{"name":"wp","href":"https:\/\/api.w.org\/{rel}","templated":true}]}}