{"id":352,"date":"2018-11-01T20:00:00","date_gmt":"2018-11-01T20:00:00","guid":{"rendered":"http:\/\/www.projektwrzesnia.pl\/wordpress\/352\/"},"modified":"2018-11-01T20:00:00","modified_gmt":"2018-11-01T20:00:00","slug":"datki-z-czwartej-kwesty-podliczone","status":"publish","type":"post","link":"https:\/\/www.projektwrzesnia.pl\/wordpress\/352\/","title":{"rendered":"Datki z\u00a0czwartej kwesty podliczone"},"content":{"rendered":"<p><a href=\"https:\/\/www.projektwrzesnia.pl\/wordpress\/wp-content\/uploads\/2023\/03\/20181101_kwesta_ikona.jpg\" target=\"_blank\" rel=\"noopener\"><\/a>W\u0142a\u015bnie policzyli\u015bmy wszystkie zebrane pieni\u0105dze z&nbsp;dzisiejszej kwesty. W&nbsp;tym roku uda\u0142o si\u0119 zebra\u0107 <strong>6 673,40z\u0142 i&nbsp;5 euro<\/strong>!<\/p>\n<p>Wszystkim Wam dzi\u0119kujemy za ofiarno\u015b\u0107!<\/p>\n<p>Dzi\u0119kujemy r\u00f3wnie\u017c wszystkim tym, kt\u00f3rzy kwestowali z&nbsp;nami na cmentarzach: mieszka\u0144com oraz osobom z&nbsp;wrzesi\u0144skich organizacji Klubu Gazety Polskiej oraz Prawa&nbsp;i&nbsp;Sprawiedliwo\u015bci. \u0141\u0105cznie kwestowa\u0142o blisko 20 os\u00f3b.<\/p>\n<p>Wci\u0105\u017c mo\u017cna wesprze\u0107 zbi\u00f3rk\u0119 poprzez przelew na konto stowarzyszenia Projekt&nbsp;Wrze\u015bnia: <strong>30 2030 0045 1110 0000 0414 2920<\/strong><br \/>W tytule przelewu prosimy wpisa\u0107: <strong>&bdquo;kwesta&rdquo;<\/strong>.<\/p>\n<p>W poprzednich trzech edycjach kwesty zebrali\u015bmy \u0142\u0105cznie 15.576,48 PLN i&nbsp;wyremontowali\u015bmy pi\u0119\u0107 nagrobk\u00f3w. W&nbsp;tym roku na pewno wyremontujmy kolejny. &nbsp;<\/p>\n","protected":false},"excerpt":{"rendered":"<p>W\u0142a\u015bnie policzyli\u015bmy wszystkie zebrane pieni\u0105dze z&nbsp;dzisiejszej kwesty. W&nbsp;tym roku uda\u0142o si\u0119 zebra\u0107 6 673,40z\u0142 i&nbsp;5 euro! Wszystkim Wam dzi\u0119kujemy za ofiarno\u015b\u0107! Dzi\u0119kujemy r\u00f3wnie\u017c wszystkim tym, kt\u00f3rzy kwestowali z&nbsp;nami na cmentarzach: mieszka\u0144com oraz osobom z&nbsp;wrzesi\u0144skich organizacji Klubu Gazety Polskiej oraz Prawa&nbsp;i&nbsp;Sprawiedliwo\u015bci. \u0141\u0105cznie kwestowa\u0142o blisko 20 os\u00f3b. Wci\u0105\u017c mo\u017cna wesprze\u0107 zbi\u00f3rk\u0119 poprzez przelew na konto stowarzyszenia Projekt&nbsp;Wrze\u015bnia: [&hellip;]<\/p>\n","protected":false},"author":1,"featured_media":10352,"comment_status":"open","ping_status":"open","sticky":false,"template":"","format":"standard","meta":{"_acf_changed":false,"footnotes":""},"categories":[28],"tags":[],"class_list":["post-352","post","type-post","status-publish","format-standard","has-post-thumbnail","hentry","category-28"],"acf":[],"_links":{"self":[{"href":"https:\/\/www.projektwrzesnia.pl\/wordpress\/wp-json\/wp\/v2\/posts\/352","targetHints":{"allow":["GET"]}}],"collection":[{"href":"https:\/\/www.projektwrzesnia.pl\/wordpress\/wp-json\/wp\/v2\/posts"}],"about":[{"href":"https:\/\/www.projektwrzesnia.pl\/wordpress\/wp-json\/wp\/v2\/types\/post"}],"author":[{"embeddable":true,"href":"https:\/\/www.projektwrzesnia.pl\/wordpress\/wp-json\/wp\/v2\/users\/1"}],"replies":[{"embeddable":true,"href":"https:\/\/www.projektwrzesnia.pl\/wordpress\/wp-json\/wp\/v2\/comments?post=352"}],"version-history":[{"count":0,"href":"https:\/\/www.projektwrzesnia.pl\/wordpress\/wp-json\/wp\/v2\/posts\/352\/revisions"}],"wp:featuredmedia":[{"embeddable":true,"href":"https:\/\/www.projektwrzesnia.pl\/wordpress\/wp-json\/wp\/v2\/media\/10352"}],"wp:attachment":[{"href":"https:\/\/www.projektwrzesnia.pl\/wordpress\/wp-json\/wp\/v2\/media?parent=352"}],"wp:term":[{"taxonomy":"category","embeddable":true,"href":"https:\/\/www.projektwrzesnia.pl\/wordpress\/wp-json\/wp\/v2\/categories?post=352"},{"taxonomy":"post_tag","embeddable":true,"href":"https:\/\/www.projektwrzesnia.pl\/wordpress\/wp-json\/wp\/v2\/tags?post=352"}],"curies":[{"name":"wp","href":"https:\/\/api.w.org\/{rel}","templated":true}]}}