{"id":353,"date":"2018-11-16T20:00:00","date_gmt":"2018-11-16T20:00:00","guid":{"rendered":"http:\/\/www.projektwrzesnia.pl\/wordpress\/blog\/2018\/11\/16\/cala-polska-jedna-wielka-strefa-ekonomiczna\/"},"modified":"2018-11-16T20:00:00","modified_gmt":"2018-11-16T20:00:00","slug":"cala-polska-jedna-wielka-strefa-ekonomiczna","status":"publish","type":"post","link":"https:\/\/www.projektwrzesnia.pl\/wordpress\/353\/","title":{"rendered":"Ca\u0142a Polska jedn\u0105 wielk\u0105 stref\u0105 ekonomiczn\u0105"},"content":{"rendered":"<p> <em>Filip Tomczak<\/em><em>&#8211; cz\u0142onek Stowarzyszenia Projekt Wrze\u015bnia<\/em><\/p>\n<p>Ca\u0142a Polska jedn\u0105 wielk\u0105 stref\u0105 ekonomiczn\u0105 &ndash; pod takim has\u0142em wprowadzono kilka miesi\u0119cy temu ustaw\u0119 z&nbsp;u\u0142atwieniami dla przedsi\u0119biorc\u00f3w. W&nbsp;skr\u00f3cie mo\u017cna powiedzie\u0107, \u017ce nowe przepisy umo\u017cliwiaj\u0105 zwolnienia podatkowe dla inwestor\u00f3w na 10-15 lat, a&nbsp;z zach\u0119t b\u0119d\u0105 mog\u0142y korzysta\u0107 nie tylko du\u017ce, ale przede wszystkim mikro, ma\u0142e i&nbsp;\u015brednie firmy. R\u00f3wnie\u017c nasi lokalni przedsi\u0119biorcy mog\u0105 uzyska\u0107 wsparcie dla swoich przedsi\u0119wzi\u0119\u0107. Decyzje w&nbsp;tej sprawie b\u0119dzie wydawa\u0142a Wa\u0142brzyska Specjalna Strefa Ekonomiczna, kt\u00f3rej podlega teren powiatu wrzesi\u0144skiego. Niestety Wa\u0142brzych jest oddalony od Wrze\u015bni o&nbsp;oko\u0142o 240 km, dlatego warto, aby to w&nbsp;ratuszu powsta\u0142 punktu wsparcia dla lokalnych przedsi\u0119biorc\u00f3w, \u017ceby u\u0142atwi\u0107 im korzystanie z&nbsp;funduszy unijnych, zwolnie\u0144 podatkowych i&nbsp;pomocy &bdquo;de minimis&rdquo;. W&nbsp;punkcie wsparcia mogliby te\u017c otrzyma\u0107 pomoc w&nbsp;rozwi\u0105zywaniu bie\u017c\u0105cych problem\u00f3w, kt\u00f3rych nigdy nie brakuje. Zamo\u017cno\u015b\u0107 miasta mierzy si\u0119 mi\u0119dzy innymi zamo\u017cno\u015bci\u0105 rodzimych przedsi\u0119biorc\u00f3w. To oni tworz\u0105 trzon i&nbsp;podstaw\u0119 rozwoju gospodarczego miasta i&nbsp;gminy. Warto ich w&nbsp;tym wspiera\u0107.<\/p>\n<p><em>Pierwotnie felieton zosta\u0142 opublikowany w&nbsp;tygodniku &#8222;Wiadomo\u015bci Wrzesi\u0144skie&#8221; oraz na portalu <a href=\"http:\/\/www.wrzesnia.info.pl\" target=\"_blank\" rel=\"noopener\">www.wrzesnia.info.pl<\/a>&nbsp;<\/em><\/p>\n<p>&nbsp;<\/p>\n","protected":false},"excerpt":{"rendered":"<p>Filip Tomczak&#8211; cz\u0142onek Stowarzyszenia Projekt Wrze\u015bnia Ca\u0142a Polska jedn\u0105 wielk\u0105 stref\u0105 ekonomiczn\u0105 &ndash; pod takim has\u0142em wprowadzono kilka miesi\u0119cy temu ustaw\u0119 z&nbsp;u\u0142atwieniami dla przedsi\u0119biorc\u00f3w. W&nbsp;skr\u00f3cie mo\u017cna powiedzie\u0107, \u017ce nowe przepisy umo\u017cliwiaj\u0105 zwolnienia podatkowe dla inwestor\u00f3w na 10-15 lat, a&nbsp;z zach\u0119t b\u0119d\u0105 mog\u0142y korzysta\u0107 nie tylko du\u017ce, ale przede wszystkim mikro, ma\u0142e i&nbsp;\u015brednie firmy. R\u00f3wnie\u017c nasi [&hellip;]<\/p>\n","protected":false},"author":1,"featured_media":10661,"comment_status":"open","ping_status":"open","sticky":false,"template":"","format":"standard","meta":{"_acf_changed":false,"footnotes":""},"categories":[41],"tags":[],"class_list":["post-353","post","type-post","status-publish","format-standard","has-post-thumbnail","hentry","category-41"],"acf":[],"_links":{"self":[{"href":"https:\/\/www.projektwrzesnia.pl\/wordpress\/wp-json\/wp\/v2\/posts\/353","targetHints":{"allow":["GET"]}}],"collection":[{"href":"https:\/\/www.projektwrzesnia.pl\/wordpress\/wp-json\/wp\/v2\/posts"}],"about":[{"href":"https:\/\/www.projektwrzesnia.pl\/wordpress\/wp-json\/wp\/v2\/types\/post"}],"author":[{"embeddable":true,"href":"https:\/\/www.projektwrzesnia.pl\/wordpress\/wp-json\/wp\/v2\/users\/1"}],"replies":[{"embeddable":true,"href":"https:\/\/www.projektwrzesnia.pl\/wordpress\/wp-json\/wp\/v2\/comments?post=353"}],"version-history":[{"count":0,"href":"https:\/\/www.projektwrzesnia.pl\/wordpress\/wp-json\/wp\/v2\/posts\/353\/revisions"}],"wp:featuredmedia":[{"embeddable":true,"href":"https:\/\/www.projektwrzesnia.pl\/wordpress\/wp-json\/wp\/v2\/media\/10661"}],"wp:attachment":[{"href":"https:\/\/www.projektwrzesnia.pl\/wordpress\/wp-json\/wp\/v2\/media?parent=353"}],"wp:term":[{"taxonomy":"category","embeddable":true,"href":"https:\/\/www.projektwrzesnia.pl\/wordpress\/wp-json\/wp\/v2\/categories?post=353"},{"taxonomy":"post_tag","embeddable":true,"href":"https:\/\/www.projektwrzesnia.pl\/wordpress\/wp-json\/wp\/v2\/tags?post=353"}],"curies":[{"name":"wp","href":"https:\/\/api.w.org\/{rel}","templated":true}]}}