{"id":354,"date":"2018-11-21T20:00:00","date_gmt":"2018-11-21T20:00:00","guid":{"rendered":"http:\/\/www.projektwrzesnia.pl\/wordpress\/354\/"},"modified":"2018-11-21T20:00:00","modified_gmt":"2018-11-21T20:00:00","slug":"podsumowujemy-czwarta-kweste","status":"publish","type":"post","link":"https:\/\/www.projektwrzesnia.pl\/wordpress\/354\/","title":{"rendered":"Podsumowujemy czwart\u0105 kwest\u0119"},"content":{"rendered":"<p><a href=\"https:\/\/www.projektwrzesnia.pl\/wordpress\/wp-content\/uploads\/2023\/03\/20181121_kwesta_ikona.jpg\" target=\"_blank\" rel=\"noopener\"><\/a>W tym roku kwesta na rzecz renowacji zabytkowych nagrobk\u00f3w z&nbsp;cmentarza parafialnego we Wrze\u015bni odby\u0142a si\u0119 przy niezwykle sprzyjaj\u0105cej pogodzie. W&nbsp;zbieranie pieni\u0119dzy do puszek by\u0142o zaanga\u017cowanych blisko 20 os\u00f3b. Dzi\u0119ki ofiarno\u015bci mieszka\u0144c\u00f3w i&nbsp;wytrwa\u0142o\u015bci wolontariuszy 1 listopada zebrali\u015bmy dok\u0142adnie 6 673,40 z\u0142 i&nbsp;5 euro.<\/p>\n<p>Trzeba wspomnie\u0107, \u017ce samo zbieranie w&nbsp;puszek to tylko cz\u0119\u015b\u0107 ca\u0142ego przedsi\u0119wzi\u0119cia. R\u00f3wnocze\u015bnie w&nbsp;ostatnich tygodniach prowadzili\u015bmy zbi\u00f3rk\u0119 w&nbsp;internecie oraz w&nbsp;miejscach, w&nbsp;kt\u00f3rych pojawiali si\u0119 cz\u0142onkowie naszego stowarzyszenia. Z&nbsp;tych dw\u00f3ch \u017ar\u00f3de\u0142 uzyskali\u015bmy 175 z\u0142.<\/p>\n<p>Jednym z&nbsp;ciekawszych moment\u00f3w tegorocznej akcji by\u0142o kwestowanie w\u015br\u00f3d cz\u0142onk\u00f3w Citro&euml;n Klub Pozna\u0144, kt\u00f3rzy przyjechali do Wrze\u015bni wspania\u0142ymi zabytkowymi autami w&nbsp;przeddzie\u0144 \u015awi\u0119ta Niepodleg\u0142o\u015bci. Spotkali\u015bmy si\u0119 z&nbsp;nimi obok nowego muralu niepodleg\u0142o\u015bciowego przy ul. Gnie\u017anie\u0144skiej. Nast\u0119pnie przeszli\u015bmy na cmentarz parafialny, gdzie cz\u0142onkowie klubu z\u0142o\u017cyli kwiaty i&nbsp;zapalili znicze przy pomniku powsta\u0144c\u00f3w wielkopolskich oraz przekazali datki na kwest\u0119 w&nbsp;wysoko\u015bci 319 z\u0142. Dzi\u0119kujemy ca\u0142emu klubowi za wsparcie, a&nbsp;szczeg\u00f3lnie dzi\u0119kujemy pani Lilianie Kuczy, kt\u00f3ra by\u0142a pomys\u0142odawczyni\u0105 kwestowania w\u015br\u00f3d citro&euml;nowicz\u00f3w.<\/p>\n<p>W tym roku ze&nbsp;wszystkich \u017ar\u00f3de\u0142 uda\u0142o si\u0119 zebra\u0107 \u0142\u0105cznie <strong>7 167,40 z\u0142<\/strong> oraz 5 euro. Za wszystkie ofiary i&nbsp;pomoc serdecznie dzi\u0119kujemy. A&nbsp;ju\u017c na wiosn\u0119 kolejne nagrobki \u017co\u0142nierzy odzyskaj\u0105 sw\u00f3j dawny blask. &nbsp;<\/p>\n<figure class=\"is-layout-flex wp-block-gallery-1 wp-block-gallery has-nested-images columns-default is-cropped\">\n<figure class=\"wp-block-image\"><img loading=\"lazy\" decoding=\"async\" width=\"1440\" height=\"1080\" src=\"https:\/\/www.projektwrzesnia.pl\/wordpress\/wp-content\/uploads\/2023\/03\/20181121_kwesta__11_.jpg\" alt=\"\" class=\"wp-image-103540\" srcset=\"https:\/\/www.projektwrzesnia.pl\/wordpress\/wp-content\/uploads\/2023\/03\/20181121_kwesta__11_.jpg 1440w, https:\/\/www.projektwrzesnia.pl\/wordpress\/wp-content\/uploads\/2023\/03\/20181121_kwesta__11_-300x225.jpg 300w, https:\/\/www.projektwrzesnia.pl\/wordpress\/wp-content\/uploads\/2023\/03\/20181121_kwesta__11_-1024x768.jpg 1024w, https:\/\/www.projektwrzesnia.pl\/wordpress\/wp-content\/uploads\/2023\/03\/20181121_kwesta__11_-768x576.jpg 768w\" sizes=\"auto, (max-width: 1440px) 100vw, 1440px\" \/><\/figure>\n<figure class=\"wp-block-image\"><img loading=\"lazy\" decoding=\"async\" width=\"1440\" height=\"1080\" src=\"https:\/\/www.projektwrzesnia.pl\/wordpress\/wp-content\/uploads\/2023\/03\/20181121_kwesta__12_.jpg\" alt=\"\" class=\"wp-image-103541\" srcset=\"https:\/\/www.projektwrzesnia.pl\/wordpress\/wp-content\/uploads\/2023\/03\/20181121_kwesta__12_.jpg 1440w, https:\/\/www.projektwrzesnia.pl\/wordpress\/wp-content\/uploads\/2023\/03\/20181121_kwesta__12_-300x225.jpg 300w, https:\/\/www.projektwrzesnia.pl\/wordpress\/wp-content\/uploads\/2023\/03\/20181121_kwesta__12_-1024x768.jpg 1024w, https:\/\/www.projektwrzesnia.pl\/wordpress\/wp-content\/uploads\/2023\/03\/20181121_kwesta__12_-768x576.jpg 768w\" sizes=\"auto, (max-width: 1440px) 100vw, 1440px\" \/><\/figure>\n<figure class=\"wp-block-image\"><img loading=\"lazy\" decoding=\"async\" width=\"1920\" height=\"1080\" src=\"https:\/\/www.projektwrzesnia.pl\/wordpress\/wp-content\/uploads\/2023\/03\/20181121_kwesta__13_.jpg\" alt=\"\" class=\"wp-image-103542\" srcset=\"https:\/\/www.projektwrzesnia.pl\/wordpress\/wp-content\/uploads\/2023\/03\/20181121_kwesta__13_.jpg 1920w, https:\/\/www.projektwrzesnia.pl\/wordpress\/wp-content\/uploads\/2023\/03\/20181121_kwesta__13_-300x169.jpg 300w, https:\/\/www.projektwrzesnia.pl\/wordpress\/wp-content\/uploads\/2023\/03\/20181121_kwesta__13_-1024x576.jpg 1024w, https:\/\/www.projektwrzesnia.pl\/wordpress\/wp-content\/uploads\/2023\/03\/20181121_kwesta__13_-768x432.jpg 768w, https:\/\/www.projektwrzesnia.pl\/wordpress\/wp-content\/uploads\/2023\/03\/20181121_kwesta__13_-1536x864.jpg 1536w\" sizes=\"auto, (max-width: 1920px) 100vw, 1920px\" \/><\/figure>\n<figure class=\"wp-block-image\"><img loading=\"lazy\" decoding=\"async\" width=\"810\" height=\"1080\" src=\"https:\/\/www.projektwrzesnia.pl\/wordpress\/wp-content\/uploads\/2023\/03\/20181121_kwesta__14_.jpg\" alt=\"\" class=\"wp-image-103543\" srcset=\"https:\/\/www.projektwrzesnia.pl\/wordpress\/wp-content\/uploads\/2023\/03\/20181121_kwesta__14_.jpg 810w, https:\/\/www.projektwrzesnia.pl\/wordpress\/wp-content\/uploads\/2023\/03\/20181121_kwesta__14_-225x300.jpg 225w, https:\/\/www.projektwrzesnia.pl\/wordpress\/wp-content\/uploads\/2023\/03\/20181121_kwesta__14_-768x1024.jpg 768w\" sizes=\"auto, (max-width: 810px) 100vw, 810px\" \/><\/figure>\n<figure class=\"wp-block-image\"><img loading=\"lazy\" decoding=\"async\" width=\"810\" height=\"1080\" src=\"https:\/\/www.projektwrzesnia.pl\/wordpress\/wp-content\/uploads\/2023\/03\/20181121_kwesta__15_.jpg\" alt=\"\" class=\"wp-image-103544\" srcset=\"https:\/\/www.projektwrzesnia.pl\/wordpress\/wp-content\/uploads\/2023\/03\/20181121_kwesta__15_.jpg 810w, https:\/\/www.projektwrzesnia.pl\/wordpress\/wp-content\/uploads\/2023\/03\/20181121_kwesta__15_-225x300.jpg 225w, https:\/\/www.projektwrzesnia.pl\/wordpress\/wp-content\/uploads\/2023\/03\/20181121_kwesta__15_-768x1024.jpg 768w\" sizes=\"auto, (max-width: 810px) 100vw, 810px\" \/><\/figure>\n<figure class=\"wp-block-image\"><img loading=\"lazy\" decoding=\"async\" width=\"1440\" height=\"1080\" src=\"https:\/\/www.projektwrzesnia.pl\/wordpress\/wp-content\/uploads\/2023\/03\/20181121_kwesta__16_.jpg\" alt=\"\" class=\"wp-image-103545\" srcset=\"https:\/\/www.projektwrzesnia.pl\/wordpress\/wp-content\/uploads\/2023\/03\/20181121_kwesta__16_.jpg 1440w, https:\/\/www.projektwrzesnia.pl\/wordpress\/wp-content\/uploads\/2023\/03\/20181121_kwesta__16_-300x225.jpg 300w, https:\/\/www.projektwrzesnia.pl\/wordpress\/wp-content\/uploads\/2023\/03\/20181121_kwesta__16_-1024x768.jpg 1024w, https:\/\/www.projektwrzesnia.pl\/wordpress\/wp-content\/uploads\/2023\/03\/20181121_kwesta__16_-768x576.jpg 768w\" sizes=\"auto, (max-width: 1440px) 100vw, 1440px\" \/><\/figure>\n<figure class=\"wp-block-image\"><img loading=\"lazy\" decoding=\"async\" width=\"1440\" height=\"1080\" src=\"https:\/\/www.projektwrzesnia.pl\/wordpress\/wp-content\/uploads\/2023\/03\/20181121_kwesta__17_.jpg\" alt=\"\" class=\"wp-image-103546\" srcset=\"https:\/\/www.projektwrzesnia.pl\/wordpress\/wp-content\/uploads\/2023\/03\/20181121_kwesta__17_.jpg 1440w, https:\/\/www.projektwrzesnia.pl\/wordpress\/wp-content\/uploads\/2023\/03\/20181121_kwesta__17_-300x225.jpg 300w, https:\/\/www.projektwrzesnia.pl\/wordpress\/wp-content\/uploads\/2023\/03\/20181121_kwesta__17_-1024x768.jpg 1024w, https:\/\/www.projektwrzesnia.pl\/wordpress\/wp-content\/uploads\/2023\/03\/20181121_kwesta__17_-768x576.jpg 768w\" sizes=\"auto, (max-width: 1440px) 100vw, 1440px\" \/><\/figure>\n<\/figure>\n","protected":false},"excerpt":{"rendered":"<p>W tym roku kwesta na rzecz renowacji zabytkowych nagrobk\u00f3w z&nbsp;cmentarza parafialnego we Wrze\u015bni odby\u0142a si\u0119 przy niezwykle sprzyjaj\u0105cej pogodzie. W&nbsp;zbieranie pieni\u0119dzy do puszek by\u0142o zaanga\u017cowanych blisko 20 os\u00f3b. Dzi\u0119ki ofiarno\u015bci mieszka\u0144c\u00f3w i&nbsp;wytrwa\u0142o\u015bci wolontariuszy 1 listopada zebrali\u015bmy dok\u0142adnie 6 673,40 z\u0142 i&nbsp;5 euro. Trzeba wspomnie\u0107, \u017ce samo zbieranie w&nbsp;puszek to tylko cz\u0119\u015b\u0107 ca\u0142ego przedsi\u0119wzi\u0119cia. R\u00f3wnocze\u015bnie w&nbsp;ostatnich [&hellip;]<\/p>\n","protected":false},"author":1,"featured_media":10354,"comment_status":"open","ping_status":"open","sticky":false,"template":"","format":"standard","meta":{"_acf_changed":false,"footnotes":""},"categories":[28],"tags":[],"class_list":["post-354","post","type-post","status-publish","format-standard","has-post-thumbnail","hentry","category-28"],"acf":[],"_links":{"self":[{"href":"https:\/\/www.projektwrzesnia.pl\/wordpress\/wp-json\/wp\/v2\/posts\/354","targetHints":{"allow":["GET"]}}],"collection":[{"href":"https:\/\/www.projektwrzesnia.pl\/wordpress\/wp-json\/wp\/v2\/posts"}],"about":[{"href":"https:\/\/www.projektwrzesnia.pl\/wordpress\/wp-json\/wp\/v2\/types\/post"}],"author":[{"embeddable":true,"href":"https:\/\/www.projektwrzesnia.pl\/wordpress\/wp-json\/wp\/v2\/users\/1"}],"replies":[{"embeddable":true,"href":"https:\/\/www.projektwrzesnia.pl\/wordpress\/wp-json\/wp\/v2\/comments?post=354"}],"version-history":[{"count":0,"href":"https:\/\/www.projektwrzesnia.pl\/wordpress\/wp-json\/wp\/v2\/posts\/354\/revisions"}],"wp:featuredmedia":[{"embeddable":true,"href":"https:\/\/www.projektwrzesnia.pl\/wordpress\/wp-json\/wp\/v2\/media\/10354"}],"wp:attachment":[{"href":"https:\/\/www.projektwrzesnia.pl\/wordpress\/wp-json\/wp\/v2\/media?parent=354"}],"wp:term":[{"taxonomy":"category","embeddable":true,"href":"https:\/\/www.projektwrzesnia.pl\/wordpress\/wp-json\/wp\/v2\/categories?post=354"},{"taxonomy":"post_tag","embeddable":true,"href":"https:\/\/www.projektwrzesnia.pl\/wordpress\/wp-json\/wp\/v2\/tags?post=354"}],"curies":[{"name":"wp","href":"https:\/\/api.w.org\/{rel}","templated":true}]}}