{"id":355,"date":"2018-11-23T20:00:00","date_gmt":"2018-11-23T20:00:00","guid":{"rendered":"http:\/\/www.projektwrzesnia.pl\/wordpress\/blog\/2018\/11\/23\/troska-o-dziedzictwo-historyczne-jest-przejawem-dobrze-rozumianego-patriotyzmu\/"},"modified":"2018-11-23T20:00:00","modified_gmt":"2018-11-23T20:00:00","slug":"troska-o-dziedzictwo-historyczne-jest-przejawem-dobrze-rozumianego-patriotyzmu","status":"publish","type":"post","link":"https:\/\/www.projektwrzesnia.pl\/wordpress\/355\/","title":{"rendered":"Troska o\u00a0dziedzictwo historyczne jest przejawem dobrze rozumianego patriotyzmu"},"content":{"rendered":"<p>&nbsp;<em>Arkadiusz Sobczak<\/em><em>&#8211; cz\u0142onek Stowarzyszenia Projekt Wrze\u015bnia<\/em><\/p>\n<p>Troska o&nbsp;dziedzictwo historyczne jest przejawem dobrze rozumianego patriotyzmu. Gdy t\u0119 trosk\u0119 przekuje si\u0119 na dzia\u0142anie w&nbsp;konkretnych sprawach to mo\u017cna zrobi\u0107 wiele dobrego. W&nbsp;ostatnich tygodniach dzi\u0119ki naszym wysi\u0142kom PKP w&nbsp;ko\u0144cu przekaza\u0142o gminie Wrze\u015bnia swoje warunki przeniesienia zabytkowego \u017curawia wodnego z&nbsp;dworca kolejowego. Obecnie PKP czeka na stanowisko gminy. Kolejna rzecz to nasze dzia\u0142ania dla terenu dawnego zamku kr\u00f3lewskiego w&nbsp;Pyzdrach. Znajduje si\u0119 tam budynek administracyjno-us\u0142ugowy, kt\u00f3ry pochodzi z&nbsp;okresu drugiego rozbioru Rzeczypospolitej, czyli ma ponad 200 lat. Jego wygl\u0105d zosta\u0142 w&nbsp;okresie PRL-u mocno zmieniony, ale nadal jest on warto\u015bciowy i&nbsp;mo\u017cna przywr\u00f3ci\u0107 mu dawn\u0105 \u015bwietno\u015b\u0107. Inwestor chcia\u0142 jego wyburzenia, ale w\u0142\u0105czyli\u015bmy si\u0119 w&nbsp;post\u0119powanie administracyjne i&nbsp;koniec ko\u0144c\u00f3w konserwator przychyli\u0142 si\u0119 do naszej pro\u015bby wskazuj\u0105c, \u017ceby nie wyburza\u0107 tego obiektu. Oczywi\u015bcie podejmujemy wi\u0119cej dzia\u0142a\u0144 jako spo\u0142eczni opiekunowie zabytk\u00f3w, a&nbsp;przedstawione dwa przyk\u0142ady to tylko ma\u0142y wycinek z&nbsp;ca\u0142o\u015bci. Dzia\u0142ajmy wszyscy dla dziedzictwa i&nbsp;dla ratowania zabytk\u00f3w.<\/p>\n<p><em>Pierwotnie felieton zosta\u0142 opublikowany w&nbsp;tygodniku &#8222;Wiadomo\u015bci Wrzesi\u0144skie&#8221; oraz na portalu <a href=\"http:\/\/www.wrzesnia.info.pl\" target=\"_blank\" rel=\"noopener\">www.wrzesnia.info.pl<\/a><\/em><\/p>\n<p><span>&nbsp;<\/span><\/p>\n","protected":false},"excerpt":{"rendered":"<p>&nbsp;Arkadiusz Sobczak&#8211; cz\u0142onek Stowarzyszenia Projekt Wrze\u015bnia Troska o&nbsp;dziedzictwo historyczne jest przejawem dobrze rozumianego patriotyzmu. Gdy t\u0119 trosk\u0119 przekuje si\u0119 na dzia\u0142anie w&nbsp;konkretnych sprawach to mo\u017cna zrobi\u0107 wiele dobrego. W&nbsp;ostatnich tygodniach dzi\u0119ki naszym wysi\u0142kom PKP w&nbsp;ko\u0144cu przekaza\u0142o gminie Wrze\u015bnia swoje warunki przeniesienia zabytkowego \u017curawia wodnego z&nbsp;dworca kolejowego. Obecnie PKP czeka na stanowisko gminy. Kolejna rzecz to [&hellip;]<\/p>\n","protected":false},"author":1,"featured_media":10592,"comment_status":"open","ping_status":"open","sticky":false,"template":"","format":"standard","meta":{"_acf_changed":false,"footnotes":""},"categories":[41],"tags":[],"class_list":["post-355","post","type-post","status-publish","format-standard","has-post-thumbnail","hentry","category-41"],"acf":[],"_links":{"self":[{"href":"https:\/\/www.projektwrzesnia.pl\/wordpress\/wp-json\/wp\/v2\/posts\/355","targetHints":{"allow":["GET"]}}],"collection":[{"href":"https:\/\/www.projektwrzesnia.pl\/wordpress\/wp-json\/wp\/v2\/posts"}],"about":[{"href":"https:\/\/www.projektwrzesnia.pl\/wordpress\/wp-json\/wp\/v2\/types\/post"}],"author":[{"embeddable":true,"href":"https:\/\/www.projektwrzesnia.pl\/wordpress\/wp-json\/wp\/v2\/users\/1"}],"replies":[{"embeddable":true,"href":"https:\/\/www.projektwrzesnia.pl\/wordpress\/wp-json\/wp\/v2\/comments?post=355"}],"version-history":[{"count":0,"href":"https:\/\/www.projektwrzesnia.pl\/wordpress\/wp-json\/wp\/v2\/posts\/355\/revisions"}],"wp:featuredmedia":[{"embeddable":true,"href":"https:\/\/www.projektwrzesnia.pl\/wordpress\/wp-json\/wp\/v2\/media\/10592"}],"wp:attachment":[{"href":"https:\/\/www.projektwrzesnia.pl\/wordpress\/wp-json\/wp\/v2\/media?parent=355"}],"wp:term":[{"taxonomy":"category","embeddable":true,"href":"https:\/\/www.projektwrzesnia.pl\/wordpress\/wp-json\/wp\/v2\/categories?post=355"},{"taxonomy":"post_tag","embeddable":true,"href":"https:\/\/www.projektwrzesnia.pl\/wordpress\/wp-json\/wp\/v2\/tags?post=355"}],"curies":[{"name":"wp","href":"https:\/\/api.w.org\/{rel}","templated":true}]}}