{"id":356,"date":"2018-11-27T20:00:00","date_gmt":"2018-11-27T20:00:00","guid":{"rendered":"http:\/\/www.projektwrzesnia.pl\/wordpress\/356\/"},"modified":"2018-11-27T20:00:00","modified_gmt":"2018-11-27T20:00:00","slug":"ciag-dalszy-sprawy-sadowej","status":"publish","type":"post","link":"https:\/\/www.projektwrzesnia.pl\/wordpress\/356\/","title":{"rendered":"Ci\u0105g dalszy sprawy s\u0105dowej"},"content":{"rendered":"<p>W zesz\u0142ym tygodniu odby\u0142a si\u0119 kolejna rozprawa s\u0105dowa z&nbsp;naszym udzia\u0142em. Inwestor planuj\u0105cy budow\u0119 fermy na ponad milion kur pozwa\u0142 nas do s\u0105du, twierdz\u0105c, i\u017c&nbsp;naruszyli\u015bmy jego dobra osobiste, pomagaj\u0105c w&nbsp;akcji informacyjnej mieszka\u0144c\u00f3w, kt\u00f3rzy obawiaj\u0105 si\u0119 konsekwencji budowy fermy. Z&nbsp;jego tre\u015bci mo\u017cna by\u0142o dowiedzie\u0107 si\u0119 o&nbsp;wp\u0142ywie ferm wielkoprzemys\u0142owych na \u015brodowisko i&nbsp;zdrowie mieszka\u0144c\u00f3w.<\/p>\n<p>Opr\u00f3cz zas\u0105dzenia od nas 15 000 z\u0142, inwestor &#8211; Przetw\u00f3rstwo Rolne G\u0105siorek sp\u00f3\u0142ka jawna domaga si\u0119, aby\u015bmy wykupili og\u0142oszenia na portalach internetowych wrze\u015bnia.info i&nbsp;nowawrzesnia.pl, w&nbsp;kt\u00f3rych przepraszamy za&nbsp;&bdquo;insynuowanie niezgodnych z&nbsp;prawd\u0105 i&nbsp;niemaj\u0105cych zwi\u0105zku z&nbsp;dzia\u0142aniami sp\u00f3\u0142ki, rzekomych zagro\u017ce\u0144 wynikaj\u0105cych z&nbsp;planowanej inwestycji&rdquo;.<\/p>\n<p>Sprawa nadal toczy si\u0119 przez S\u0105dem Okr\u0119gowym w&nbsp;Poznaniu &#8211; w&nbsp;zesz\u0142ym tygodniu S\u0105d przes\u0142ucha\u0142 mieszka\u0144c\u00f3w, kt\u00f3rzy obawiaj\u0105 si\u0119 wp\u0142ywu planowanej fermy na ich \u017cycie i&nbsp;\u015brodowisko. Zeznali, \u017ce ju\u017c teraz \u017cyj\u0105 w&nbsp;okolicy 2 ferm wielkoprzemys\u0142owych inwestora i&nbsp;uskar\u017caj\u0105 si\u0119 na dusz\u0105cy od\u00f3r i&nbsp;plagi much. Mieszka\u0144cy obawiaj\u0105 si\u0119 kontrowersyjnej inwestycji r\u00f3wnie\u017c z&nbsp;uwagi na nieprawid\u0142owo\u015bci w&nbsp;funkcjonowaniu innych wielkoprzemys\u0142owych ferm &#8211; dlatego w\u0142a\u015bnie zg\u0142osili si\u0119 do naszego stowarzyszenia o&nbsp;pomoc.<\/p>\n<p>Uwa\u017camy, \u017ce dobra osobiste inwestora nie zosta\u0142y naruszone. Z&nbsp;tre\u015bci plakatu mo\u017cna by\u0142o dowiedzie\u0107 si\u0119 o&nbsp;wp\u0142ywie ferm wielkoprzemys\u0142owych na&nbsp;\u015brodowisko i&nbsp;zdrowie mieszka\u0144c\u00f3w. Dodajmy, \u017ce wszystkie te informacje wynikaj\u0105 z&nbsp;analizy przed\u0142o\u017conych przez inwestora w&nbsp;toku post\u0119powania dokument\u00f3w. Co najwa\u017cniejsze opublikowane przez nas informacje s\u0105 zgodne z&nbsp;aktualnym poziomem wiedzy na temat ferm wielkoprzemys\u0142owych i&nbsp;ich wp\u0142ywu na \u015brodowisko &#8211; powy\u017csze potwierdzili przes\u0142uchiwani w&nbsp;trakcie rozprawy eksperci (m.in. dr biologii).<\/p>\n<p>Nie zamierzamy milcze\u0107 w&nbsp;sytuacji, kiedy zagro\u017cona zostaje fundamentalna w&nbsp;naszym odczuciu kwestia w&nbsp;demokracji &#8211; prawo swobody wypowiedzi i&nbsp;informowania o&nbsp;potencjalnych zagro\u017ceniach ferm wielkoprzemys\u0142owych. Szykujemy si\u0119, aby przed s\u0105dem udowodni\u0107, \u017ce pieni\u0105dze to nie wszystko, a&nbsp;mieszka\u0144cy maj\u0105 prawo do \u017cycia w&nbsp;czystym \u015brodowisku, bez zagro\u017cenia dla zdrowia.<\/p>\n<p>Czy S\u0105d przychyli si\u0119 do naszego stanowiska, przekonamy si\u0119 najwcze\u015bniej na kolejnej rozprawie &#8211; pod koniec lutego, kiedy &#8211; kiedy s\u0142uchane b\u0119d\u0105 strony post\u0119powania.<\/p>\n<p>&nbsp;<\/p>\n","protected":false},"excerpt":{"rendered":"<p>W zesz\u0142ym tygodniu odby\u0142a si\u0119 kolejna rozprawa s\u0105dowa z&nbsp;naszym udzia\u0142em. Inwestor planuj\u0105cy budow\u0119 fermy na ponad milion kur pozwa\u0142 nas do s\u0105du, twierdz\u0105c, i\u017c&nbsp;naruszyli\u015bmy jego dobra osobiste, pomagaj\u0105c w&nbsp;akcji informacyjnej mieszka\u0144c\u00f3w, kt\u00f3rzy obawiaj\u0105 si\u0119 konsekwencji budowy fermy. Z&nbsp;jego tre\u015bci mo\u017cna by\u0142o dowiedzie\u0107 si\u0119 o&nbsp;wp\u0142ywie ferm wielkoprzemys\u0142owych na \u015brodowisko i&nbsp;zdrowie mieszka\u0144c\u00f3w. Opr\u00f3cz zas\u0105dzenia od nas 15 [&hellip;]<\/p>\n","protected":false},"author":1,"featured_media":10356,"comment_status":"open","ping_status":"open","sticky":false,"template":"","format":"standard","meta":{"_acf_changed":false,"footnotes":""},"categories":[22],"tags":[],"class_list":["post-356","post","type-post","status-publish","format-standard","has-post-thumbnail","hentry","category-22"],"acf":[],"_links":{"self":[{"href":"https:\/\/www.projektwrzesnia.pl\/wordpress\/wp-json\/wp\/v2\/posts\/356","targetHints":{"allow":["GET"]}}],"collection":[{"href":"https:\/\/www.projektwrzesnia.pl\/wordpress\/wp-json\/wp\/v2\/posts"}],"about":[{"href":"https:\/\/www.projektwrzesnia.pl\/wordpress\/wp-json\/wp\/v2\/types\/post"}],"author":[{"embeddable":true,"href":"https:\/\/www.projektwrzesnia.pl\/wordpress\/wp-json\/wp\/v2\/users\/1"}],"replies":[{"embeddable":true,"href":"https:\/\/www.projektwrzesnia.pl\/wordpress\/wp-json\/wp\/v2\/comments?post=356"}],"version-history":[{"count":0,"href":"https:\/\/www.projektwrzesnia.pl\/wordpress\/wp-json\/wp\/v2\/posts\/356\/revisions"}],"wp:featuredmedia":[{"embeddable":true,"href":"https:\/\/www.projektwrzesnia.pl\/wordpress\/wp-json\/wp\/v2\/media\/10356"}],"wp:attachment":[{"href":"https:\/\/www.projektwrzesnia.pl\/wordpress\/wp-json\/wp\/v2\/media?parent=356"}],"wp:term":[{"taxonomy":"category","embeddable":true,"href":"https:\/\/www.projektwrzesnia.pl\/wordpress\/wp-json\/wp\/v2\/categories?post=356"},{"taxonomy":"post_tag","embeddable":true,"href":"https:\/\/www.projektwrzesnia.pl\/wordpress\/wp-json\/wp\/v2\/tags?post=356"}],"curies":[{"name":"wp","href":"https:\/\/api.w.org\/{rel}","templated":true}]}}