{"id":362,"date":"2018-12-10T20:00:00","date_gmt":"2018-12-10T20:00:00","guid":{"rendered":"http:\/\/www.projektwrzesnia.pl\/wordpress\/362\/"},"modified":"2018-12-10T20:00:00","modified_gmt":"2018-12-10T20:00:00","slug":"pyzdry-kolejne-dzialania-dla-terenu-dawnego-zamku-krolewskiego","status":"publish","type":"post","link":"https:\/\/www.projektwrzesnia.pl\/wordpress\/362\/","title":{"rendered":"Pyzdry &#8211; kolejne dzia\u0142ania dla terenu dawnego zamku kr\u00f3lewskiego"},"content":{"rendered":"<p>Na pocz\u0105tku sierpnia pisali\u015bmy o&nbsp;sprawie ewentualnej rozbi\u00f3rki budynku administracyjno-us\u0142ugowego znajduj\u0105cego si\u0119 na terenie zespo\u0142u zamku w&nbsp;Pyzdrach, wpisanego do rejestru zabytk\u00f3w pod nr 120\/A decyzj\u0105 z&nbsp;dnia 1 czerwca 1968 roku. Pochodzi on z&nbsp;okresu drugiego rozbioru Rzeczypospolitej, czyli ma ponad 200 lat. [<a href=\"http:\/\/www.projektwrzesnia.pl\/asp\/pl_start.asp?typ=13&amp;sub=23&amp;menu=42&amp;dzialy=42&amp;akcja=artykul&amp;artykul=322\" target=\"_blank\" rel=\"noopener\">wi\u0119cej szczeg\u00f3\u0142\u00f3w tutaj<\/a>]<\/p>\n<p>Pocz\u0105tkowo Wielkopolski Wojew\u00f3dzki Konserwator Zabytk\u00f3w wyda\u0142 zgod\u0119 na jego rozbi\u00f3rk\u0119, ale mi\u0119dzy innymi po naszej interwencji zgoda ta zosta\u0142a cofni\u0119ta. Decyzja&nbsp;zakazuj\u0105ca rozbi\u00f3rki zosta\u0142a podpisana 27 sierpnia br. W&nbsp;po\u0142owie wrze\u015bnia inwestor z\u0142o\u017cy\u0142 jednak odwo\u0142anie i&nbsp;sprawa trafi\u0142a do rozpatrzenia przez Ministra Kultury i&nbsp;Dziedzictwa Narodowego.<\/p>\n<p>W ostatnich dniach przed\u0142o\u017cyli\u015bmy ministerstwu kolejne materia\u0142y w&nbsp;sprawie zabytku. Mi\u0119dzy innymi powo\u0142ali\u015bmy si\u0119 na wydan\u0105 kilka tygodni temu ksi\u0105\u017ck\u0119 pod tytu\u0142em &bdquo;200 lat powiatu wrzesi\u0144skiego, historia i&nbsp;wsp\u00f3\u0142czesno\u015b\u0107&rdquo; i&nbsp;znajduj\u0105ce si\u0119 tam zdj\u0119cie obiektu [widoczne powy\u017cej]. Teraz pozostaje nam mie\u0107 nadziej\u0119, \u017ce ministerstwo r\u00f3wnie\u017c nie wyda zgody na rozbi\u00f3rk\u0119. Uwa\u017camy, \u017ce budynek powinien zosta\u0107 odrestaurowany przy pomocy pa\u0144stwowych instytucji i&nbsp;zaadaptowany na nowe cele. Trzeba przecie\u017c podkre\u015bli\u0107, \u017ce obiekty pozamkowe w&nbsp;Pyzdrach maj\u0105 znaczny potencja\u0142 turystyczny i&nbsp;powinny sta\u0107 si\u0119 wizyt\u00f3wk\u0105 miasta. Ci\u0119\u017cko&nbsp;patrze\u0107 jak wygl\u0105daj\u0105 obecnie&hellip; &nbsp;<\/p>\n","protected":false},"excerpt":{"rendered":"<p>Na pocz\u0105tku sierpnia pisali\u015bmy o&nbsp;sprawie ewentualnej rozbi\u00f3rki budynku administracyjno-us\u0142ugowego znajduj\u0105cego si\u0119 na terenie zespo\u0142u zamku w&nbsp;Pyzdrach, wpisanego do rejestru zabytk\u00f3w pod nr 120\/A decyzj\u0105 z&nbsp;dnia 1 czerwca 1968 roku. Pochodzi on z&nbsp;okresu drugiego rozbioru Rzeczypospolitej, czyli ma ponad 200 lat. [wi\u0119cej szczeg\u00f3\u0142\u00f3w tutaj] Pocz\u0105tkowo Wielkopolski Wojew\u00f3dzki Konserwator Zabytk\u00f3w wyda\u0142 zgod\u0119 na jego rozbi\u00f3rk\u0119, ale mi\u0119dzy [&hellip;]<\/p>\n","protected":false},"author":1,"featured_media":10362,"comment_status":"open","ping_status":"open","sticky":false,"template":"","format":"standard","meta":{"_acf_changed":false,"footnotes":""},"categories":[27],"tags":[],"class_list":["post-362","post","type-post","status-publish","format-standard","has-post-thumbnail","hentry","category-27"],"acf":[],"_links":{"self":[{"href":"https:\/\/www.projektwrzesnia.pl\/wordpress\/wp-json\/wp\/v2\/posts\/362","targetHints":{"allow":["GET"]}}],"collection":[{"href":"https:\/\/www.projektwrzesnia.pl\/wordpress\/wp-json\/wp\/v2\/posts"}],"about":[{"href":"https:\/\/www.projektwrzesnia.pl\/wordpress\/wp-json\/wp\/v2\/types\/post"}],"author":[{"embeddable":true,"href":"https:\/\/www.projektwrzesnia.pl\/wordpress\/wp-json\/wp\/v2\/users\/1"}],"replies":[{"embeddable":true,"href":"https:\/\/www.projektwrzesnia.pl\/wordpress\/wp-json\/wp\/v2\/comments?post=362"}],"version-history":[{"count":0,"href":"https:\/\/www.projektwrzesnia.pl\/wordpress\/wp-json\/wp\/v2\/posts\/362\/revisions"}],"wp:featuredmedia":[{"embeddable":true,"href":"https:\/\/www.projektwrzesnia.pl\/wordpress\/wp-json\/wp\/v2\/media\/10362"}],"wp:attachment":[{"href":"https:\/\/www.projektwrzesnia.pl\/wordpress\/wp-json\/wp\/v2\/media?parent=362"}],"wp:term":[{"taxonomy":"category","embeddable":true,"href":"https:\/\/www.projektwrzesnia.pl\/wordpress\/wp-json\/wp\/v2\/categories?post=362"},{"taxonomy":"post_tag","embeddable":true,"href":"https:\/\/www.projektwrzesnia.pl\/wordpress\/wp-json\/wp\/v2\/tags?post=362"}],"curies":[{"name":"wp","href":"https:\/\/api.w.org\/{rel}","templated":true}]}}