{"id":363,"date":"2018-12-11T20:00:00","date_gmt":"2018-12-11T20:00:00","guid":{"rendered":"http:\/\/www.projektwrzesnia.pl\/wordpress\/363\/"},"modified":"2023-03-10T12:39:34","modified_gmt":"2023-03-10T12:39:34","slug":"poczatki-pracy-w-radzie-miejskiej","status":"publish","type":"post","link":"https:\/\/www.projektwrzesnia.pl\/wordpress\/363\/","title":{"rendered":"Pocz\u0105tki pracy w\u00a0Radzie Miejskiej"},"content":{"rendered":"<p class=\"tresc\">W miniony pi\u0105tek wzi\u0119li\u015bmy udzia\u0142 w&nbsp;III sesji Rady Miejskiej, na kt\u00f3rej z\u0142o\u017cyli\u015bmy interpelacje w&nbsp;sprawie zakupu specjalistycznego drona wykrywaj\u0105cego obecno\u015b\u0107 truj\u0105cych substancji w&nbsp;dymie oraz w&nbsp;sprawie braku realizacji inwestycji mieszkaniowych w&nbsp;ramach programu &#8222;Mieszkanie Plus&#8221;. Dodatkowo poruszyli\u015bmy kwesti\u0119 odnowy starych i&nbsp;zniszczonych plac\u00f3w zabaw na Osiedlu Tysi\u0105clecia. Interpelacje mo\u017cna zobaczy\u0107 i&nbsp;przeczyta\u0107 tutaj:<\/p>\n<p class=\"tresc\">&#8211; interpelacja Kornela Tomczaka (1) [<a href=\"https:\/\/www.projektwrzesnia.pl\/wordpress\/wp-content\/uploads\/2023\/03\/20181211_sesja_radykornel.pdf\" target=\"_blank\" rel=\"noopener\">tutaj<\/a>],<\/p>\n<p class=\"tresc\">&#8211; interpelacja Damiana Staniszewskiego (1) [<a href=\"http:\/\/www.projektwrzesnia.pl\/asp\/pliki\/PDFy\/20181211_sesja_radydamian_1.pdf\" target=\"_blank\" rel=\"noopener\">tutaj<\/a>],<\/p>\n<p class=\"tresc\">&#8211; interpelacja Damiana Staniszewskiego (2) [<a href=\"http:\/\/www.projektwrzesnia.pl\/asp\/pliki\/PDFy\/20181211_sesja_radydamian_2.pdf\" target=\"_blank\" rel=\"noopener\">tutaj<\/a>].<\/p>\n<p class=\"tresc\">Znaczna cz\u0119\u015b\u0107 obrad Rady Miejskiej dotyczy\u0142a jednak przydzielenia radnych do pracy w&nbsp;poszczeg\u00f3lnych komisjach &#8211; nasi radni zg\u0142osili si\u0119 do pracy we&nbsp;wszystkich komisjach. Zamierzamy skupi\u0107 si\u0119 w&nbsp;nich na realizacji naszych postulat\u00f3w.<\/p>\n<p class=\"tresc\">W trakcie sesji wybrano r\u00f3wnie\u017c przewodnicz\u0105cych wszystkich komisji Rady Miejskiej &#8211; nie by\u0142o tu zaskoczenia, wszystkie zosta\u0142y obsadzone radnymi z&nbsp;rz\u0105dz\u0105cej koalicji Platformy Obywatelskiej i&nbsp;Unii Wrze\u015bnian. Przykrym zaskoczeniem by\u0142o jednak wybranie przewodnicz\u0105cego Komisji Rewizyjnej r\u00f3wnie\u017c spo\u015br\u00f3d rz\u0105dz\u0105cej wi\u0119kszo\u015bci. Dobrym standardem sprzyjaj\u0105cym transparentno\u015bci sprawowania w\u0142adzy jest, aby pracom tej komisji &#8211; kontroluj\u0105cej prac\u0119 i&nbsp;wydatki burmistrza &#8211; przewodniczy\u0142 radny niezwi\u0105zany z&nbsp;rz\u0105dz\u0105cymi. Niestety tak si\u0119 nie sta\u0142o. Taki wyb\u00f3r jest oczywi\u015bcie zgodny z&nbsp;prawem, ale daleki od dobrej praktyki. Nie s\u0142u\u017cy budowaniu zaufania obywateli do w\u0142adzy.<\/p>\n<p class=\"tresc\">Jak m\u00f3wi Joanna Za\u0142uska z&nbsp;Fundacji im. Stefana Batorego &#8211; \u201egwarancja przekazania stanowiska szefa komisji rewizyjnej opozycji powinna by\u0107&nbsp;zapisana w&nbsp;gminnych statutach. Skoro tak nie jest, to mechanizm ten trzeba zapewni\u0107 ustawowo\u201d.&nbsp;<\/p>\n<p class=\"tresc\">&nbsp;Sk\u0142ady poszczeg\u00f3lnych komisji [<a href=\"https:\/\/www.wrzesnia.pl\/strona-2959-Dyzury_Radnych_Sesje_Rady_Miejskiej_Posiedzenia_Komisji_Sklady_Komisji.html\" target=\"_blank\" rel=\"noopener\">tutaj<\/a>]<\/p>\n<p class=\"tytul\"><span style=\"font-size: xx-large;\">WIDEO<\/span><\/p>\n<p class=\"tresc\" style=\"text-align: left;\"><iframe loading=\"lazy\" src=\"http:\/\/www.youtube.com\/embed\/4VwNuJNslSQ\" width=\"425\" height=\"350\" frameborder=\"0\" style=\"float: left;\"><\/iframe> &nbsp;<\/p>\n<div class=\"tresc\" style=\"text-align: left;\">&nbsp; &nbsp; &nbsp; &nbsp; &nbsp; \u2022 Porz\u0105dek obrad sesji [<a href=\"https:\/\/esesja.pl\/30273\" target=\"_blank\" rel=\"noopener\">tutaj<\/a>]<\/div>\n<p class=\"tresc\">&nbsp;<\/p>\n<p class=\"tresc\">&nbsp;<\/p>\n<p class=\"tresc\">&nbsp;<\/p>\n<p class=\"tresc\">&nbsp;<\/p>\n<p class=\"tresc\">&nbsp;<\/p>\n<p class=\"tresc\">&nbsp;<\/p>\n<p class=\"tresc\">&nbsp;<\/p>\n<p class=\"tresc\">&nbsp;<\/p>\n<p class=\"tresc\">&nbsp;<\/p>\n","protected":false},"excerpt":{"rendered":"<p>W miniony pi\u0105tek wzi\u0119li\u015bmy udzia\u0142 w&nbsp;III sesji Rady Miejskiej, na kt\u00f3rej z\u0142o\u017cyli\u015bmy interpelacje w&nbsp;sprawie zakupu specjalistycznego drona wykrywaj\u0105cego obecno\u015b\u0107 truj\u0105cych substancji w&nbsp;dymie oraz w&nbsp;sprawie braku realizacji inwestycji mieszkaniowych w&nbsp;ramach programu &#8222;Mieszkanie Plus&#8221;. Dodatkowo poruszyli\u015bmy kwesti\u0119 odnowy starych i&nbsp;zniszczonych plac\u00f3w zabaw na Osiedlu Tysi\u0105clecia. Interpelacje mo\u017cna zobaczy\u0107 i&nbsp;przeczyta\u0107 tutaj: &#8211; interpelacja Kornela Tomczaka (1) [tutaj], &#8211; [&hellip;]<\/p>\n","protected":false},"author":1,"featured_media":10100613,"comment_status":"open","ping_status":"open","sticky":false,"template":"","format":"standard","meta":{"_acf_changed":false,"footnotes":""},"categories":[15],"tags":[],"class_list":["post-363","post","type-post","status-publish","format-standard","has-post-thumbnail","hentry","category-15"],"acf":[],"_links":{"self":[{"href":"https:\/\/www.projektwrzesnia.pl\/wordpress\/wp-json\/wp\/v2\/posts\/363","targetHints":{"allow":["GET"]}}],"collection":[{"href":"https:\/\/www.projektwrzesnia.pl\/wordpress\/wp-json\/wp\/v2\/posts"}],"about":[{"href":"https:\/\/www.projektwrzesnia.pl\/wordpress\/wp-json\/wp\/v2\/types\/post"}],"author":[{"embeddable":true,"href":"https:\/\/www.projektwrzesnia.pl\/wordpress\/wp-json\/wp\/v2\/users\/1"}],"replies":[{"embeddable":true,"href":"https:\/\/www.projektwrzesnia.pl\/wordpress\/wp-json\/wp\/v2\/comments?post=363"}],"version-history":[{"count":1,"href":"https:\/\/www.projektwrzesnia.pl\/wordpress\/wp-json\/wp\/v2\/posts\/363\/revisions"}],"predecessor-version":[{"id":10100614,"href":"https:\/\/www.projektwrzesnia.pl\/wordpress\/wp-json\/wp\/v2\/posts\/363\/revisions\/10100614"}],"wp:featuredmedia":[{"embeddable":true,"href":"https:\/\/www.projektwrzesnia.pl\/wordpress\/wp-json\/wp\/v2\/media\/10100613"}],"wp:attachment":[{"href":"https:\/\/www.projektwrzesnia.pl\/wordpress\/wp-json\/wp\/v2\/media?parent=363"}],"wp:term":[{"taxonomy":"category","embeddable":true,"href":"https:\/\/www.projektwrzesnia.pl\/wordpress\/wp-json\/wp\/v2\/categories?post=363"},{"taxonomy":"post_tag","embeddable":true,"href":"https:\/\/www.projektwrzesnia.pl\/wordpress\/wp-json\/wp\/v2\/tags?post=363"}],"curies":[{"name":"wp","href":"https:\/\/api.w.org\/{rel}","templated":true}]}}