{"id":364,"date":"2018-12-16T20:00:00","date_gmt":"2018-12-16T20:00:00","guid":{"rendered":"http:\/\/www.projektwrzesnia.pl\/wordpress\/364\/"},"modified":"2018-12-16T20:00:00","modified_gmt":"2018-12-16T20:00:00","slug":"renowacja-kosciolka-na-lipowce","status":"publish","type":"post","link":"https:\/\/www.projektwrzesnia.pl\/wordpress\/364\/","title":{"rendered":"Renowacja ko\u015bci\u00f3\u0142ka na Lip\u00f3wce"},"content":{"rendered":"<p><a href=\"https:\/\/www.projektwrzesnia.pl\/wordpress\/wp-content\/uploads\/2023\/03\/20181216_lipowka_kosciol_ikona__1_.jpg\" target=\"_blank\" rel=\"noopener\"><\/a>W lutym 2017 roku Rada Miejska we Wrze\u015bni przyj\u0119\u0142a uchwa\u0142\u0119 daj\u0105c\u0105 mo\u017cliwo\u015b\u0107 dofinansowania remontu zabytk\u00f3w wpisanych do rejestru zabytk\u00f3w. Sta\u0142o si\u0119 tak na nasz wniosek. Do tej pory z&nbsp;tej formy wsparcia finansowego skorzysta\u0142o kilka podmiot\u00f3w. Wi\u0119cej o&nbsp;tej sprawie pisali\u015bmy [<a href=\"http:\/\/www.projektwrzesnia.pl\/asp\/pl_start.asp?typ=13&amp;sub=23&amp;menu=42&amp;dzialy=42&amp;akcja=artykul&amp;artykul=134\" target=\"_blank\" rel=\"noopener\">tutaj<\/a>].<\/p>\n<p>Jednym z&nbsp;zabytk\u00f3w, kt\u00f3ry uzyska\u0142 dotacj\u0119 na renowacj\u0119 jest ko\u015bci\u00f3\u0142ek na Lip\u00f3wce we&nbsp;Wrze\u015bni. Pochodzi on z&nbsp;XVII wieku i&nbsp;zosta\u0142 ufundowany przez proboszcz\u00f3w wrzesi\u0144skiej fary. Jego powstanie w&nbsp;tym miejscu \u0142\u0105czone jest z&nbsp;po\u0142o\u017conym w&nbsp;pobli\u017cu \u017ar\u00f3de\u0142kiem, uwa\u017canym niegdy\u015b za cudowne.<\/p>\n<p>Dzisiaj mogli\u015bmy podziwia\u0107 efekty prac zako\u0144czonego w\u0142a\u015bnie kolejnego etapu renowacji. Po wyremontowaniu dachu i&nbsp;zewn\u0119trznych \u015bcian budynku, odrestaurowano tym razem mi\u0119dzy innymi nastawy o\u0142tarzowe wraz z&nbsp;obrazami oraz polichromie znajduj\u0105ce si\u0119 na drewnianych \u015bcianach. Do wykonania pozosta\u0142a jeszcze wymiana okien, odtworzenie mensy o\u0142tarzowych i&nbsp;tabernakulum oraz pomalowanie i&nbsp;wyko\u0144czenie konstrukcji ch\u00f3ru. Mamy nadziej\u0119, \u017ce reszta prac zostanie doko\u0144czona jak najszybciej, a&nbsp;ko\u015bci\u00f3\u0142ek odzyska swoje dawne pi\u0119kno. &nbsp;<\/p>\n<p><a href=\"http:\/\/www.projektwrzesnia.pl\/asp\/pliki\/aktualnosci2017\/20181216_lipowka_kosciol_ikona__2_.jpg\" target=\"_blank\" rel=\"noopener\"><img loading=\"lazy\" decoding=\"async\" style=\"margin-right: 20px; margin-left: 20px; float: left;\" title=\"- 20181216_lipowka_kosciol_ikona__2_.jpg\" src=\"http:\/\/www.projektwrzesnia.pl\/asp\/pliki\/aktualnosci2017\/20181216_lipowka_kosciol_ikona__2_.jpg\" alt=\"- 20181216_lipowka_kosciol_ikona__2_.jpg\" width=\"350\" height=\"467\"><\/a><a href=\"http:\/\/www.projektwrzesnia.pl\/asp\/pliki\/aktualnosci2017\/20181216_lipowka_kosciol_ikona__3_.jpg\" target=\"_blank\" rel=\"noopener\"><img loading=\"lazy\" decoding=\"async\" style=\"float: left;\" title=\"- 20181216_lipowka_kosciol_ikona__3_.jpg\" src=\"http:\/\/www.projektwrzesnia.pl\/asp\/pliki\/aktualnosci2017\/20181216_lipowka_kosciol_ikona__3_.jpg\" alt=\"- 20181216_lipowka_kosciol_ikona__3_.jpg\" width=\"350\" height=\"467\"><\/a><\/p>\n<p>&nbsp;<a href=\"http:\/\/www.projektwrzesnia.pl\/asp\/pliki\/aktualnosci2017\/20181216_lipowka_kosciol_ikona__4_.jpg\"><img loading=\"lazy\" decoding=\"async\" style=\"margin-right: 0px; margin-left: 20px; float: left;\" title=\"- 20181216_lipowka_kosciol_ikona__4_.jpg\" src=\"http:\/\/www.projektwrzesnia.pl\/asp\/pliki\/aktualnosci2017\/20181216_lipowka_kosciol_ikona__4_.jpg\" alt=\"- 20181216_lipowka_kosciol_ikona__4_.jpg\" width=\"350\" height=\"467\"><\/a><\/p>\n<p>&nbsp;<\/p>\n<p>&nbsp;<\/p>\n<p>&nbsp;<\/p>\n<p>&nbsp;<\/p>\n<p>&nbsp;<\/p>\n<p>&nbsp;<\/p>\n<p>&nbsp;<\/p>\n<p>&nbsp;<\/p>\n<p>&nbsp;<\/p>\n<p>&nbsp;<\/p>\n<p>&nbsp;<\/p>\n","protected":false},"excerpt":{"rendered":"<p>W lutym 2017 roku Rada Miejska we Wrze\u015bni przyj\u0119\u0142a uchwa\u0142\u0119 daj\u0105c\u0105 mo\u017cliwo\u015b\u0107 dofinansowania remontu zabytk\u00f3w wpisanych do rejestru zabytk\u00f3w. Sta\u0142o si\u0119 tak na nasz wniosek. Do tej pory z&nbsp;tej formy wsparcia finansowego skorzysta\u0142o kilka podmiot\u00f3w. Wi\u0119cej o&nbsp;tej sprawie pisali\u015bmy [tutaj]. Jednym z&nbsp;zabytk\u00f3w, kt\u00f3ry uzyska\u0142 dotacj\u0119 na renowacj\u0119 jest ko\u015bci\u00f3\u0142ek na Lip\u00f3wce we&nbsp;Wrze\u015bni. Pochodzi on z&nbsp;XVII [&hellip;]<\/p>\n","protected":false},"author":1,"featured_media":10364,"comment_status":"open","ping_status":"open","sticky":false,"template":"","format":"standard","meta":{"_acf_changed":false,"footnotes":""},"categories":[27],"tags":[],"class_list":["post-364","post","type-post","status-publish","format-standard","has-post-thumbnail","hentry","category-27"],"acf":[],"_links":{"self":[{"href":"https:\/\/www.projektwrzesnia.pl\/wordpress\/wp-json\/wp\/v2\/posts\/364","targetHints":{"allow":["GET"]}}],"collection":[{"href":"https:\/\/www.projektwrzesnia.pl\/wordpress\/wp-json\/wp\/v2\/posts"}],"about":[{"href":"https:\/\/www.projektwrzesnia.pl\/wordpress\/wp-json\/wp\/v2\/types\/post"}],"author":[{"embeddable":true,"href":"https:\/\/www.projektwrzesnia.pl\/wordpress\/wp-json\/wp\/v2\/users\/1"}],"replies":[{"embeddable":true,"href":"https:\/\/www.projektwrzesnia.pl\/wordpress\/wp-json\/wp\/v2\/comments?post=364"}],"version-history":[{"count":0,"href":"https:\/\/www.projektwrzesnia.pl\/wordpress\/wp-json\/wp\/v2\/posts\/364\/revisions"}],"wp:featuredmedia":[{"embeddable":true,"href":"https:\/\/www.projektwrzesnia.pl\/wordpress\/wp-json\/wp\/v2\/media\/10364"}],"wp:attachment":[{"href":"https:\/\/www.projektwrzesnia.pl\/wordpress\/wp-json\/wp\/v2\/media?parent=364"}],"wp:term":[{"taxonomy":"category","embeddable":true,"href":"https:\/\/www.projektwrzesnia.pl\/wordpress\/wp-json\/wp\/v2\/categories?post=364"},{"taxonomy":"post_tag","embeddable":true,"href":"https:\/\/www.projektwrzesnia.pl\/wordpress\/wp-json\/wp\/v2\/tags?post=364"}],"curies":[{"name":"wp","href":"https:\/\/api.w.org\/{rel}","templated":true}]}}