{"id":373,"date":"2019-01-09T20:00:00","date_gmt":"2019-01-09T20:00:00","guid":{"rendered":"http:\/\/www.projektwrzesnia.pl\/wordpress\/373\/"},"modified":"2019-01-09T20:00:00","modified_gmt":"2019-01-09T20:00:00","slug":"remont-altany-w-lok-u","status":"publish","type":"post","link":"https:\/\/www.projektwrzesnia.pl\/wordpress\/373\/","title":{"rendered":"Remont altany w\u00a0LOK-u"},"content":{"rendered":"<p>Wczoraj na stronie internetowej gminy Wrze\u015bnia og\u0142oszono przetarg na modernizacj\u0119 zabytkowej altany znajduj\u0105cej si\u0119 w&nbsp;dawnym Ogrodzie Bractwa Kurkowego przy ulicy S\u0142owackiego we Wrze\u015bni. Zakres rob\u00f3t obejmie mi\u0119dzy innymi wykonanie nowego pokrycia dachowego, odnowienia posadzki wewn\u0105trz altany, zabezpieczenie i&nbsp;odnowienie element\u00f3w z&nbsp;kamienia naturalnego (fundament) oraz wymian\u0119 i&nbsp;napraw\u0105 uszkodzonych drewnianych element\u00f3w konstrukcyjnych. Na koniec altana zostanie pomalowana w&nbsp;kolorze piaskowym, z&nbsp;wyj\u0105tkiem por\u0119czy i&nbsp;wiatrownic, kt\u00f3re zyskaj\u0105 kolor br\u0105zowy. B\u0119dzie to powr\u00f3t do oryginalnych barw, na kt\u00f3re by\u0142a pomalowana altana w&nbsp;latach 20-tych XX wieku.<\/p>\n<p><img loading=\"lazy\" decoding=\"async\" style=\"margin-right: 0px; margin-left: 20px; float: right;\" title=\"- 20190109_altana.jpg\" src=\"http:\/\/www.projektwrzesnia.pl\/asp\/pliki\/aktualnosci2017\/20190109_altana.jpg\" alt=\"- 20190109_altana.jpg\" width=\"318\" height=\"350\">Mamy nadziej\u0119, \u017ce wszystko p\u00f3jdzie zgodnie z&nbsp;planem i&nbsp;ju\u017c w&nbsp;czerwcu b\u0119dziemy mogli korzysta\u0107 z&nbsp;odnowionej altany. O&nbsp;remont ogrodu i&nbsp;altany zabiegamy od 2015 roku. Dzi\u0119ki naszym dzia\u0142aniom obiekt nie zosta\u0142 zburzony i&nbsp;zast\u0105piony kolejnym marketem &#8211; dodatkowo od po\u0142owy 2017 roku park wr\u00f3ci\u0142 w&nbsp;bezpo\u015bredni zarz\u0105d gminy Wrze\u015bnia. Wi\u0119cej o&nbsp;naszych dzia\u0142aniach zwi\u0105zanych z&nbsp;LOK-iem mo\u017cna przeczyta\u0107 [<a href=\"http:\/\/www.projektwrzesnia.pl\/asp\/pl_start.asp?typ=13&amp;menu=43&amp;artykul=275&amp;akcja=artykul\" target=\"_blank\" rel=\"noopener\">tutaj<\/a>].<\/p>\n<p>O remoncie mo\u017cna r\u00f3wnie\u017c przeczyta\u0107 na stronie Wiadomo\u015bci Wrzesi\u0144skich [<a href=\"https:\/\/wrzesnia.info.pl\/artykul\/projekt-wrzesnia-dopial-swego-bedzie-remont-altany-przy-lok-u\" target=\"_blank\" rel=\"noopener\">tutaj<\/a>]. &nbsp;<\/p>\n<p>&nbsp;<\/p>\n<p>&nbsp;<\/p>\n<p>&nbsp;<\/p>\n","protected":false},"excerpt":{"rendered":"<p>Wczoraj na stronie internetowej gminy Wrze\u015bnia og\u0142oszono przetarg na modernizacj\u0119 zabytkowej altany znajduj\u0105cej si\u0119 w&nbsp;dawnym Ogrodzie Bractwa Kurkowego przy ulicy S\u0142owackiego we Wrze\u015bni. Zakres rob\u00f3t obejmie mi\u0119dzy innymi wykonanie nowego pokrycia dachowego, odnowienia posadzki wewn\u0105trz altany, zabezpieczenie i&nbsp;odnowienie element\u00f3w z&nbsp;kamienia naturalnego (fundament) oraz wymian\u0119 i&nbsp;napraw\u0105 uszkodzonych drewnianych element\u00f3w konstrukcyjnych. Na koniec altana zostanie pomalowana w&nbsp;kolorze [&hellip;]<\/p>\n","protected":false},"author":1,"featured_media":10373,"comment_status":"open","ping_status":"open","sticky":false,"template":"","format":"standard","meta":{"_acf_changed":false,"footnotes":""},"categories":[21],"tags":[],"class_list":["post-373","post","type-post","status-publish","format-standard","has-post-thumbnail","hentry","category-21"],"acf":[],"_links":{"self":[{"href":"https:\/\/www.projektwrzesnia.pl\/wordpress\/wp-json\/wp\/v2\/posts\/373","targetHints":{"allow":["GET"]}}],"collection":[{"href":"https:\/\/www.projektwrzesnia.pl\/wordpress\/wp-json\/wp\/v2\/posts"}],"about":[{"href":"https:\/\/www.projektwrzesnia.pl\/wordpress\/wp-json\/wp\/v2\/types\/post"}],"author":[{"embeddable":true,"href":"https:\/\/www.projektwrzesnia.pl\/wordpress\/wp-json\/wp\/v2\/users\/1"}],"replies":[{"embeddable":true,"href":"https:\/\/www.projektwrzesnia.pl\/wordpress\/wp-json\/wp\/v2\/comments?post=373"}],"version-history":[{"count":0,"href":"https:\/\/www.projektwrzesnia.pl\/wordpress\/wp-json\/wp\/v2\/posts\/373\/revisions"}],"wp:featuredmedia":[{"embeddable":true,"href":"https:\/\/www.projektwrzesnia.pl\/wordpress\/wp-json\/wp\/v2\/media\/10373"}],"wp:attachment":[{"href":"https:\/\/www.projektwrzesnia.pl\/wordpress\/wp-json\/wp\/v2\/media?parent=373"}],"wp:term":[{"taxonomy":"category","embeddable":true,"href":"https:\/\/www.projektwrzesnia.pl\/wordpress\/wp-json\/wp\/v2\/categories?post=373"},{"taxonomy":"post_tag","embeddable":true,"href":"https:\/\/www.projektwrzesnia.pl\/wordpress\/wp-json\/wp\/v2\/tags?post=373"}],"curies":[{"name":"wp","href":"https:\/\/api.w.org\/{rel}","templated":true}]}}