{"id":409,"date":"2019-03-28T20:00:00","date_gmt":"2019-03-28T20:00:00","guid":{"rendered":"http:\/\/www.projektwrzesnia.pl\/wordpress\/409\/"},"modified":"2019-03-28T20:00:00","modified_gmt":"2019-03-28T20:00:00","slug":"sesja-o-smieciach-i-nie-tylko","status":"publish","type":"post","link":"https:\/\/www.projektwrzesnia.pl\/wordpress\/409\/","title":{"rendered":"Sesja o\u00a0\u015bmieciach i\u00a0nie tylko"},"content":{"rendered":"<p>W\u0142a\u015bnie zako\u0144czy\u0142a si\u0119 Sesja Rady Miejskiej we Wrze\u015bni. Trwa\u0142a ona ponad trzy godziny, w&nbsp;czasie kt\u00f3rych poruszone zosta\u0142o wiele temat\u00f3w. Najwa\u017cniejsze z&nbsp;nich dotyczy\u0142y:<\/p>\n<p>1. Wcze\u015bniej zapowiadanej podwy\u017cki op\u0142at za \u015bmieci w&nbsp;naszej gminie. Na&nbsp;ostatniej wsp\u00f3lnej komisji Rady Miejskiej zaproponowane zosta\u0142y nowe op\u0142aty: zgodnie ze&nbsp;z\u0142o\u017con\u0105 propozycj\u0105 op\u0142aty za odpady segregowane mia\u0142y wzrosn\u0105\u0107 z&nbsp;10 z\u0142 do 17 z\u0142, a&nbsp;za niesegregowane z&nbsp;15 z\u0142 do 22 z\u0142. Wed\u0142ug nas &ndash; tak jak podwy\u017cka by\u0142a nieunikniona &#8211; niew\u0142a\u015bciwie roz\u0142o\u017cono proporcje tej podwy\u017cki. A\u017c&nbsp;70% wi\u0119cej mia\u0142y by p\u0142aci\u0107 osoby, kt\u00f3re wk\u0142adaj\u0105 wysi\u0142ek w&nbsp;segregacj\u0119 odpad\u00f3w &ndash; podczas gdy podwy\u017cka dla os\u00f3b, kt\u00f3re tego nie robi\u0105 mia\u0142a wynie\u015b\u0107 znacznie mniej &#8211; 46%. Dlatego zaproponowali\u015bmy, \u017ceby op\u0142aty za odpady segregowane wzros\u0142y do koniecznych 14 z\u0142, a&nbsp;za odpady niesegregowane do 29 z\u0142. Tym samym podwy\u017cka nie uderzy\u0142aby a\u017c&nbsp;tak mocno po kieszeni mieszka\u0144c\u00f3w, kt\u00f3rzy przyczyniaj\u0105 si\u0119 do ochrony \u015brodowiska i&nbsp;&bdquo;produkuj\u0105&rdquo; ta\u0144sze \u015bmieci. Samorz\u0105d powinien dzia\u0142a\u0107 na rzecz radykalnej poprawy selektywnej zbi\u00f3rki odpad\u00f3w &ndash; poprawnie prowadzona selektywna zbi\u00f3rka, wbrew rozpowszechnionemu mniemaniu, pozwala na obni\u017cenie koszt\u00f3w gospodarowania odpadami. Niestety nasza propozycja nie zyska\u0142a aprobaty pozosta\u0142ych radnych.<\/p>\n<p>2. Zaproponowali\u015bmy, \u017ceby osoby d\u0142ugotrwale bezrobotne by\u0142y kierowane w&nbsp;wi\u0119kszej liczbie do prac spo\u0142ecznie u\u017cytecznych w&nbsp;Stra\u017cy Miejskiej, kt\u00f3ra dba mi\u0119dzy innymi o&nbsp;chodniki, tereny zielone i&nbsp;czysto\u015b\u0107. Nale\u017cy aktywizowa\u0107 d\u0142ugotrwale bezrobotnych, a&nbsp;nie pozwala\u0107 im pozostawa\u0107 poza systemem spo\u0142ecznym.<\/p>\n<p>3. Z\u0142o\u017cyli\u015bmy swoje zastrze\u017cenia co do zmiany studium uwarunkowa\u0144 i&nbsp;kierunk\u00f3w zagospodarowania przestrzennego, kt\u00f3ra zak\u0142ada\u0142a mi\u0119dzy innymi obni\u017cenie wsp\u00f3\u0142czynnika teren\u00f3w zielonych. Uwa\u017camy, \u017ce w&nbsp;przestrzeni publicznej musi by\u0107 miejsce na ziele\u0144, drzewa i&nbsp;trawniki.<\/p>\n<p>4. Poprosili\u015bmy o&nbsp;wprowadzenie do &bdquo;Programu walki z&nbsp;bezdomno\u015bci\u0105 zwierz\u0105t&rdquo; punktu daj\u0105cego mo\u017cliwo\u015b\u0107 kastracji ps\u00f3w i&nbsp;kot\u00f3w z&nbsp;terenu gminy Wrze\u015bnia. Nadto poprosili\u015bmy r\u00f3wnie\u017c o&nbsp;zapisanie obowi\u0105zkowej wsp\u00f3\u0142pracy z&nbsp;organizacjami pozarz\u0105dowymi w&nbsp;przedmiocie pomocy czworonogom.<\/p>\n<p>5. Wskazali\u015bmy swoje zastrze\u017cenia do sprawozdania burmistrza z&nbsp;&bdquo;Gminnego programu opieki nad zabytkami&rdquo;. Uwa\u017camy, \u017ce nasze dziedzictwo kulturowe zas\u0142uguje na powa\u017cne traktowanie, a&nbsp;sprawozdania powinny by\u0107 wyczerpuj\u0105ce i&nbsp;odnosi\u0107 si\u0119 enumeratywnie do zada\u0144, kt\u00f3re powinny by\u0107 wykonane.<\/p>\n<p>6. Uwa\u017camy, \u017ce radni z&nbsp;komisji rewizyjnej powinni sprawdzi\u0107 kwesti\u0119 pozyskania i&nbsp;wydatkowania \u015brodk\u00f3w dotycz\u0105cych dotacji i&nbsp;dofinansowania z&nbsp;UE w&nbsp;roku 2018. A&nbsp;to w&nbsp;zwi\u0105zku z&nbsp;tym, \u017ce Wiadomo\u015bci Wrzesi\u0144skie donios\u0142y ostatnio o&nbsp;stracie przez sp\u00f3\u0142k\u0119 gminn\u0105 600.000,00 z\u0142 dofinansowania z&nbsp;UE przez nieprawid\u0142owo\u015bciami w&nbsp;dokumentacji. Nie chcemy, \u017ceby gmina ponosi\u0142a w&nbsp;przysz\u0142o\u015bci kolejne straty finansowe.<\/p>\n<p>7. Pochwalili\u015bmy wrzesi\u0144ski ratusz za akcj\u0119 informacyjn\u0105 &bdquo;Rozlicz sw\u00f3j PIT we Wrze\u015bni&rdquo;. Uwa\u017camy, \u017ce to dobra inicjatywa, kt\u00f3ra propaguje p\u0142acenie podatk\u00f3w w&nbsp;gminie Wrze\u015bnia. Mo\u017cna si\u0119 z&nbsp;niej r\u00f3wnie\u017c dowiedzie\u0107 na co id\u0105 pieni\u0105dze z&nbsp;podatk\u00f3w, kt\u00f3re wszyscy p\u0142acimy do naszych samorz\u0105d\u00f3w.<\/p>\n<p>Wszystkie nasze pomys\u0142y zosta\u0142y odrzucone przez radnych z&nbsp;innych klub\u00f3w. Mamy nadziej\u0119, \u017ce na kolejnych sesjach sytuacja b\u0119dzie wygl\u0105da\u0142a inaczej. W&nbsp;ko\u0144cu wszystkie poprawki i&nbsp;pomys\u0142y sk\u0142adali\u015bmy w&nbsp;interesie mieszka\u0144c\u00f3w.<\/p>\n<p>&nbsp;&nbsp;<\/p>\n<p class=\"tytul\"><span style=\"font-size: xx-large;\">WIDEO<\/span><\/p>\n<p class=\"tresc\" style=\"text-align: left;\"><iframe loading=\"lazy\" src=\"http:\/\/www.youtube.com\/embed\/Tl2i-FOvCwo\" width=\"425\" height=\"350\" frameborder=\"0\" style=\"float: left;\"><\/iframe> &nbsp;<\/p>\n<div class=\"tresc\" style=\"text-align: left;\">&nbsp; &nbsp; &nbsp; &nbsp; &nbsp; &bull; Porz\u0105dek obrad sesji [<a href=\"http:\/\/wrzesnia.esesja.pl\/posiedzenie\/8403da1d-abea-4\">tutaj<\/a>]<\/div>\n<p>&nbsp;<\/p>\n<p>&nbsp;<\/p>\n<p>&nbsp;<\/p>\n<p>&nbsp;<\/p>\n<p>&nbsp;<\/p>\n<p>&nbsp;<\/p>\n","protected":false},"excerpt":{"rendered":"<p>W\u0142a\u015bnie zako\u0144czy\u0142a si\u0119 Sesja Rady Miejskiej we Wrze\u015bni. Trwa\u0142a ona ponad trzy godziny, w&nbsp;czasie kt\u00f3rych poruszone zosta\u0142o wiele temat\u00f3w. Najwa\u017cniejsze z&nbsp;nich dotyczy\u0142y: 1. Wcze\u015bniej zapowiadanej podwy\u017cki op\u0142at za \u015bmieci w&nbsp;naszej gminie. Na&nbsp;ostatniej wsp\u00f3lnej komisji Rady Miejskiej zaproponowane zosta\u0142y nowe op\u0142aty: zgodnie ze&nbsp;z\u0142o\u017con\u0105 propozycj\u0105 op\u0142aty za odpady segregowane mia\u0142y wzrosn\u0105\u0107 z&nbsp;10 z\u0142 do 17 z\u0142, a&nbsp;za [&hellip;]<\/p>\n","protected":false},"author":1,"featured_media":10409,"comment_status":"open","ping_status":"open","sticky":false,"template":"","format":"standard","meta":{"_acf_changed":false,"footnotes":""},"categories":[15],"tags":[],"class_list":["post-409","post","type-post","status-publish","format-standard","has-post-thumbnail","hentry","category-15"],"acf":[],"_links":{"self":[{"href":"https:\/\/www.projektwrzesnia.pl\/wordpress\/wp-json\/wp\/v2\/posts\/409","targetHints":{"allow":["GET"]}}],"collection":[{"href":"https:\/\/www.projektwrzesnia.pl\/wordpress\/wp-json\/wp\/v2\/posts"}],"about":[{"href":"https:\/\/www.projektwrzesnia.pl\/wordpress\/wp-json\/wp\/v2\/types\/post"}],"author":[{"embeddable":true,"href":"https:\/\/www.projektwrzesnia.pl\/wordpress\/wp-json\/wp\/v2\/users\/1"}],"replies":[{"embeddable":true,"href":"https:\/\/www.projektwrzesnia.pl\/wordpress\/wp-json\/wp\/v2\/comments?post=409"}],"version-history":[{"count":0,"href":"https:\/\/www.projektwrzesnia.pl\/wordpress\/wp-json\/wp\/v2\/posts\/409\/revisions"}],"wp:featuredmedia":[{"embeddable":true,"href":"https:\/\/www.projektwrzesnia.pl\/wordpress\/wp-json\/wp\/v2\/media\/10409"}],"wp:attachment":[{"href":"https:\/\/www.projektwrzesnia.pl\/wordpress\/wp-json\/wp\/v2\/media?parent=409"}],"wp:term":[{"taxonomy":"category","embeddable":true,"href":"https:\/\/www.projektwrzesnia.pl\/wordpress\/wp-json\/wp\/v2\/categories?post=409"},{"taxonomy":"post_tag","embeddable":true,"href":"https:\/\/www.projektwrzesnia.pl\/wordpress\/wp-json\/wp\/v2\/tags?post=409"}],"curies":[{"name":"wp","href":"https:\/\/api.w.org\/{rel}","templated":true}]}}