{"id":452,"date":"2019-07-08T20:00:00","date_gmt":"2019-07-08T20:00:00","guid":{"rendered":"http:\/\/www.projektwrzesnia.pl\/wordpress\/452\/"},"modified":"2019-07-08T20:00:00","modified_gmt":"2019-07-08T20:00:00","slug":"sesja-i-raport-o-stanie-gminy","status":"publish","type":"post","link":"https:\/\/www.projektwrzesnia.pl\/wordpress\/452\/","title":{"rendered":"Sesja i\u00a0raport o\u00a0stanie gminy"},"content":{"rendered":"<p>Zgodnie z&nbsp;nowymi zapisami ustawy o&nbsp;samorz\u0105dzie gminnym burmistrz od&nbsp;tego roku ma obowi\u0105zek przygotowania i&nbsp;zaprezentowania radnym oraz mieszka\u0144com raportu o&nbsp;stanie gminy za rok ubieg\u0142y. Dokument ten stanowi punkt wyj\u015bcia do przeprowadzenia debaty nad stanem gminy.<\/p>\n<p>&nbsp;<\/p>\n<p>R\u00f3wnie\u017c we Wrze\u015bni powsta\u0142 taki dokument i&nbsp;zosta\u0142 opublikowany na stronie internetowej i&nbsp;przed\u0142o\u017cony radnym miejskim. Mo\u017cna go znale\u017a\u0107 [<a href=\"https:\/\/www.wrzesnia.pl\/aktualnosc-11-1116-tit2_Raport_o_stanie_gminy.html\" target=\"_blank\" rel=\"noopener\"><strong>tutaj<\/strong><\/a>]. Nast\u0119pnie pod koniec czerwca odby\u0142a si\u0119 Sesja Rady Miejskiej, w&nbsp;czasie kt\u00f3rej poddano pod dyskusj\u0119 &bdquo;Raport o&nbsp;stanie Miasta i&nbsp;Gminy Wrze\u015bnia za 2018 rok&rdquo;. Dyskusja by\u0142a d\u0142uga i&nbsp;czasami burzliwa. Sami r\u00f3wnie\u017c wzi\u0119li\u015bmy w&nbsp;niej udzia\u0142 i&nbsp;wskazali\u015bmy zar\u00f3wno pozytywne strony, jak i&nbsp;negatywne strony naszej gminy.<\/p>\n<p>&nbsp;<\/p>\n<p>&nbsp;Zwr\u00f3cili\u015bmy uwag\u0119 na kilkana\u015bcie kwestii, ale g\u0142\u00f3wne rzeczy to:<\/p>\n<p><strong>&#8211; gospodarka przestrzenne i&nbsp;miejscowe plany zagospodarowania przestrzennego<\/strong> &#8211; pokrycie miejscowymi planami zagospodarowania przestrzennego w&nbsp;stosunku do ca\u0142ej powierzchni gminy Wrze\u015bnia wynosi zaledwie 5,7%. Tymczasem miejscowe plany zagospodarowania przestrzennego obejmuj\u0105 w&nbsp;ca\u0142ej Polsce obszar oko\u0142o 30% powierzchni kraju. Oznacza to, \u017ce w&nbsp;naszej gminie miejscowe plany maj\u0105 wyj\u0105tkowo niski wp\u0142yw na zapewnienie zr\u00f3wnowa\u017conego rozwoju gminy i&nbsp;\u0142adu przestrzennego. R\u00f3wnie\u017c na niskim poziomie utrzymuje si\u0119 tempo wzrostu powierzchni obj\u0119tych planami oraz poziom ich aktualizacji. To za\u015b zdaniem Najwy\u017cszej Izby Kontroli powoduje brak trwa\u0142ych regu\u0142 gospodarowania przestrzeni\u0105 w&nbsp;gminach oraz chaos przestrzenny. Wed\u0142ug wylicze\u0144 zespo\u0142u badawczego Polskiej Akademii Nauk, koszty chaosu przestrzennego w&nbsp;Polsce przekraczaj\u0105 ju\u017c 84 mld z\u0142 rocznie, kt\u00f3re co roku jako spo\u0142ecze\u0144stwo p\u0142acimy w&nbsp;postaci podatk\u00f3w, braku dost\u0119pu do infrastruktury zdrowotnej, edukacyjnej, kulturowej czy&nbsp;sportowej.<\/p>\n<p><strong>&#8211; drogi gminne<\/strong> &ndash; na ternie miasta posiadamy drogi o&nbsp;\u0142\u0105cznej d\u0142ugo\u015bci 67,61 km, natomiast na terenach wiejskich mamy drogi o&nbsp;\u0142\u0105cznej d\u0142ugo\u015bci 159,87 km. Cz\u0119\u015b\u0107 z&nbsp;tych ulic i&nbsp;dr\u00f3g nadaje si\u0119 do pilnego remontu. Warto w&nbsp;tym miejscu wspomnie\u0107 chocia\u017cby o&nbsp;ulicy Kosynier\u00f3w, Kili\u0144skiego, Piast\u00f3w. Nadal wiele dr\u00f3g w&nbsp;naszej gminie nie posiada nawierzchni asfaltowej. Przyk\u0142adem mo\u017ce by\u0107 ul. Owocowa (wraz z&nbsp;okolicznymi), drogi przy ul.&nbsp;So\u0142tysiaka, drogi przy ul. Bohater\u00f3w Monte Cassino, czy na tzw. Osiedlu Brylantowym. R\u00f3wnie\u017c na wsiach wiele dr\u00f3g kwalifikuje si\u0119 do remontu.<\/p>\n<p><strong>&#8211; komunikacja publiczna<\/strong> &#8211; dzia\u0142ania ukierunkowane na ograniczenie poziomu zanieczyszczania powietrza powinny by\u0107 wyra\u017aniejsze. Stad uwa\u017camy, \u017ce podstaw\u0105 lokalnego transportu powinna sta\u0107 si\u0119 sprawna komunikacja autobusowa. Nale\u017ca\u0142oby skierowa\u0107 wi\u0119ksze \u015brodki inwestycyjne na&nbsp;stworzenie sp\u00f3jnej sieci autobusowej, kt\u00f3ra b\u0119dzie dociera\u0107 do najwa\u017cniejszych miejsc w&nbsp;naszej gminie i&nbsp;pozwoli nam wszystkim zaoszcz\u0119dzi\u0107 czas na codzienne dojazdy do pracy i&nbsp;szk\u00f3\u0142, jednocze\u015bnie zmniejszaj\u0105c emisj\u0119 szkodliwych substancji do atmosfery.<\/p>\n<p><strong>&#8211; kultura w&nbsp;gminie<\/strong> &ndash; dotacje na dzia\u0142ania sportowe wynosz\u0105 390 000 z\u0142 (plus dotacje dla klub\u00f3w rz\u0119du: 250 000 z\u0142 oraz 280 000 z\u0142) przy ledwie 85 000 z\u0142 na wsparcie organizacji pozarz\u0105dowych dzia\u0142aj\u0105cych w&nbsp;zakresie kultury. Bardzo dobrze, \u017ce wydaje si\u0119 konkretne pieni\u0105dze na dzia\u0142ania promuj\u0105ce aktywno\u015b\u0107 fizyczn\u0105, ale r\u00f3wnocze\u015bnie nie mo\u017cna zapomina\u0107 o&nbsp;kulturze i&nbsp;jej tw\u00f3rcach. \u015amia\u0142o mo\u017cna powiedzie\u0107, \u017ce kultura we Wrze\u015bni jest niedofinansowana. A&nbsp;przecie\u017c kultura to podstawa \u017cycia spo\u0142ecznego, wi\u0119c uwa\u017camy, \u017ce warto jednak zwi\u0119kszy\u0107 wsparcie na kultur\u0119.<\/p>\n<p><strong>&#8211; schronisko dla zwierz\u0105t<\/strong> &ndash; na koniec 2018 w&nbsp;schronisku dla zwierz\u0105t by\u0142o 93 bezdomnych ps\u00f3w. To znacz\u0105cy wzrost, st\u0105d niezb\u0119dne jest dzia\u0142anie na rzecz przeciwdzia\u0142ania bezdomno\u015bci zwierz\u0105t. Jednym z&nbsp;element\u00f3w mo\u017ce by\u0107 wprowadzenie program sterylizacji dla ps\u00f3w i&nbsp;kot\u00f3w. Niestety&nbsp;pomys\u0142 ten odrzuci\u0142 niedawno burmistrz Wrze\u015bni.<\/p>\n<p><strong>&#8211; powietrze i&nbsp;smog<\/strong> &ndash; powietrze, kt\u00f3rym oddychamy w&nbsp;naszej gminie przez spor\u0105 cz\u0119\u015b\u0107 roku nie nadaje si\u0119 do oddychania. Nie mo\u017cna udawa\u0107, \u017ce nie mamy problemu zanieczyszczonego powietrza. Wymaga to powa\u017cnego potraktowanie problemu. Bo przecie\u017c od tego, czym oddychamy, zale\u017cy nie tylko nasze samopoczucie, ale i&nbsp;zdrowie. Zar\u00f3wno powolne tempo wyp\u0142aty \u015brodk\u00f3w z&nbsp;rz\u0105dowego programu Czyste Powietrze (zaledwie 15 tys. podpisanych um\u00f3w na dofinansowanie w&nbsp;ci\u0105gu 9 miesi\u0119cy), jak i&nbsp;niewielka kwota przewidziana w&nbsp;gminnym bud\u017cecie na dofinansowanie wymiany piec\u00f3w na bardziej ekologiczne (raptem 100 tys. z\u0142) nie wystarczy by poprawi\u0107 sytuacj\u0119. Potrzeba bardziej zdecydowanych dzia\u0142a\u0144.<\/p>\n<p><strong>&#8211; stan rzeki Wrze\u015bnicy<\/strong> &ndash; zgodnie z&nbsp;&bdquo;Ocen\u0105 stanu jednolitych cz\u0119\u015bci w\u00f3d powierzchniowych rzecznych w&nbsp;wojew\u00f3dztwie wielkopolskim za rok 2017&rdquo; opublikowan\u0105 przez Wojew\u00f3dzki Inspektorat Ochrony \u015arodowiska w&nbsp;Poznaniu stan w\u00f3d Wrze\u015bnicy jest z\u0142y. Temat Wrze\u015bnicy to kolejna sprawa do&nbsp;za\u0142atwienia. Ci\u0119\u017cko rozwija\u0107 Zalew Wrzesi\u0144ski i&nbsp;rekreacje nad Wrze\u015bnic\u0105, je\u015bli stan tej rzeki jest z\u0142y.<\/p>\n<p><strong>&#8211; ziele\u0144 miejska i&nbsp;gminna<\/strong> &ndash; zwr\u00f3cili\u015bmy uwag\u0119, \u017ceby sadzi\u0107 gatunki rodzime, daj\u0105ce cie\u0144, b\u0119d\u0105ce zarazem charakterystyczna dla Wrze\u015bni i&nbsp;Wielkopolski. Drzew i&nbsp;teren\u00f3w zielonych nigdy za ma\u0142o.<\/p>\n<p>Poza tym poruszali\u015bmy r\u00f3wnie\u017c tematy: braku r\u0105k do pracy w&nbsp;naszym regionie, niskiego wsp\u00f3\u0142czynnika zameldowanych os\u00f3b, braku plac\u00f3w zabaw na&nbsp;Osiedlu Tysi\u0105clecia, zabytk\u00f3w z&nbsp;gminnej ewidencji zabytk\u00f3w, infrastruktury socjalnej, spo\u0142ecze\u0144stwa obywatelskiego, czytelnictwa oraz sp\u00f3\u0142ek gminnych.<br \/>Liczymy, \u017ce tematy i&nbsp;kwestie, kt\u00f3re poruszyli\u015bmy, b\u0119d\u0105 ulega\u0142y poprawie w&nbsp;najbli\u017cszej przysz\u0142o\u015bci.<\/p>\n<p>&nbsp;<\/p>\n<p class=\"tytul\"><span style=\"font-size: xx-large;\">WIDEO<\/span><\/p>\n<p class=\"tresc\" style=\"text-align: left;\"><iframe loading=\"lazy\" src=\"http:\/\/www.youtube.com\/embed\/N_eOXgUnknU\" width=\"425\" height=\"350\" frameborder=\"0\" style=\"float: left;\"><\/iframe> &nbsp;<\/p>\n<div class=\"tresc\" style=\"text-align: left;\">&nbsp; &nbsp; &nbsp; &nbsp; &nbsp; &bull; Porz\u0105dek obrad sesji [<a href=\"http:\/\/wrzesnia.esesja.pl\/posiedzenie\/51f4200a-63db-4\" target=\"_blank\" rel=\"noopener\">tutaj<\/a>]<\/div>\n<div class=\"tresc\" style=\"text-align: left;\">&nbsp; &nbsp; &nbsp; &nbsp; &nbsp;&nbsp;<\/div>\n<p>&nbsp;<\/p>\n<p>&nbsp;<\/p>\n<p>&nbsp;<\/p>\n<p>&nbsp;<\/p>\n<p>&nbsp;<\/p>\n<p>&nbsp;<\/p>\n","protected":false},"excerpt":{"rendered":"<p>Zgodnie z&nbsp;nowymi zapisami ustawy o&nbsp;samorz\u0105dzie gminnym burmistrz od&nbsp;tego roku ma obowi\u0105zek przygotowania i&nbsp;zaprezentowania radnym oraz mieszka\u0144com raportu o&nbsp;stanie gminy za rok ubieg\u0142y. Dokument ten stanowi punkt wyj\u015bcia do przeprowadzenia debaty nad stanem gminy. &nbsp; R\u00f3wnie\u017c we Wrze\u015bni powsta\u0142 taki dokument i&nbsp;zosta\u0142 opublikowany na stronie internetowej i&nbsp;przed\u0142o\u017cony radnym miejskim. Mo\u017cna go znale\u017a\u0107 [tutaj]. Nast\u0119pnie pod koniec [&hellip;]<\/p>\n","protected":false},"author":1,"featured_media":10452,"comment_status":"open","ping_status":"open","sticky":false,"template":"","format":"standard","meta":{"_acf_changed":false,"footnotes":""},"categories":[15],"tags":[],"class_list":["post-452","post","type-post","status-publish","format-standard","has-post-thumbnail","hentry","category-15"],"acf":[],"_links":{"self":[{"href":"https:\/\/www.projektwrzesnia.pl\/wordpress\/wp-json\/wp\/v2\/posts\/452","targetHints":{"allow":["GET"]}}],"collection":[{"href":"https:\/\/www.projektwrzesnia.pl\/wordpress\/wp-json\/wp\/v2\/posts"}],"about":[{"href":"https:\/\/www.projektwrzesnia.pl\/wordpress\/wp-json\/wp\/v2\/types\/post"}],"author":[{"embeddable":true,"href":"https:\/\/www.projektwrzesnia.pl\/wordpress\/wp-json\/wp\/v2\/users\/1"}],"replies":[{"embeddable":true,"href":"https:\/\/www.projektwrzesnia.pl\/wordpress\/wp-json\/wp\/v2\/comments?post=452"}],"version-history":[{"count":0,"href":"https:\/\/www.projektwrzesnia.pl\/wordpress\/wp-json\/wp\/v2\/posts\/452\/revisions"}],"wp:featuredmedia":[{"embeddable":true,"href":"https:\/\/www.projektwrzesnia.pl\/wordpress\/wp-json\/wp\/v2\/media\/10452"}],"wp:attachment":[{"href":"https:\/\/www.projektwrzesnia.pl\/wordpress\/wp-json\/wp\/v2\/media?parent=452"}],"wp:term":[{"taxonomy":"category","embeddable":true,"href":"https:\/\/www.projektwrzesnia.pl\/wordpress\/wp-json\/wp\/v2\/categories?post=452"},{"taxonomy":"post_tag","embeddable":true,"href":"https:\/\/www.projektwrzesnia.pl\/wordpress\/wp-json\/wp\/v2\/tags?post=452"}],"curies":[{"name":"wp","href":"https:\/\/api.w.org\/{rel}","templated":true}]}}