{"id":487,"date":"2019-08-29T20:00:00","date_gmt":"2019-08-29T20:00:00","guid":{"rendered":"http:\/\/www.projektwrzesnia.pl\/wordpress\/487\/"},"modified":"2019-08-29T20:00:00","modified_gmt":"2019-08-29T20:00:00","slug":"posprzatajmy-park-im-dzieci-wrzesinskich","status":"publish","type":"post","link":"https:\/\/www.projektwrzesnia.pl\/wordpress\/487\/","title":{"rendered":"Posprz\u0105tajmy Park im. Dzieci Wrzesi\u0144skich!"},"content":{"rendered":"<p>Wszystkich nas m\u0119cz\u0105 wszechobecne \u015bmieci, wi\u0119c warto rozprawi\u0107 si\u0119 z&nbsp;tym problemem.<br \/> Ka\u017cdego, kto ma ochot\u0119 pom\u00f3c, zapraszamy by w\u0142\u0105czy\u0142 si\u0119 w&nbsp;organizowane przez nas <br \/>3. Wrzesi\u0144skie \u015amieciobranie.<\/p>\n<p>W t\u0119 sobot\u0119 o&nbsp;10:00 spotykamy si\u0119 przy &bdquo;Kole&rdquo; pod Amfiteatrem, sk\u0105d uzbrojeni w&nbsp;r\u0119kawiczki <br \/>i&nbsp;worki na&nbsp;\u015bmieci wyruszymy posprz\u0105ta\u0107 nasz\u0105 okolic\u0119.<\/p>\n<p>Park im. Dzieci Wrzesi\u0144skich bez paskudnych \u015bmieci? Zr\u00f3bmy to wsp\u00f3lnie, do zobaczenia!&nbsp;<\/p>\n<p>&nbsp;<\/p>\n<p>&nbsp;<\/p>\n<p>&nbsp;<\/p>\n<p>&nbsp;<\/p>\n<p>&nbsp;<\/p>\n<p>&nbsp;<\/p>\n<p>&nbsp;<\/p>\n","protected":false},"excerpt":{"rendered":"<p>Wszystkich nas m\u0119cz\u0105 wszechobecne \u015bmieci, wi\u0119c warto rozprawi\u0107 si\u0119 z&nbsp;tym problemem. Ka\u017cdego, kto ma ochot\u0119 pom\u00f3c, zapraszamy by w\u0142\u0105czy\u0142 si\u0119 w&nbsp;organizowane przez nas 3. Wrzesi\u0144skie \u015amieciobranie. W t\u0119 sobot\u0119 o&nbsp;10:00 spotykamy si\u0119 przy &bdquo;Kole&rdquo; pod Amfiteatrem, sk\u0105d uzbrojeni w&nbsp;r\u0119kawiczki i&nbsp;worki na&nbsp;\u015bmieci wyruszymy posprz\u0105ta\u0107 nasz\u0105 okolic\u0119. Park im. Dzieci Wrzesi\u0144skich bez paskudnych \u015bmieci? Zr\u00f3bmy to wsp\u00f3lnie, [&hellip;]<\/p>\n","protected":false},"author":1,"featured_media":10487,"comment_status":"open","ping_status":"open","sticky":false,"template":"","format":"standard","meta":{"_acf_changed":false,"footnotes":""},"categories":[33],"tags":[],"class_list":["post-487","post","type-post","status-publish","format-standard","has-post-thumbnail","hentry","category-33"],"acf":[],"_links":{"self":[{"href":"https:\/\/www.projektwrzesnia.pl\/wordpress\/wp-json\/wp\/v2\/posts\/487","targetHints":{"allow":["GET"]}}],"collection":[{"href":"https:\/\/www.projektwrzesnia.pl\/wordpress\/wp-json\/wp\/v2\/posts"}],"about":[{"href":"https:\/\/www.projektwrzesnia.pl\/wordpress\/wp-json\/wp\/v2\/types\/post"}],"author":[{"embeddable":true,"href":"https:\/\/www.projektwrzesnia.pl\/wordpress\/wp-json\/wp\/v2\/users\/1"}],"replies":[{"embeddable":true,"href":"https:\/\/www.projektwrzesnia.pl\/wordpress\/wp-json\/wp\/v2\/comments?post=487"}],"version-history":[{"count":0,"href":"https:\/\/www.projektwrzesnia.pl\/wordpress\/wp-json\/wp\/v2\/posts\/487\/revisions"}],"wp:featuredmedia":[{"embeddable":true,"href":"https:\/\/www.projektwrzesnia.pl\/wordpress\/wp-json\/wp\/v2\/media\/10487"}],"wp:attachment":[{"href":"https:\/\/www.projektwrzesnia.pl\/wordpress\/wp-json\/wp\/v2\/media?parent=487"}],"wp:term":[{"taxonomy":"category","embeddable":true,"href":"https:\/\/www.projektwrzesnia.pl\/wordpress\/wp-json\/wp\/v2\/categories?post=487"},{"taxonomy":"post_tag","embeddable":true,"href":"https:\/\/www.projektwrzesnia.pl\/wordpress\/wp-json\/wp\/v2\/tags?post=487"}],"curies":[{"name":"wp","href":"https:\/\/api.w.org\/{rel}","templated":true}]}}