{"id":49,"date":"2016-09-17T20:00:00","date_gmt":"2016-09-17T20:00:00","guid":{"rendered":"http:\/\/www.projektwrzesnia.pl\/wordpress\/49\/"},"modified":"2016-09-17T20:00:00","modified_gmt":"2016-09-17T20:00:00","slug":"smieciobranie-nad-zalewem","status":"publish","type":"post","link":"https:\/\/www.projektwrzesnia.pl\/wordpress\/49\/","title":{"rendered":"\u015amieciobranie nad zalewem"},"content":{"rendered":"<p><span data-mce-mark=\"1\"><\/span><\/p>\n<p>&nbsp;<\/p>\n<p><span data-mce-mark=\"1\">W sobot\u0119, 17 wrze\u015bnia odby\u0142o si\u0119 nasze pierwsze \u015bmieciobranie, w&nbsp;kt\u00f3rym udzia\u0142 wzi\u0119\u0142o blisko czterdzie\u015bci os\u00f3b. W&nbsp;ci\u0105gu trzech godzin zebrali\u015bmy pi\u0119\u0107dziesi\u0105t work\u00f3w \u015bmieci. G\u0142\u00f3wnie znalaz\u0142y si\u0119&nbsp;w&nbsp;nich opakowania po produktach spo\u017cywczych, butelki po alkoholu oraz dziesi\u0105tki opakowa\u0144 <\/span><span data-mce-mark=\"1\">po&hellip; prezerwatywach. Obecno\u015b\u0107 tych ostatnich \u015bmieci \u015bwiadczy o&nbsp;tym, \u017ce lasek pomi\u0119dzy zalewem, ul.&nbsp;Czerniejewsk\u0105 jest romantycznym zak\u0105tkiem na mapie naszego miasta. <\/span><\/p>\n<p><span data-mce-mark=\"1\"><span data-mce-mark=\"1\">\u015amieciobranie zako\u0144czy\u0142o si\u0119 wsp\u00f3lnym spotkaniem przy ognisku z&nbsp;kie\u0142baskami.<\/span><\/span><\/p>\n<p><span data-mce-mark=\"1\">Dzi\u0119kujemy wszystkim, kt\u00f3rzy pomogli w&nbsp;organizacji \u015bmieciobrania &ndash; zw\u0142aszcza Przedsi\u0119biorstwu Us\u0142ug Komunalnych, kt\u00f3re odebra\u0142o \u015bmieci oraz Wrzesi\u0144skim Obiektom Sportowo-Rekreacyjnym, gdzie&nbsp;mogli\u015bmy rozpali\u0107 ognisko. <\/span><\/p>\n<p><span data-mce-mark=\"1\">Dzi\u0119kujemy r\u00f3wnie\u017c uczestnikom oraz&nbsp;stowarzyszeniu Czysta Nekla. <a href=\"http:\/\/czystanekla.pl\/\"><img loading=\"lazy\" decoding=\"async\" title=\"- czysta_nekla_logo.jpg\" src=\"http:\/\/www.projektwrzesnia.pl\/asp\/pliki\/loga\/czysta_nekla_logo.jpg\" alt=\"- czysta_nekla_logo.jpg\" width=\"40\" height=\"40\"><\/a><\/span><\/p>\n<p><span data-mce-mark=\"1\"><span data-mce-mark=\"1\">Kolejne \u015bmieciobranie ju\u017c za rok!<\/span><\/span><\/p>\n<p>&nbsp;<\/p>\n<p><span data-mce-mark=\"1\"><span data-mce-mark=\"1\"><span data-mce-mark=\"1\">O akcji mo\u017cecie przeczyta\u0107 na stronach <a href=\"http:\/\/wrzesnia.info.pl\/g\/wrze%C5%9Bnia\/item\/10203-zbierali-%C5%9Bmieci-nad-zalewem-lip%C3%B3wka-galeria-wideo\">Wiadomo\u015bci Wrzesi\u0144skich<\/a> oraz <a href=\"http:\/\/nowawrzesnia.pl\/index.php\/aktualnosci\/item\/3433-sprzatali-okolice-zalewu-bylo-co-zbierac-galeria\">Nowej Wrze\u015bni<\/a>.<\/span><\/span><\/span><\/p>\n<p class=\"tytul\"><span style=\"font-size: xx-large;\">wideo&nbsp;<\/span><\/p>\n<p>&nbsp;&nbsp;&nbsp; <iframe loading=\"lazy\" src=\"http:\/\/www.youtube.com\/embed\/qm7kHCtLoQM\" width=\"425\" height=\"350\" frameborder=\"0\"><\/iframe>&nbsp;&nbsp;&nbsp;&nbsp;&nbsp; <iframe loading=\"lazy\" src=\"http:\/\/www.youtube.com\/embed\/Y7gZT23mxzI\" width=\"425\" height=\"350\" frameborder=\"0\"><\/iframe><\/p>\n<figure class=\"is-layout-flex wp-block-gallery-1 wp-block-gallery has-nested-images columns-default is-cropped\">\n<figure class=\"wp-block-image\"><img loading=\"lazy\" decoding=\"async\" width=\"1516\" height=\"2048\" src=\"https:\/\/www.projektwrzesnia.pl\/wordpress\/wp-content\/uploads\/2023\/03\/20160917_smieciobranie__11.jpg\" alt=\"\" class=\"wp-image-10490\" srcset=\"https:\/\/www.projektwrzesnia.pl\/wordpress\/wp-content\/uploads\/2023\/03\/20160917_smieciobranie__11.jpg 1516w, https:\/\/www.projektwrzesnia.pl\/wordpress\/wp-content\/uploads\/2023\/03\/20160917_smieciobranie__11-222x300.jpg 222w, https:\/\/www.projektwrzesnia.pl\/wordpress\/wp-content\/uploads\/2023\/03\/20160917_smieciobranie__11-758x1024.jpg 758w, https:\/\/www.projektwrzesnia.pl\/wordpress\/wp-content\/uploads\/2023\/03\/20160917_smieciobranie__11-768x1038.jpg 768w, https:\/\/www.projektwrzesnia.pl\/wordpress\/wp-content\/uploads\/2023\/03\/20160917_smieciobranie__11-1137x1536.jpg 1137w\" sizes=\"auto, (max-width: 1516px) 100vw, 1516px\" \/><\/figure>\n<figure class=\"wp-block-image\"><img decoding=\"async\" src=\"https:\/\/www.projektwrzesnia.pl\/wordpress\/wp-content\/uploads\/2023\/03\/20160917_smieciobranie__12.jpg\" alt=\"\" class=\"wp-image-10491\"\/><\/figure>\n<figure class=\"wp-block-image\"><img decoding=\"async\" src=\"https:\/\/www.projektwrzesnia.pl\/wordpress\/wp-content\/uploads\/2023\/03\/20160917_smieciobranie__27_.jpg\" alt=\"\" class=\"wp-image-10492\"\/><\/figure>\n<figure class=\"wp-block-image\"><img decoding=\"async\" src=\"https:\/\/www.projektwrzesnia.pl\/wordpress\/wp-content\/uploads\/2023\/03\/20160917_smieciobranie__31_.jpg\" alt=\"\" class=\"wp-image-10493\"\/><\/figure>\n<figure class=\"wp-block-image\"><img decoding=\"async\" src=\"https:\/\/www.projektwrzesnia.pl\/wordpress\/wp-content\/uploads\/2023\/03\/20160917_smieciobranie__33_.jpg\" alt=\"\" class=\"wp-image-10494\"\/><\/figure>\n<figure class=\"wp-block-image\"><img loading=\"lazy\" decoding=\"async\" width=\"1024\" height=\"683\" src=\"https:\/\/www.projektwrzesnia.pl\/wordpress\/wp-content\/uploads\/2023\/03\/20160917_smieciobranie__34_.jpg\" alt=\"\" class=\"wp-image-10495\" srcset=\"https:\/\/www.projektwrzesnia.pl\/wordpress\/wp-content\/uploads\/2023\/03\/20160917_smieciobranie__34_.jpg 1024w, https:\/\/www.projektwrzesnia.pl\/wordpress\/wp-content\/uploads\/2023\/03\/20160917_smieciobranie__34_-300x200.jpg 300w, https:\/\/www.projektwrzesnia.pl\/wordpress\/wp-content\/uploads\/2023\/03\/20160917_smieciobranie__34_-768x512.jpg 768w\" sizes=\"auto, (max-width: 1024px) 100vw, 1024px\" \/><\/figure>\n<figure class=\"wp-block-image\"><img loading=\"lazy\" decoding=\"async\" width=\"1024\" height=\"683\" src=\"https:\/\/www.projektwrzesnia.pl\/wordpress\/wp-content\/uploads\/2023\/03\/20160917_smieciobranie__36_.jpg\" alt=\"\" class=\"wp-image-10496\" srcset=\"https:\/\/www.projektwrzesnia.pl\/wordpress\/wp-content\/uploads\/2023\/03\/20160917_smieciobranie__36_.jpg 1024w, https:\/\/www.projektwrzesnia.pl\/wordpress\/wp-content\/uploads\/2023\/03\/20160917_smieciobranie__36_-300x200.jpg 300w, https:\/\/www.projektwrzesnia.pl\/wordpress\/wp-content\/uploads\/2023\/03\/20160917_smieciobranie__36_-768x512.jpg 768w\" sizes=\"auto, (max-width: 1024px) 100vw, 1024px\" \/><\/figure>\n<figure class=\"wp-block-image\"><img decoding=\"async\" src=\"https:\/\/www.projektwrzesnia.pl\/wordpress\/wp-content\/uploads\/2023\/03\/20160917_smieciobranie__38_.jpg\" alt=\"\" class=\"wp-image-10497\"\/><\/figure>\n<figure class=\"wp-block-image\"><img decoding=\"async\" src=\"https:\/\/www.projektwrzesnia.pl\/wordpress\/wp-content\/uploads\/2023\/03\/20160917_smieciobranie__39_.jpg\" alt=\"\" class=\"wp-image-10498\"\/><\/figure>\n<figure class=\"wp-block-image\"><img decoding=\"async\" src=\"https:\/\/www.projektwrzesnia.pl\/wordpress\/wp-content\/uploads\/2023\/03\/20160917_smieciobranie__40_.jpg\" alt=\"\" class=\"wp-image-10499\"\/><\/figure>\n<figure class=\"wp-block-image\"><img decoding=\"async\" src=\"https:\/\/www.projektwrzesnia.pl\/wordpress\/wp-content\/uploads\/2023\/03\/20160917_smieciobranie__41_.jpg\" alt=\"\" class=\"wp-image-104910\"\/><\/figure>\n<figure class=\"wp-block-image\"><img decoding=\"async\" src=\"https:\/\/www.projektwrzesnia.pl\/wordpress\/wp-content\/uploads\/2023\/03\/20160917_smieciobranie__42_.jpg\" alt=\"\" class=\"wp-image-104911\"\/><\/figure>\n<figure class=\"wp-block-image\"><img decoding=\"async\" src=\"https:\/\/www.projektwrzesnia.pl\/wordpress\/wp-content\/uploads\/2023\/03\/20160917_smieciobranie__44_.jpg\" alt=\"\" class=\"wp-image-104912\"\/><\/figure>\n<figure class=\"wp-block-image\"><img loading=\"lazy\" decoding=\"async\" width=\"1024\" height=\"683\" src=\"https:\/\/www.projektwrzesnia.pl\/wordpress\/wp-content\/uploads\/2023\/03\/20160917_smieciobranie__45_.jpg\" alt=\"\" class=\"wp-image-104913\" srcset=\"https:\/\/www.projektwrzesnia.pl\/wordpress\/wp-content\/uploads\/2023\/03\/20160917_smieciobranie__45_.jpg 1024w, https:\/\/www.projektwrzesnia.pl\/wordpress\/wp-content\/uploads\/2023\/03\/20160917_smieciobranie__45_-300x200.jpg 300w, https:\/\/www.projektwrzesnia.pl\/wordpress\/wp-content\/uploads\/2023\/03\/20160917_smieciobranie__45_-768x512.jpg 768w\" sizes=\"auto, (max-width: 1024px) 100vw, 1024px\" \/><\/figure>\n<figure class=\"wp-block-image\"><img loading=\"lazy\" decoding=\"async\" width=\"1024\" height=\"683\" src=\"https:\/\/www.projektwrzesnia.pl\/wordpress\/wp-content\/uploads\/2023\/03\/20160917_smieciobranie__46_.jpg\" alt=\"\" class=\"wp-image-104914\" srcset=\"https:\/\/www.projektwrzesnia.pl\/wordpress\/wp-content\/uploads\/2023\/03\/20160917_smieciobranie__46_.jpg 1024w, https:\/\/www.projektwrzesnia.pl\/wordpress\/wp-content\/uploads\/2023\/03\/20160917_smieciobranie__46_-300x200.jpg 300w, https:\/\/www.projektwrzesnia.pl\/wordpress\/wp-content\/uploads\/2023\/03\/20160917_smieciobranie__46_-768x512.jpg 768w\" sizes=\"auto, (max-width: 1024px) 100vw, 1024px\" \/><\/figure>\n<figure class=\"wp-block-image\"><img loading=\"lazy\" decoding=\"async\" width=\"1024\" height=\"683\" src=\"https:\/\/www.projektwrzesnia.pl\/wordpress\/wp-content\/uploads\/2023\/03\/20160917_smieciobranie__47_.jpg\" alt=\"\" class=\"wp-image-104915\" srcset=\"https:\/\/www.projektwrzesnia.pl\/wordpress\/wp-content\/uploads\/2023\/03\/20160917_smieciobranie__47_.jpg 1024w, https:\/\/www.projektwrzesnia.pl\/wordpress\/wp-content\/uploads\/2023\/03\/20160917_smieciobranie__47_-300x200.jpg 300w, https:\/\/www.projektwrzesnia.pl\/wordpress\/wp-content\/uploads\/2023\/03\/20160917_smieciobranie__47_-768x512.jpg 768w\" sizes=\"auto, (max-width: 1024px) 100vw, 1024px\" \/><\/figure>\n<\/figure>\n","protected":false},"excerpt":{"rendered":"<p>&nbsp; W sobot\u0119, 17 wrze\u015bnia odby\u0142o si\u0119 nasze pierwsze \u015bmieciobranie, w&nbsp;kt\u00f3rym udzia\u0142 wzi\u0119\u0142o blisko czterdzie\u015bci os\u00f3b. W&nbsp;ci\u0105gu trzech godzin zebrali\u015bmy pi\u0119\u0107dziesi\u0105t work\u00f3w \u015bmieci. G\u0142\u00f3wnie znalaz\u0142y si\u0119&nbsp;w&nbsp;nich opakowania po produktach spo\u017cywczych, butelki po alkoholu oraz dziesi\u0105tki opakowa\u0144 po&hellip; prezerwatywach. Obecno\u015b\u0107 tych ostatnich \u015bmieci \u015bwiadczy o&nbsp;tym, \u017ce lasek pomi\u0119dzy zalewem, ul.&nbsp;Czerniejewsk\u0105 jest romantycznym zak\u0105tkiem na mapie naszego [&hellip;]<\/p>\n","protected":false},"author":1,"featured_media":1049,"comment_status":"open","ping_status":"open","sticky":false,"template":"","format":"standard","meta":{"_acf_changed":false,"footnotes":""},"categories":[33],"tags":[],"class_list":["post-49","post","type-post","status-publish","format-standard","has-post-thumbnail","hentry","category-33"],"acf":[],"_links":{"self":[{"href":"https:\/\/www.projektwrzesnia.pl\/wordpress\/wp-json\/wp\/v2\/posts\/49","targetHints":{"allow":["GET"]}}],"collection":[{"href":"https:\/\/www.projektwrzesnia.pl\/wordpress\/wp-json\/wp\/v2\/posts"}],"about":[{"href":"https:\/\/www.projektwrzesnia.pl\/wordpress\/wp-json\/wp\/v2\/types\/post"}],"author":[{"embeddable":true,"href":"https:\/\/www.projektwrzesnia.pl\/wordpress\/wp-json\/wp\/v2\/users\/1"}],"replies":[{"embeddable":true,"href":"https:\/\/www.projektwrzesnia.pl\/wordpress\/wp-json\/wp\/v2\/comments?post=49"}],"version-history":[{"count":0,"href":"https:\/\/www.projektwrzesnia.pl\/wordpress\/wp-json\/wp\/v2\/posts\/49\/revisions"}],"wp:featuredmedia":[{"embeddable":true,"href":"https:\/\/www.projektwrzesnia.pl\/wordpress\/wp-json\/wp\/v2\/media\/1049"}],"wp:attachment":[{"href":"https:\/\/www.projektwrzesnia.pl\/wordpress\/wp-json\/wp\/v2\/media?parent=49"}],"wp:term":[{"taxonomy":"category","embeddable":true,"href":"https:\/\/www.projektwrzesnia.pl\/wordpress\/wp-json\/wp\/v2\/categories?post=49"},{"taxonomy":"post_tag","embeddable":true,"href":"https:\/\/www.projektwrzesnia.pl\/wordpress\/wp-json\/wp\/v2\/tags?post=49"}],"curies":[{"name":"wp","href":"https:\/\/api.w.org\/{rel}","templated":true}]}}