{"id":51,"date":"2016-09-19T20:00:00","date_gmt":"2016-09-19T20:00:00","guid":{"rendered":"http:\/\/www.projektwrzesnia.pl\/wordpress\/51\/"},"modified":"2023-03-10T13:22:33","modified_gmt":"2023-03-10T13:22:33","slug":"kotlownia-w-marzeninie-bedzie-dzialac-nadal","status":"publish","type":"post","link":"https:\/\/www.projektwrzesnia.pl\/wordpress\/51\/","title":{"rendered":"Kot\u0142ownia w\u00a0Marzeninie b\u0119dzie dzia\u0142a\u0107 nadal"},"content":{"rendered":"<p>Kilka miesi\u0119cy temu Agencja Nieruchomo\u015bci Rolnych w&nbsp;Poznaniu poinformowa\u0142a mieszka\u0144c\u00f3w blok\u00f3w w&nbsp;Marzeninie, \u017ce ma zamiar zaprzesta\u0107 dostaw ciep\u0142a do ich mieszka\u0144 w&nbsp;sezonie grzewczym 2016\/2017 (<a href=\"https:\/\/www.projektwrzesnia.pl\/wordpress\/wp-content\/uploads\/2023\/03\/20160919_kotlownia_marzenin_zamkniecie.pdf\">PISMO<\/a>). Agencja jest w\u0142a\u015bcicielem kot\u0142owni, kt\u00f3ra zaopatruje w&nbsp;ogrzewanie cztery bloki \u2013 \u0142\u0105cznie 48 mieszka\u0144. Decyzja&nbsp;o wy\u0142\u0105czeniu kot\u0142owni mia\u0142by powa\u017cne konsekwencje zar\u00f3wno dla&nbsp;mieszka\u0144c\u00f3w jak&nbsp;i samej sieci ciep\u0142owniczej.&nbsp;<\/p>\n<p>9 sierpnia 2016 roku nasze stowarzyszenie przeprowadzi\u0142o zbi\u00f3rk\u0119 podpis\u00f3w pod&nbsp;petycj\u0105 za wyremontowaniem przez Agencje Nieruchomo\u015bci Rolnych kot\u0142owni w&nbsp;Marzeninie oraz przekazanie wyremontowanej kot\u0142owni w&nbsp;Marzeninie Sp\u00f3\u0142dzielni Mieszkaniowej w&nbsp;Soko\u0142owie. Petycj\u0119 podpisa\u0142o \u0142\u0105cznie 82 mieszka\u0144c\u00f3w.&nbsp;<\/p>\n<p>W ostatnich dniach okaza\u0142o si\u0119, \u017ce dzi\u0119ki naszym dzia\u0142aniom, kt\u00f3re wspar\u0142a r\u00f3wnie\u017c pos\u0142anka Paulina Hennig-Kloska, kot\u0142ownia w&nbsp;Marzeninie nie&nbsp;zostanie wy\u0142\u0105czona z&nbsp;eksploatacji w&nbsp;najbli\u017cszym sezonie grzewczym (<a href=\"http:\/\/www.projektwrzesnia.pl\/asp\/pliki\/PDFy\/20160919_marzenin_odpowiedz_anr.pdf\">PISMO<\/a>). Ponadto Dyrektor Agencji Nieruchomo\u015bci Rolnych w&nbsp;Poznaniu zobowi\u0105za\u0142 si\u0119 do jej wyremontowania. Wsp\u00f3lne dzia\u0142ania zn\u00f3w przynios\u0142y pozytywny skutek dla mieszka\u0144c\u00f3w.<\/p>\n<p><span>O sprawie mo\u017cecie przeczyta\u0107 na stronach <a href=\"http:\/\/wrzesnia.info.pl\/g\/wrze%C5%9Bnia\/item\/10221-mieszka%C5%84cy-marzenina-mog%C4%85-spa%C4%87-spokojnie-galeria\">Wiadomo\u015bci Wrzesi\u0144skich<\/a> oraz <a href=\"http:\/\/nowawrzesnia.pl\/index.php\/powiat\/wrzesnia\/item\/3441-mieszkancy-marzenina-moga-spac-spokojnie\">Nowej Wrze\u015bni<\/a>.<\/span><\/p>\n<p>&nbsp;Wcze\u015bniej pisali\u015bmy:<\/p>\n<p>&nbsp;<a class=\"aktualnosci_powrot\" href=\"http:\/\/www.projektwrzesnia.pl\/asp\/pl_start.asp?typ=13&amp;menu=13&amp;schemat=&amp;dzialy=13&amp;akcja=artykul&amp;artykul=43\"><span class=\"aktualnosci_powrot\">Poprzedni artyku\u0142<\/span><\/a><\/p>\n<figure class=\"is-layout-flex wp-block-gallery-1 wp-block-gallery has-nested-images columns-default is-cropped\">\n<figure class=\"wp-block-image\"><img decoding=\"async\" src=\"https:\/\/www.projektwrzesnia.pl\/wordpress\/wp-content\/uploads\/2023\/03\/20160919_kotlownia_marzenin.jpg\" alt=\"\" class=\"wp-image-10510\"><\/figure>\n<figure class=\"wp-block-image\"><img loading=\"lazy\" decoding=\"async\" width=\"1024\" height=\"685\" src=\"https:\/\/www.projektwrzesnia.pl\/wordpress\/wp-content\/uploads\/2023\/03\/20160919_kotlownia_marzenin1.jpg\" alt=\"\" class=\"wp-image-10511\" srcset=\"https:\/\/www.projektwrzesnia.pl\/wordpress\/wp-content\/uploads\/2023\/03\/20160919_kotlownia_marzenin1.jpg 1024w, https:\/\/www.projektwrzesnia.pl\/wordpress\/wp-content\/uploads\/2023\/03\/20160919_kotlownia_marzenin1-300x201.jpg 300w, https:\/\/www.projektwrzesnia.pl\/wordpress\/wp-content\/uploads\/2023\/03\/20160919_kotlownia_marzenin1-768x514.jpg 768w\" sizes=\"auto, (max-width: 1024px) 100vw, 1024px\" \/><\/figure>\n<figure class=\"wp-block-image\"><img decoding=\"async\" src=\"https:\/\/www.projektwrzesnia.pl\/wordpress\/wp-content\/uploads\/2023\/03\/20160919_kotlownia_marzenin2.jpg\" alt=\"\" class=\"wp-image-10512\"><\/figure>\n<figure class=\"wp-block-image\"><img loading=\"lazy\" decoding=\"async\" width=\"1024\" height=\"768\" src=\"https:\/\/www.projektwrzesnia.pl\/wordpress\/wp-content\/uploads\/2023\/03\/20160919_kotlownia_marzenin3.jpg\" alt=\"\" class=\"wp-image-10513\" srcset=\"https:\/\/www.projektwrzesnia.pl\/wordpress\/wp-content\/uploads\/2023\/03\/20160919_kotlownia_marzenin3.jpg 1024w, https:\/\/www.projektwrzesnia.pl\/wordpress\/wp-content\/uploads\/2023\/03\/20160919_kotlownia_marzenin3-300x225.jpg 300w, https:\/\/www.projektwrzesnia.pl\/wordpress\/wp-content\/uploads\/2023\/03\/20160919_kotlownia_marzenin3-768x576.jpg 768w\" sizes=\"auto, (max-width: 1024px) 100vw, 1024px\" \/><\/figure>\n<figure class=\"wp-block-image\"><img loading=\"lazy\" decoding=\"async\" width=\"1024\" height=\"768\" src=\"https:\/\/www.projektwrzesnia.pl\/wordpress\/wp-content\/uploads\/2023\/03\/20160919_kotlownia_marzenin4.jpg\" alt=\"\" class=\"wp-image-10514\" srcset=\"https:\/\/www.projektwrzesnia.pl\/wordpress\/wp-content\/uploads\/2023\/03\/20160919_kotlownia_marzenin4.jpg 1024w, https:\/\/www.projektwrzesnia.pl\/wordpress\/wp-content\/uploads\/2023\/03\/20160919_kotlownia_marzenin4-300x225.jpg 300w, https:\/\/www.projektwrzesnia.pl\/wordpress\/wp-content\/uploads\/2023\/03\/20160919_kotlownia_marzenin4-768x576.jpg 768w\" sizes=\"auto, (max-width: 1024px) 100vw, 1024px\" \/><\/figure>\n<\/figure>\n","protected":false},"excerpt":{"rendered":"<p>Kilka miesi\u0119cy temu Agencja Nieruchomo\u015bci Rolnych w&nbsp;Poznaniu poinformowa\u0142a mieszka\u0144c\u00f3w blok\u00f3w w&nbsp;Marzeninie, \u017ce ma zamiar zaprzesta\u0107 dostaw ciep\u0142a do ich mieszka\u0144 w&nbsp;sezonie grzewczym 2016\/2017 (PISMO). Agencja jest w\u0142a\u015bcicielem kot\u0142owni, kt\u00f3ra zaopatruje w&nbsp;ogrzewanie cztery bloki \u2013 \u0142\u0105cznie 48 mieszka\u0144. Decyzja&nbsp;o wy\u0142\u0105czeniu kot\u0142owni mia\u0142by powa\u017cne konsekwencje zar\u00f3wno dla&nbsp;mieszka\u0144c\u00f3w jak&nbsp;i samej sieci ciep\u0142owniczej.&nbsp; 9 sierpnia 2016 roku nasze stowarzyszenie [&hellip;]<\/p>\n","protected":false},"author":1,"featured_media":10100664,"comment_status":"open","ping_status":"open","sticky":false,"template":"","format":"standard","meta":{"_acf_changed":false,"footnotes":""},"categories":[32],"tags":[],"class_list":["post-51","post","type-post","status-publish","format-standard","has-post-thumbnail","hentry","category-32"],"acf":[],"_links":{"self":[{"href":"https:\/\/www.projektwrzesnia.pl\/wordpress\/wp-json\/wp\/v2\/posts\/51","targetHints":{"allow":["GET"]}}],"collection":[{"href":"https:\/\/www.projektwrzesnia.pl\/wordpress\/wp-json\/wp\/v2\/posts"}],"about":[{"href":"https:\/\/www.projektwrzesnia.pl\/wordpress\/wp-json\/wp\/v2\/types\/post"}],"author":[{"embeddable":true,"href":"https:\/\/www.projektwrzesnia.pl\/wordpress\/wp-json\/wp\/v2\/users\/1"}],"replies":[{"embeddable":true,"href":"https:\/\/www.projektwrzesnia.pl\/wordpress\/wp-json\/wp\/v2\/comments?post=51"}],"version-history":[{"count":1,"href":"https:\/\/www.projektwrzesnia.pl\/wordpress\/wp-json\/wp\/v2\/posts\/51\/revisions"}],"predecessor-version":[{"id":10100665,"href":"https:\/\/www.projektwrzesnia.pl\/wordpress\/wp-json\/wp\/v2\/posts\/51\/revisions\/10100665"}],"wp:featuredmedia":[{"embeddable":true,"href":"https:\/\/www.projektwrzesnia.pl\/wordpress\/wp-json\/wp\/v2\/media\/10100664"}],"wp:attachment":[{"href":"https:\/\/www.projektwrzesnia.pl\/wordpress\/wp-json\/wp\/v2\/media?parent=51"}],"wp:term":[{"taxonomy":"category","embeddable":true,"href":"https:\/\/www.projektwrzesnia.pl\/wordpress\/wp-json\/wp\/v2\/categories?post=51"},{"taxonomy":"post_tag","embeddable":true,"href":"https:\/\/www.projektwrzesnia.pl\/wordpress\/wp-json\/wp\/v2\/tags?post=51"}],"curies":[{"name":"wp","href":"https:\/\/api.w.org\/{rel}","templated":true}]}}