{"id":522,"date":"2019-11-12T20:00:00","date_gmt":"2019-11-12T20:00:00","guid":{"rendered":"http:\/\/www.projektwrzesnia.pl\/wordpress\/522\/"},"modified":"2019-11-12T20:00:00","modified_gmt":"2019-11-12T20:00:00","slug":"pyzdry-kolejne-decyzje-dla-terenu-dawnego-zamku-krolewskiego","status":"publish","type":"post","link":"https:\/\/www.projektwrzesnia.pl\/wordpress\/522\/","title":{"rendered":"Pyzdry &#8211; kolejne decyzje dla terenu dawnego zamku kr\u00f3lewskiego"},"content":{"rendered":"<p>Kilka tygodniu temu Minister Kultury i&nbsp;Dziedzictwa Narodowego wyda\u0142 decyzj\u0119 [<a href=\"http:\/\/www.projektwrzesnia.pl\/asp\/pliki\/PDFy\/20191029_pyzdry-decyzja_mkidn.pdf\" target=\"_blank\" rel=\"noopener\">tutaj<\/a>], w&nbsp;kt\u00f3rej nie wyrazi\u0142 zgody na rozbi\u00f3rk\u0119 jednego z&nbsp;budynk\u00f3w znajduj\u0105cych si\u0119 na terenie dawnego zamku kr\u00f3lewskiego w&nbsp;Pyzdrach. Chodzi o&nbsp;budynek administracyjno-us\u0142ugowy, kt\u00f3ry pochodzi z&nbsp;okresu drugiego rozbioru Rzeczypospolitej, czyli ma dzi\u015b ponad 200 lat. Co&nbsp;prawda jego wygl\u0105d zosta\u0142 w&nbsp;okresie PRL-u mocno zmieniony, ale nadal jest to warto\u015bciowy obiekt, kt\u00f3remu mo\u017cna przywr\u00f3ci\u0107 dawn\u0105 \u015bwietno\u015b\u0107.<\/p>\n<p>Warto przypomnie\u0107, \u017ce obecny w\u0142a\u015bciciel chcia\u0142 jego wyburzenia. Pocz\u0105tkowo Wielkopolski Wojew\u00f3dzki Konserwator Zabytk\u00f3w wyda\u0142 zgod\u0119 na rozbi\u00f3rk\u0119, ale mi\u0119dzy innymi po naszej interwencji zgoda ta zosta\u0142a cofni\u0119ta. Decyzja zakazuj\u0105ca rozbi\u00f3rki zosta\u0142a podpisana 27&nbsp;sierpnia 2018 roku. W&nbsp;po\u0142owie wrze\u015bnia ubieg\u0142ego roku inwestor z\u0142o\u017cy\u0142 jednak odwo\u0142anie i&nbsp;sprawa trafi\u0142a do rozpatrzenia przez Ministra Kultury i&nbsp;Dziedzictwa Narodowego, kt\u00f3ry finalnie utrzyma\u0142 w&nbsp;mocy decyzj\u0119 Wielkopolskiego Wojew\u00f3dzkiego Konserwatora Zabytk\u00f3w.<\/p>\n<p>Bardzo si\u0119 z&nbsp;tego cieszymy, bo sami r\u00f3wnie\u017c przedk\u0142adali\u015bmy ministrowi materia\u0142y w&nbsp;sprawie zabytku [<a href=\"http:\/\/www.projektwrzesnia.pl\/asp\/pl_start.asp?typ=13&amp;sub=23&amp;menu=42&amp;dzialy=42&amp;akcja=artykul&amp;artykul=362\" target=\"_blank\" rel=\"noopener\">pisali\u015bmy o&nbsp;tym tutaj<\/a>]. Tym samym wraz z&nbsp;decyzj\u0105 Ministra Kultury i&nbsp;Dziedzictwa Narodowego sprawa zako\u0144czy\u0142a si\u0119 na etapie administracyjnym. Oczywi\u015bcie inwestorowi przys\u0142uguje jeszcze droga s\u0105dowa i&nbsp;niebawem przekonamy si\u0119, czy z&nbsp;niej skorzysta. &nbsp;<\/p>\n<p><a href=\"http:\/\/www.projektwrzesnia.pl\/asp\/pl_start.asp?typ=13&amp;sub=23&amp;menu=42&amp;dzialy=42&amp;akcja=artykul&amp;artykul=362\"><span class=\"pytanie_do_wiecej\">Wcze\u015bniej pisali\u015bmy<\/span><\/a><\/p>\n","protected":false},"excerpt":{"rendered":"<p>Kilka tygodniu temu Minister Kultury i&nbsp;Dziedzictwa Narodowego wyda\u0142 decyzj\u0119 [tutaj], w&nbsp;kt\u00f3rej nie wyrazi\u0142 zgody na rozbi\u00f3rk\u0119 jednego z&nbsp;budynk\u00f3w znajduj\u0105cych si\u0119 na terenie dawnego zamku kr\u00f3lewskiego w&nbsp;Pyzdrach. Chodzi o&nbsp;budynek administracyjno-us\u0142ugowy, kt\u00f3ry pochodzi z&nbsp;okresu drugiego rozbioru Rzeczypospolitej, czyli ma dzi\u015b ponad 200 lat. Co&nbsp;prawda jego wygl\u0105d zosta\u0142 w&nbsp;okresie PRL-u mocno zmieniony, ale nadal jest to warto\u015bciowy obiekt, [&hellip;]<\/p>\n","protected":false},"author":1,"featured_media":10522,"comment_status":"open","ping_status":"open","sticky":false,"template":"","format":"standard","meta":{"_acf_changed":false,"footnotes":""},"categories":[27],"tags":[],"class_list":["post-522","post","type-post","status-publish","format-standard","has-post-thumbnail","hentry","category-27"],"acf":[],"_links":{"self":[{"href":"https:\/\/www.projektwrzesnia.pl\/wordpress\/wp-json\/wp\/v2\/posts\/522","targetHints":{"allow":["GET"]}}],"collection":[{"href":"https:\/\/www.projektwrzesnia.pl\/wordpress\/wp-json\/wp\/v2\/posts"}],"about":[{"href":"https:\/\/www.projektwrzesnia.pl\/wordpress\/wp-json\/wp\/v2\/types\/post"}],"author":[{"embeddable":true,"href":"https:\/\/www.projektwrzesnia.pl\/wordpress\/wp-json\/wp\/v2\/users\/1"}],"replies":[{"embeddable":true,"href":"https:\/\/www.projektwrzesnia.pl\/wordpress\/wp-json\/wp\/v2\/comments?post=522"}],"version-history":[{"count":0,"href":"https:\/\/www.projektwrzesnia.pl\/wordpress\/wp-json\/wp\/v2\/posts\/522\/revisions"}],"wp:featuredmedia":[{"embeddable":true,"href":"https:\/\/www.projektwrzesnia.pl\/wordpress\/wp-json\/wp\/v2\/media\/10522"}],"wp:attachment":[{"href":"https:\/\/www.projektwrzesnia.pl\/wordpress\/wp-json\/wp\/v2\/media?parent=522"}],"wp:term":[{"taxonomy":"category","embeddable":true,"href":"https:\/\/www.projektwrzesnia.pl\/wordpress\/wp-json\/wp\/v2\/categories?post=522"},{"taxonomy":"post_tag","embeddable":true,"href":"https:\/\/www.projektwrzesnia.pl\/wordpress\/wp-json\/wp\/v2\/tags?post=522"}],"curies":[{"name":"wp","href":"https:\/\/api.w.org\/{rel}","templated":true}]}}