{"id":528,"date":"2019-11-05T20:00:00","date_gmt":"2019-11-05T20:00:00","guid":{"rendered":"http:\/\/www.projektwrzesnia.pl\/wordpress\/528\/"},"modified":"2019-11-05T20:00:00","modified_gmt":"2019-11-05T20:00:00","slug":"place-zabaw-na-terenach-wsm","status":"publish","type":"post","link":"https:\/\/www.projektwrzesnia.pl\/wordpress\/528\/","title":{"rendered":"Place zabaw na terenach WSM"},"content":{"rendered":"<p>Od kilku miesi\u0119cy podejmujemy temat braku nowych i&nbsp;wyremontowanych plac\u00f3w zabaw na Osiedlu Tysi\u0105clecia we Wrze\u015bni. Zwracali\u015bmy si\u0119 ju\u017c w&nbsp;tej sprawie do burmistrza Wrze\u015bni, ale odpowiedzi albo s\u0105 nie na temat, albo nie zawieraj\u0105 \u017cadnej g\u0142\u0119bszej analizy tematu. Sami na przyk\u0142ad wskazali\u015bmy, \u017ce fundusze na ten cel mog\u0105 pochodzi\u0107 bezpo\u015brednio z&nbsp;bud\u017cetu Miasta i&nbsp;Gminy Wrze\u015bnia lub Gminnej Komisji Rozwi\u0105zywania Problem\u00f3w Alkoholowych.<\/p>\n<p>W ostatnich dniach odwiedzili\u015bmy wszystkie place zabaw, kt\u00f3re znajduj\u0105 si\u0119 na terenach Wrzesi\u0144skiej Sp\u00f3\u0142dzielni Mieszkaniowej, a&nbsp;jest ich a\u017c&nbsp;19. W&nbsp;efekcie powsta\u0142 dokument o&nbsp;nazwie &bdquo;Przegl\u0105d plac\u00f3w zabaw znajduj\u0105cych si\u0119 na terenach zarz\u0105dzanych przez Wrzesi\u0144sk\u0105 Sp\u00f3\u0142dzielni\u0119 Mieszkaniow\u0105&rdquo; (<a href=\"http:\/\/www.projektwrzesnia.pl\/asp\/pliki\/PDFy\/20191105_place_zabaw2.pdf\" target=\"_blank\" rel=\"noopener\">dokument tutaj<\/a>).<\/p>\n<p>Wi\u0119kszo\u015b\u0107 z&nbsp;nich niestety nadaje si\u0119 do remontu albo postawienia nowych urz\u0105dze\u0144. Nasze spostrze\u017cenia i&nbsp;materia\u0142y wys\u0142ali\u015bmy do burmistrza Wrze\u015bni, Gminnej Komisji Rozwi\u0105zywania Problem\u00f3w Alkoholowych oraz Wrzesi\u0144skiej Sp\u00f3\u0142dzielni Mieszkaniowej. Mo\u017ce w&nbsp;ko\u0144cu znajd\u0105 si\u0119 pieni\u0105dze r\u00f3wnie\u017c na place zabaw na Osiedlu Tysi\u0105clecia.&nbsp;<\/p>\n<p>&nbsp;<span class=\"tytul\" data-mce-mark=\"1\">Inni pisz\u0105:<\/span><\/p>\n<p><a href=\"http:\/\/wrzesnia.info.pl\/artykul\/rozpoczeli-zabiegi-o-atrakcyjne-place-zabaw-we-wrzesinskich-blokowiskach?fbclid=IwAR2IHgPJH53SLGaq-6Wv9waMk-t62x44pHGF-5O4tiBTSMWYokWDMnXr0Ng\" target=\"_blank\" rel=\"noopener\">Rozpocz\u0119li zabiegi o&nbsp;atrakcyjne place zabaw we wrzesi\u0144skich blokowiskach<\/a><\/p>\n<p>&nbsp;<\/p>\n","protected":false},"excerpt":{"rendered":"<p>Od kilku miesi\u0119cy podejmujemy temat braku nowych i&nbsp;wyremontowanych plac\u00f3w zabaw na Osiedlu Tysi\u0105clecia we Wrze\u015bni. Zwracali\u015bmy si\u0119 ju\u017c w&nbsp;tej sprawie do burmistrza Wrze\u015bni, ale odpowiedzi albo s\u0105 nie na temat, albo nie zawieraj\u0105 \u017cadnej g\u0142\u0119bszej analizy tematu. Sami na przyk\u0142ad wskazali\u015bmy, \u017ce fundusze na ten cel mog\u0105 pochodzi\u0107 bezpo\u015brednio z&nbsp;bud\u017cetu Miasta i&nbsp;Gminy Wrze\u015bnia lub Gminnej [&hellip;]<\/p>\n","protected":false},"author":1,"featured_media":10528,"comment_status":"open","ping_status":"open","sticky":false,"template":"","format":"standard","meta":{"_acf_changed":false,"footnotes":""},"categories":[1],"tags":[],"class_list":["post-528","post","type-post","status-publish","format-standard","has-post-thumbnail","hentry","category-uncategorized"],"acf":[],"_links":{"self":[{"href":"https:\/\/www.projektwrzesnia.pl\/wordpress\/wp-json\/wp\/v2\/posts\/528","targetHints":{"allow":["GET"]}}],"collection":[{"href":"https:\/\/www.projektwrzesnia.pl\/wordpress\/wp-json\/wp\/v2\/posts"}],"about":[{"href":"https:\/\/www.projektwrzesnia.pl\/wordpress\/wp-json\/wp\/v2\/types\/post"}],"author":[{"embeddable":true,"href":"https:\/\/www.projektwrzesnia.pl\/wordpress\/wp-json\/wp\/v2\/users\/1"}],"replies":[{"embeddable":true,"href":"https:\/\/www.projektwrzesnia.pl\/wordpress\/wp-json\/wp\/v2\/comments?post=528"}],"version-history":[{"count":0,"href":"https:\/\/www.projektwrzesnia.pl\/wordpress\/wp-json\/wp\/v2\/posts\/528\/revisions"}],"wp:featuredmedia":[{"embeddable":true,"href":"https:\/\/www.projektwrzesnia.pl\/wordpress\/wp-json\/wp\/v2\/media\/10528"}],"wp:attachment":[{"href":"https:\/\/www.projektwrzesnia.pl\/wordpress\/wp-json\/wp\/v2\/media?parent=528"}],"wp:term":[{"taxonomy":"category","embeddable":true,"href":"https:\/\/www.projektwrzesnia.pl\/wordpress\/wp-json\/wp\/v2\/categories?post=528"},{"taxonomy":"post_tag","embeddable":true,"href":"https:\/\/www.projektwrzesnia.pl\/wordpress\/wp-json\/wp\/v2\/tags?post=528"}],"curies":[{"name":"wp","href":"https:\/\/api.w.org\/{rel}","templated":true}]}}