{"id":529,"date":"2019-11-06T20:00:00","date_gmt":"2019-11-06T20:00:00","guid":{"rendered":"http:\/\/www.projektwrzesnia.pl\/wordpress\/529\/"},"modified":"2019-11-06T20:00:00","modified_gmt":"2019-11-06T20:00:00","slug":"petycja-za-stworzeniem-nowego-parku-we-wrzesni-zlozona","status":"publish","type":"post","link":"https:\/\/www.projektwrzesnia.pl\/wordpress\/529\/","title":{"rendered":"Petycja za stworzeniem nowego parku we Wrze\u015bni z\u0142o\u017cona!"},"content":{"rendered":"<p>Od sierpnia zabiegamy o&nbsp;utworzenie pomi\u0119dzy ulic\u0105 \u015amidowicz a&nbsp;Spokojn\u0105 we Wrze\u015bni nowego miejskiego parku [<a href=\"http:\/\/www.projektwrzesnia.pl\/asp\/pl_start.asp?typ=13&amp;sub=23&amp;menu=105&amp;dzialy=105&amp;akcja=artykul&amp;artykul=470\" target=\"_blank\" rel=\"noopener\">pisali\u015bmy o&nbsp;tym tutaj<\/a>]. Pisali\u015bmy w&nbsp;tej sprawie do burmistrza Wrze\u015bni, ale otrzymali\u015bmy negatywn\u0105 odpowied\u017a [<a href=\"http:\/\/www.projektwrzesnia.pl\/asp\/pl_start.asp?typ=13&amp;sub=23&amp;menu=105&amp;dzialy=105&amp;akcja=artykul&amp;artykul=495\" target=\"_blank\" rel=\"noopener\">tutaj wi\u0119cej<\/a>]. W&nbsp;zwi\u0105zku z&nbsp;tym na prze\u0142omie wrze\u015bnia i&nbsp;pa\u017adziernika rozpocz\u0119li\u015bmy zbi\u00f3rk\u0119 podpis\u00f3w pod petycj\u0105 do burmistrza Wrze\u015bni z&nbsp;pro\u015bb\u0105 o&nbsp;podj\u0119cie dzia\u0142a\u0144 maj\u0105cych na celu utworzenie parku na terenie dzia\u0142ki o&nbsp;numerze geodezyjnym 826 po\u0142o\u017conej we Wrze\u015bni pomi\u0119dzy ulic\u0105 \u015amidowicz i&nbsp;Spokojn\u0105, a&nbsp;w&nbsp;szczeg\u00f3lno\u015bci opracowanie dla tego terenu miejscowego planu zagospodarowania przestrzennego. Petycj\u0119 mo\u017cna by\u0142o podpisa\u0107 w&nbsp;internecie oraz w&nbsp;tradycyjnej papierowej wersji, kiedy zbierali\u015bmy podpisy na ulicach Gendka, Strzyka\u0142y i&nbsp;\u015amidowicz.<\/p>\n<p>Kilka dni temu zako\u0144czyli\u015bmy zbi\u00f3rk\u0119 podpis\u00f3w pod petycj\u0105 i&nbsp;mo\u017cemy poinformowa\u0107, \u017ce nasz pomys\u0142 popar\u0142o 516 mieszka\u0144c\u00f3w Wrze\u015bni i&nbsp;okolic. To bardzo du\u017ce wsparcie. Ponad p\u00f3\u0142 tysi\u0105ca podpis\u00f3w robi wra\u017cenie, a&nbsp;co najwa\u017cniejsze nikt ju\u017c nie mo\u017ce powiedzie\u0107, \u017ce nowy park nie jest potrzebny.<\/p>\n<p>Dzisiaj wszystkie podpisy zosta\u0142y z\u0142o\u017cone w&nbsp;ratuszu i&nbsp;trafi\u0105 teraz na biurko burmistrza, kt\u00f3ry ma trzy miesi\u0105ce na rozpatrzenie sprawy i&nbsp;zaj\u0119cie stanowiska. Wszyscy czekamy na pozytywn\u0105 decyzj\u0119 burmistrza.<\/p>\n<p>&nbsp;<\/p>\n","protected":false},"excerpt":{"rendered":"<p>Od sierpnia zabiegamy o&nbsp;utworzenie pomi\u0119dzy ulic\u0105 \u015amidowicz a&nbsp;Spokojn\u0105 we Wrze\u015bni nowego miejskiego parku [pisali\u015bmy o&nbsp;tym tutaj]. Pisali\u015bmy w&nbsp;tej sprawie do burmistrza Wrze\u015bni, ale otrzymali\u015bmy negatywn\u0105 odpowied\u017a [tutaj wi\u0119cej]. W&nbsp;zwi\u0105zku z&nbsp;tym na prze\u0142omie wrze\u015bnia i&nbsp;pa\u017adziernika rozpocz\u0119li\u015bmy zbi\u00f3rk\u0119 podpis\u00f3w pod petycj\u0105 do burmistrza Wrze\u015bni z&nbsp;pro\u015bb\u0105 o&nbsp;podj\u0119cie dzia\u0142a\u0144 maj\u0105cych na celu utworzenie parku na terenie dzia\u0142ki o&nbsp;numerze geodezyjnym [&hellip;]<\/p>\n","protected":false},"author":1,"featured_media":10529,"comment_status":"open","ping_status":"open","sticky":false,"template":"","format":"standard","meta":{"_acf_changed":false,"footnotes":""},"categories":[1],"tags":[],"class_list":["post-529","post","type-post","status-publish","format-standard","has-post-thumbnail","hentry","category-uncategorized"],"acf":[],"_links":{"self":[{"href":"https:\/\/www.projektwrzesnia.pl\/wordpress\/wp-json\/wp\/v2\/posts\/529","targetHints":{"allow":["GET"]}}],"collection":[{"href":"https:\/\/www.projektwrzesnia.pl\/wordpress\/wp-json\/wp\/v2\/posts"}],"about":[{"href":"https:\/\/www.projektwrzesnia.pl\/wordpress\/wp-json\/wp\/v2\/types\/post"}],"author":[{"embeddable":true,"href":"https:\/\/www.projektwrzesnia.pl\/wordpress\/wp-json\/wp\/v2\/users\/1"}],"replies":[{"embeddable":true,"href":"https:\/\/www.projektwrzesnia.pl\/wordpress\/wp-json\/wp\/v2\/comments?post=529"}],"version-history":[{"count":0,"href":"https:\/\/www.projektwrzesnia.pl\/wordpress\/wp-json\/wp\/v2\/posts\/529\/revisions"}],"wp:featuredmedia":[{"embeddable":true,"href":"https:\/\/www.projektwrzesnia.pl\/wordpress\/wp-json\/wp\/v2\/media\/10529"}],"wp:attachment":[{"href":"https:\/\/www.projektwrzesnia.pl\/wordpress\/wp-json\/wp\/v2\/media?parent=529"}],"wp:term":[{"taxonomy":"category","embeddable":true,"href":"https:\/\/www.projektwrzesnia.pl\/wordpress\/wp-json\/wp\/v2\/categories?post=529"},{"taxonomy":"post_tag","embeddable":true,"href":"https:\/\/www.projektwrzesnia.pl\/wordpress\/wp-json\/wp\/v2\/tags?post=529"}],"curies":[{"name":"wp","href":"https:\/\/api.w.org\/{rel}","templated":true}]}}