{"id":532,"date":"2019-11-10T20:00:00","date_gmt":"2019-11-10T20:00:00","guid":{"rendered":"http:\/\/www.projektwrzesnia.pl\/wordpress\/532\/"},"modified":"2019-11-10T20:00:00","modified_gmt":"2019-11-10T20:00:00","slug":"sadzenie-drzew-w-gulczewie","status":"publish","type":"post","link":"https:\/\/www.projektwrzesnia.pl\/wordpress\/532\/","title":{"rendered":"Sadzenie drzew w\u00a0Gulczewie"},"content":{"rendered":"<p>W t\u0119 niedziel\u0119 w&nbsp;samo po\u0142udnie na terenie boiska w&nbsp;Gulczewie stawi\u0142o si\u0119 25 wyposa\u017conych w&nbsp;szpadle, taczki i&nbsp;pozytywn\u0105 energi\u0119 mieszka\u0144c\u00f3w so\u0142ectwa Gulczewo-Gulczewko. Na posadzenie czeka\u0142o 15 klon\u00f3w i&nbsp;20 tuj.<\/p>\n<p>Prace przebiega\u0142y sprawnie i&nbsp;w&nbsp;mi\u0142ej atmosferze. W&nbsp;akcj\u0119 w\u0142\u0105czyli si\u0119 r\u00f3wnie\u017c najm\u0142odsi mieszka\u0144cy so\u0142ectwa. Zapa\u0142u i&nbsp;energii mieli pod dostatkiem! Pod czujnym okiem organizatora akcji &ndash; so\u0142tysa Maciej S\u0142owi\u0144skiego &#8211; nowe drzewa pojawi\u0142y si\u0119 przy boisku gminnym od strony drogi krajowej nr 15. Mieszka\u0144cy wyczekiwali ich z&nbsp;niecierpliwo\u015bci\u0105 &#8211; s\u0105siaduj\u0105ca z&nbsp;boiskiem droga to miejsce nat\u0119\u017conego ruchu samochod\u00f3w ci\u0119\u017carowych niemal przez ca\u0142\u0105 dob\u0119. Liczymy, \u017ce posadzone drzewa wyt\u0142umi\u0105 ha\u0142as przeje\u017cd\u017caj\u0105cych aut. Dodatkowo wszystkie klony zosta\u0142y pieczo\u0142owicie opalikowane &#8211; to pomo\u017ce przetrwa\u0107 im silne wiatry.<\/p>\n<p>Drzewa pojawi\u0142y si\u0119 te\u017c po drugiej stronie ogrodzenia boiska, gdzie latem b\u0119d\u0105 dawa\u0107 zbawienny cie\u0144. Mamy nadziej\u0119, \u017ce przyjm\u0105 si\u0119 wszystkie drzewa &#8211; Gulczewo bardzo zyska na ich obecno\u015bci.<\/p>\n<p>Wszystkim za udzia\u0142 w&nbsp;akcji nale\u017c\u0105 si\u0119 szczere gratulacje i&nbsp;podzi\u0119kowania. Dzi\u0119ki Wam boisko w&nbsp;Gulczewie zazieleni si\u0119 ju\u017c na wiosn\u0119! To naprawd\u0119 buduj\u0105ce, gdy mo\u017cna zobaczy\u0107 jak lokalna spo\u0142eczno\u015b\u0107 tak licznie w\u0142\u0105cza si\u0119 w&nbsp;takie akcje!&nbsp;<\/p>\n<figure class=\"is-layout-flex wp-block-gallery-1 wp-block-gallery has-nested-images columns-default is-cropped\">\n<figure class=\"wp-block-image\"><img loading=\"lazy\" decoding=\"async\" width=\"525\" height=\"1080\" src=\"https:\/\/www.projektwrzesnia.pl\/wordpress\/wp-content\/uploads\/2023\/03\/20191110_sadzenie_drzew__11_.jpg\" alt=\"\" class=\"wp-image-105320\" srcset=\"https:\/\/www.projektwrzesnia.pl\/wordpress\/wp-content\/uploads\/2023\/03\/20191110_sadzenie_drzew__11_.jpg 525w, https:\/\/www.projektwrzesnia.pl\/wordpress\/wp-content\/uploads\/2023\/03\/20191110_sadzenie_drzew__11_-146x300.jpg 146w, https:\/\/www.projektwrzesnia.pl\/wordpress\/wp-content\/uploads\/2023\/03\/20191110_sadzenie_drzew__11_-498x1024.jpg 498w\" sizes=\"auto, (max-width: 525px) 100vw, 525px\" \/><\/figure>\n<figure class=\"wp-block-image\"><img loading=\"lazy\" decoding=\"async\" width=\"1440\" height=\"1080\" src=\"https:\/\/www.projektwrzesnia.pl\/wordpress\/wp-content\/uploads\/2023\/03\/20191110_sadzenie_drzew__12_.jpg\" alt=\"\" class=\"wp-image-105321\" srcset=\"https:\/\/www.projektwrzesnia.pl\/wordpress\/wp-content\/uploads\/2023\/03\/20191110_sadzenie_drzew__12_.jpg 1440w, https:\/\/www.projektwrzesnia.pl\/wordpress\/wp-content\/uploads\/2023\/03\/20191110_sadzenie_drzew__12_-300x225.jpg 300w, https:\/\/www.projektwrzesnia.pl\/wordpress\/wp-content\/uploads\/2023\/03\/20191110_sadzenie_drzew__12_-1024x768.jpg 1024w, https:\/\/www.projektwrzesnia.pl\/wordpress\/wp-content\/uploads\/2023\/03\/20191110_sadzenie_drzew__12_-768x576.jpg 768w\" sizes=\"auto, (max-width: 1440px) 100vw, 1440px\" \/><\/figure>\n<figure class=\"wp-block-image\"><img loading=\"lazy\" decoding=\"async\" width=\"1440\" height=\"1080\" src=\"https:\/\/www.projektwrzesnia.pl\/wordpress\/wp-content\/uploads\/2023\/03\/20191110_sadzenie_drzew__13_.jpg\" alt=\"\" class=\"wp-image-105322\" srcset=\"https:\/\/www.projektwrzesnia.pl\/wordpress\/wp-content\/uploads\/2023\/03\/20191110_sadzenie_drzew__13_.jpg 1440w, https:\/\/www.projektwrzesnia.pl\/wordpress\/wp-content\/uploads\/2023\/03\/20191110_sadzenie_drzew__13_-300x225.jpg 300w, https:\/\/www.projektwrzesnia.pl\/wordpress\/wp-content\/uploads\/2023\/03\/20191110_sadzenie_drzew__13_-1024x768.jpg 1024w, https:\/\/www.projektwrzesnia.pl\/wordpress\/wp-content\/uploads\/2023\/03\/20191110_sadzenie_drzew__13_-768x576.jpg 768w\" sizes=\"auto, (max-width: 1440px) 100vw, 1440px\" \/><\/figure>\n<figure class=\"wp-block-image\"><img loading=\"lazy\" decoding=\"async\" width=\"810\" height=\"1080\" src=\"https:\/\/www.projektwrzesnia.pl\/wordpress\/wp-content\/uploads\/2023\/03\/20191110_sadzenie_drzew__14_.jpg\" alt=\"\" class=\"wp-image-105323\" srcset=\"https:\/\/www.projektwrzesnia.pl\/wordpress\/wp-content\/uploads\/2023\/03\/20191110_sadzenie_drzew__14_.jpg 810w, https:\/\/www.projektwrzesnia.pl\/wordpress\/wp-content\/uploads\/2023\/03\/20191110_sadzenie_drzew__14_-225x300.jpg 225w, https:\/\/www.projektwrzesnia.pl\/wordpress\/wp-content\/uploads\/2023\/03\/20191110_sadzenie_drzew__14_-768x1024.jpg 768w\" sizes=\"auto, (max-width: 810px) 100vw, 810px\" \/><\/figure>\n<figure class=\"wp-block-image\"><img loading=\"lazy\" decoding=\"async\" width=\"1440\" height=\"1080\" src=\"https:\/\/www.projektwrzesnia.pl\/wordpress\/wp-content\/uploads\/2023\/03\/20191110_sadzenie_drzew__15_.jpg\" alt=\"\" class=\"wp-image-105324\" srcset=\"https:\/\/www.projektwrzesnia.pl\/wordpress\/wp-content\/uploads\/2023\/03\/20191110_sadzenie_drzew__15_.jpg 1440w, https:\/\/www.projektwrzesnia.pl\/wordpress\/wp-content\/uploads\/2023\/03\/20191110_sadzenie_drzew__15_-300x225.jpg 300w, https:\/\/www.projektwrzesnia.pl\/wordpress\/wp-content\/uploads\/2023\/03\/20191110_sadzenie_drzew__15_-1024x768.jpg 1024w, https:\/\/www.projektwrzesnia.pl\/wordpress\/wp-content\/uploads\/2023\/03\/20191110_sadzenie_drzew__15_-768x576.jpg 768w\" sizes=\"auto, (max-width: 1440px) 100vw, 1440px\" \/><\/figure>\n<figure class=\"wp-block-image\"><img loading=\"lazy\" decoding=\"async\" width=\"810\" height=\"1080\" src=\"https:\/\/www.projektwrzesnia.pl\/wordpress\/wp-content\/uploads\/2023\/03\/20191110_sadzenie_drzew__16_.jpg\" alt=\"\" class=\"wp-image-105325\" srcset=\"https:\/\/www.projektwrzesnia.pl\/wordpress\/wp-content\/uploads\/2023\/03\/20191110_sadzenie_drzew__16_.jpg 810w, https:\/\/www.projektwrzesnia.pl\/wordpress\/wp-content\/uploads\/2023\/03\/20191110_sadzenie_drzew__16_-225x300.jpg 225w, https:\/\/www.projektwrzesnia.pl\/wordpress\/wp-content\/uploads\/2023\/03\/20191110_sadzenie_drzew__16_-768x1024.jpg 768w\" sizes=\"auto, (max-width: 810px) 100vw, 810px\" \/><\/figure>\n<figure class=\"wp-block-image\"><img loading=\"lazy\" decoding=\"async\" width=\"1440\" height=\"1080\" src=\"https:\/\/www.projektwrzesnia.pl\/wordpress\/wp-content\/uploads\/2023\/03\/20191110_sadzenie_drzew__17_.jpg\" alt=\"\" class=\"wp-image-105326\" srcset=\"https:\/\/www.projektwrzesnia.pl\/wordpress\/wp-content\/uploads\/2023\/03\/20191110_sadzenie_drzew__17_.jpg 1440w, https:\/\/www.projektwrzesnia.pl\/wordpress\/wp-content\/uploads\/2023\/03\/20191110_sadzenie_drzew__17_-300x225.jpg 300w, https:\/\/www.projektwrzesnia.pl\/wordpress\/wp-content\/uploads\/2023\/03\/20191110_sadzenie_drzew__17_-1024x768.jpg 1024w, https:\/\/www.projektwrzesnia.pl\/wordpress\/wp-content\/uploads\/2023\/03\/20191110_sadzenie_drzew__17_-768x576.jpg 768w\" sizes=\"auto, (max-width: 1440px) 100vw, 1440px\" \/><\/figure>\n<figure class=\"wp-block-image\"><img loading=\"lazy\" decoding=\"async\" width=\"525\" height=\"1080\" src=\"https:\/\/www.projektwrzesnia.pl\/wordpress\/wp-content\/uploads\/2023\/03\/20191110_sadzenie_drzew__18_.jpg\" alt=\"\" class=\"wp-image-105327\" srcset=\"https:\/\/www.projektwrzesnia.pl\/wordpress\/wp-content\/uploads\/2023\/03\/20191110_sadzenie_drzew__18_.jpg 525w, https:\/\/www.projektwrzesnia.pl\/wordpress\/wp-content\/uploads\/2023\/03\/20191110_sadzenie_drzew__18_-146x300.jpg 146w, https:\/\/www.projektwrzesnia.pl\/wordpress\/wp-content\/uploads\/2023\/03\/20191110_sadzenie_drzew__18_-498x1024.jpg 498w\" sizes=\"auto, (max-width: 525px) 100vw, 525px\" \/><\/figure>\n<figure class=\"wp-block-image\"><img loading=\"lazy\" decoding=\"async\" width=\"525\" height=\"1080\" src=\"https:\/\/www.projektwrzesnia.pl\/wordpress\/wp-content\/uploads\/2023\/03\/20191110_sadzenie_drzew__19_.jpg\" alt=\"\" class=\"wp-image-105328\" srcset=\"https:\/\/www.projektwrzesnia.pl\/wordpress\/wp-content\/uploads\/2023\/03\/20191110_sadzenie_drzew__19_.jpg 525w, https:\/\/www.projektwrzesnia.pl\/wordpress\/wp-content\/uploads\/2023\/03\/20191110_sadzenie_drzew__19_-146x300.jpg 146w, https:\/\/www.projektwrzesnia.pl\/wordpress\/wp-content\/uploads\/2023\/03\/20191110_sadzenie_drzew__19_-498x1024.jpg 498w\" sizes=\"auto, (max-width: 525px) 100vw, 525px\" \/><\/figure>\n<figure class=\"wp-block-image\"><img loading=\"lazy\" decoding=\"async\" width=\"810\" height=\"1080\" src=\"https:\/\/www.projektwrzesnia.pl\/wordpress\/wp-content\/uploads\/2023\/03\/20191110_sadzenie_drzew__20_.jpg\" alt=\"\" class=\"wp-image-105329\" srcset=\"https:\/\/www.projektwrzesnia.pl\/wordpress\/wp-content\/uploads\/2023\/03\/20191110_sadzenie_drzew__20_.jpg 810w, https:\/\/www.projektwrzesnia.pl\/wordpress\/wp-content\/uploads\/2023\/03\/20191110_sadzenie_drzew__20_-225x300.jpg 225w, https:\/\/www.projektwrzesnia.pl\/wordpress\/wp-content\/uploads\/2023\/03\/20191110_sadzenie_drzew__20_-768x1024.jpg 768w\" sizes=\"auto, (max-width: 810px) 100vw, 810px\" \/><\/figure>\n<figure class=\"wp-block-image\"><img loading=\"lazy\" decoding=\"async\" width=\"810\" height=\"1080\" src=\"https:\/\/www.projektwrzesnia.pl\/wordpress\/wp-content\/uploads\/2023\/03\/20191110_sadzenie_drzew__21_.jpg\" alt=\"\" class=\"wp-image-1053210\" srcset=\"https:\/\/www.projektwrzesnia.pl\/wordpress\/wp-content\/uploads\/2023\/03\/20191110_sadzenie_drzew__21_.jpg 810w, https:\/\/www.projektwrzesnia.pl\/wordpress\/wp-content\/uploads\/2023\/03\/20191110_sadzenie_drzew__21_-225x300.jpg 225w, https:\/\/www.projektwrzesnia.pl\/wordpress\/wp-content\/uploads\/2023\/03\/20191110_sadzenie_drzew__21_-768x1024.jpg 768w\" sizes=\"auto, (max-width: 810px) 100vw, 810px\" \/><\/figure>\n<figure class=\"wp-block-image\"><img loading=\"lazy\" decoding=\"async\" width=\"525\" height=\"1080\" src=\"https:\/\/www.projektwrzesnia.pl\/wordpress\/wp-content\/uploads\/2023\/03\/20191110_sadzenie_drzew__22_.jpg\" alt=\"\" class=\"wp-image-1053211\" srcset=\"https:\/\/www.projektwrzesnia.pl\/wordpress\/wp-content\/uploads\/2023\/03\/20191110_sadzenie_drzew__22_.jpg 525w, https:\/\/www.projektwrzesnia.pl\/wordpress\/wp-content\/uploads\/2023\/03\/20191110_sadzenie_drzew__22_-146x300.jpg 146w, https:\/\/www.projektwrzesnia.pl\/wordpress\/wp-content\/uploads\/2023\/03\/20191110_sadzenie_drzew__22_-498x1024.jpg 498w\" sizes=\"auto, (max-width: 525px) 100vw, 525px\" \/><\/figure>\n<figure class=\"wp-block-image\"><img loading=\"lazy\" decoding=\"async\" width=\"1440\" height=\"1080\" src=\"https:\/\/www.projektwrzesnia.pl\/wordpress\/wp-content\/uploads\/2023\/03\/20191110_sadzenie_drzew__23_.jpg\" alt=\"\" class=\"wp-image-1053212\" srcset=\"https:\/\/www.projektwrzesnia.pl\/wordpress\/wp-content\/uploads\/2023\/03\/20191110_sadzenie_drzew__23_.jpg 1440w, https:\/\/www.projektwrzesnia.pl\/wordpress\/wp-content\/uploads\/2023\/03\/20191110_sadzenie_drzew__23_-300x225.jpg 300w, https:\/\/www.projektwrzesnia.pl\/wordpress\/wp-content\/uploads\/2023\/03\/20191110_sadzenie_drzew__23_-1024x768.jpg 1024w, https:\/\/www.projektwrzesnia.pl\/wordpress\/wp-content\/uploads\/2023\/03\/20191110_sadzenie_drzew__23_-768x576.jpg 768w\" sizes=\"auto, (max-width: 1440px) 100vw, 1440px\" \/><\/figure>\n<figure class=\"wp-block-image\"><img loading=\"lazy\" decoding=\"async\" width=\"1440\" height=\"1080\" src=\"https:\/\/www.projektwrzesnia.pl\/wordpress\/wp-content\/uploads\/2023\/03\/20191110_sadzenie_drzew__24_.jpg\" alt=\"\" class=\"wp-image-1053213\" srcset=\"https:\/\/www.projektwrzesnia.pl\/wordpress\/wp-content\/uploads\/2023\/03\/20191110_sadzenie_drzew__24_.jpg 1440w, https:\/\/www.projektwrzesnia.pl\/wordpress\/wp-content\/uploads\/2023\/03\/20191110_sadzenie_drzew__24_-300x225.jpg 300w, https:\/\/www.projektwrzesnia.pl\/wordpress\/wp-content\/uploads\/2023\/03\/20191110_sadzenie_drzew__24_-1024x768.jpg 1024w, https:\/\/www.projektwrzesnia.pl\/wordpress\/wp-content\/uploads\/2023\/03\/20191110_sadzenie_drzew__24_-768x576.jpg 768w\" sizes=\"auto, (max-width: 1440px) 100vw, 1440px\" \/><\/figure>\n<figure class=\"wp-block-image\"><img loading=\"lazy\" decoding=\"async\" width=\"810\" height=\"1080\" src=\"https:\/\/www.projektwrzesnia.pl\/wordpress\/wp-content\/uploads\/2023\/03\/20191110_sadzenie_drzew__25_.jpg\" alt=\"\" class=\"wp-image-1053214\" srcset=\"https:\/\/www.projektwrzesnia.pl\/wordpress\/wp-content\/uploads\/2023\/03\/20191110_sadzenie_drzew__25_.jpg 810w, https:\/\/www.projektwrzesnia.pl\/wordpress\/wp-content\/uploads\/2023\/03\/20191110_sadzenie_drzew__25_-225x300.jpg 225w, https:\/\/www.projektwrzesnia.pl\/wordpress\/wp-content\/uploads\/2023\/03\/20191110_sadzenie_drzew__25_-768x1024.jpg 768w\" sizes=\"auto, (max-width: 810px) 100vw, 810px\" \/><\/figure>\n<figure class=\"wp-block-image\"><img loading=\"lazy\" decoding=\"async\" width=\"1920\" height=\"933\" src=\"https:\/\/www.projektwrzesnia.pl\/wordpress\/wp-content\/uploads\/2023\/03\/20191110_sadzenie_drzew__26_.jpg\" alt=\"\" class=\"wp-image-1053215\" srcset=\"https:\/\/www.projektwrzesnia.pl\/wordpress\/wp-content\/uploads\/2023\/03\/20191110_sadzenie_drzew__26_.jpg 1920w, https:\/\/www.projektwrzesnia.pl\/wordpress\/wp-content\/uploads\/2023\/03\/20191110_sadzenie_drzew__26_-300x146.jpg 300w, https:\/\/www.projektwrzesnia.pl\/wordpress\/wp-content\/uploads\/2023\/03\/20191110_sadzenie_drzew__26_-1024x498.jpg 1024w, https:\/\/www.projektwrzesnia.pl\/wordpress\/wp-content\/uploads\/2023\/03\/20191110_sadzenie_drzew__26_-768x373.jpg 768w, https:\/\/www.projektwrzesnia.pl\/wordpress\/wp-content\/uploads\/2023\/03\/20191110_sadzenie_drzew__26_-1536x746.jpg 1536w\" sizes=\"auto, (max-width: 1920px) 100vw, 1920px\" \/><\/figure>\n<figure class=\"wp-block-image\"><img loading=\"lazy\" decoding=\"async\" width=\"525\" height=\"1080\" src=\"https:\/\/www.projektwrzesnia.pl\/wordpress\/wp-content\/uploads\/2023\/03\/20191110_sadzenie_drzew__27_.jpg\" alt=\"\" class=\"wp-image-1053216\" srcset=\"https:\/\/www.projektwrzesnia.pl\/wordpress\/wp-content\/uploads\/2023\/03\/20191110_sadzenie_drzew__27_.jpg 525w, https:\/\/www.projektwrzesnia.pl\/wordpress\/wp-content\/uploads\/2023\/03\/20191110_sadzenie_drzew__27_-146x300.jpg 146w, https:\/\/www.projektwrzesnia.pl\/wordpress\/wp-content\/uploads\/2023\/03\/20191110_sadzenie_drzew__27_-498x1024.jpg 498w\" sizes=\"auto, (max-width: 525px) 100vw, 525px\" \/><\/figure>\n<figure class=\"wp-block-image\"><img loading=\"lazy\" decoding=\"async\" width=\"1920\" height=\"933\" src=\"https:\/\/www.projektwrzesnia.pl\/wordpress\/wp-content\/uploads\/2023\/03\/20191110_sadzenie_drzew__28_.jpg\" alt=\"\" class=\"wp-image-1053217\" srcset=\"https:\/\/www.projektwrzesnia.pl\/wordpress\/wp-content\/uploads\/2023\/03\/20191110_sadzenie_drzew__28_.jpg 1920w, https:\/\/www.projektwrzesnia.pl\/wordpress\/wp-content\/uploads\/2023\/03\/20191110_sadzenie_drzew__28_-300x146.jpg 300w, https:\/\/www.projektwrzesnia.pl\/wordpress\/wp-content\/uploads\/2023\/03\/20191110_sadzenie_drzew__28_-1024x498.jpg 1024w, https:\/\/www.projektwrzesnia.pl\/wordpress\/wp-content\/uploads\/2023\/03\/20191110_sadzenie_drzew__28_-768x373.jpg 768w, https:\/\/www.projektwrzesnia.pl\/wordpress\/wp-content\/uploads\/2023\/03\/20191110_sadzenie_drzew__28_-1536x746.jpg 1536w\" sizes=\"auto, (max-width: 1920px) 100vw, 1920px\" \/><\/figure>\n<figure class=\"wp-block-image\"><img loading=\"lazy\" decoding=\"async\" width=\"525\" height=\"1080\" src=\"https:\/\/www.projektwrzesnia.pl\/wordpress\/wp-content\/uploads\/2023\/03\/20191110_sadzenie_drzew__29_.jpg\" alt=\"\" class=\"wp-image-1053218\" srcset=\"https:\/\/www.projektwrzesnia.pl\/wordpress\/wp-content\/uploads\/2023\/03\/20191110_sadzenie_drzew__29_.jpg 525w, https:\/\/www.projektwrzesnia.pl\/wordpress\/wp-content\/uploads\/2023\/03\/20191110_sadzenie_drzew__29_-146x300.jpg 146w, https:\/\/www.projektwrzesnia.pl\/wordpress\/wp-content\/uploads\/2023\/03\/20191110_sadzenie_drzew__29_-498x1024.jpg 498w\" sizes=\"auto, (max-width: 525px) 100vw, 525px\" \/><\/figure>\n<figure class=\"wp-block-image\"><img loading=\"lazy\" decoding=\"async\" width=\"525\" height=\"1080\" src=\"https:\/\/www.projektwrzesnia.pl\/wordpress\/wp-content\/uploads\/2023\/03\/20191110_sadzenie_drzew__30_.jpg\" alt=\"\" class=\"wp-image-1053219\" srcset=\"https:\/\/www.projektwrzesnia.pl\/wordpress\/wp-content\/uploads\/2023\/03\/20191110_sadzenie_drzew__30_.jpg 525w, https:\/\/www.projektwrzesnia.pl\/wordpress\/wp-content\/uploads\/2023\/03\/20191110_sadzenie_drzew__30_-146x300.jpg 146w, https:\/\/www.projektwrzesnia.pl\/wordpress\/wp-content\/uploads\/2023\/03\/20191110_sadzenie_drzew__30_-498x1024.jpg 498w\" sizes=\"auto, (max-width: 525px) 100vw, 525px\" \/><\/figure>\n<figure class=\"wp-block-image\"><img loading=\"lazy\" decoding=\"async\" width=\"810\" height=\"1080\" src=\"https:\/\/www.projektwrzesnia.pl\/wordpress\/wp-content\/uploads\/2023\/03\/20191110_sadzenie_drzew__31_.jpg\" alt=\"\" class=\"wp-image-1053220\" srcset=\"https:\/\/www.projektwrzesnia.pl\/wordpress\/wp-content\/uploads\/2023\/03\/20191110_sadzenie_drzew__31_.jpg 810w, https:\/\/www.projektwrzesnia.pl\/wordpress\/wp-content\/uploads\/2023\/03\/20191110_sadzenie_drzew__31_-225x300.jpg 225w, https:\/\/www.projektwrzesnia.pl\/wordpress\/wp-content\/uploads\/2023\/03\/20191110_sadzenie_drzew__31_-768x1024.jpg 768w\" sizes=\"auto, (max-width: 810px) 100vw, 810px\" \/><\/figure>\n<\/figure>\n","protected":false},"excerpt":{"rendered":"<p>W t\u0119 niedziel\u0119 w&nbsp;samo po\u0142udnie na terenie boiska w&nbsp;Gulczewie stawi\u0142o si\u0119 25 wyposa\u017conych w&nbsp;szpadle, taczki i&nbsp;pozytywn\u0105 energi\u0119 mieszka\u0144c\u00f3w so\u0142ectwa Gulczewo-Gulczewko. Na posadzenie czeka\u0142o 15 klon\u00f3w i&nbsp;20 tuj. Prace przebiega\u0142y sprawnie i&nbsp;w&nbsp;mi\u0142ej atmosferze. W&nbsp;akcj\u0119 w\u0142\u0105czyli si\u0119 r\u00f3wnie\u017c najm\u0142odsi mieszka\u0144cy so\u0142ectwa. Zapa\u0142u i&nbsp;energii mieli pod dostatkiem! Pod czujnym okiem organizatora akcji &ndash; so\u0142tysa Maciej S\u0142owi\u0144skiego &#8211; nowe [&hellip;]<\/p>\n","protected":false},"author":1,"featured_media":10532,"comment_status":"open","ping_status":"open","sticky":false,"template":"","format":"standard","meta":{"_acf_changed":false,"footnotes":""},"categories":[1],"tags":[],"class_list":["post-532","post","type-post","status-publish","format-standard","has-post-thumbnail","hentry","category-uncategorized"],"acf":[],"_links":{"self":[{"href":"https:\/\/www.projektwrzesnia.pl\/wordpress\/wp-json\/wp\/v2\/posts\/532","targetHints":{"allow":["GET"]}}],"collection":[{"href":"https:\/\/www.projektwrzesnia.pl\/wordpress\/wp-json\/wp\/v2\/posts"}],"about":[{"href":"https:\/\/www.projektwrzesnia.pl\/wordpress\/wp-json\/wp\/v2\/types\/post"}],"author":[{"embeddable":true,"href":"https:\/\/www.projektwrzesnia.pl\/wordpress\/wp-json\/wp\/v2\/users\/1"}],"replies":[{"embeddable":true,"href":"https:\/\/www.projektwrzesnia.pl\/wordpress\/wp-json\/wp\/v2\/comments?post=532"}],"version-history":[{"count":0,"href":"https:\/\/www.projektwrzesnia.pl\/wordpress\/wp-json\/wp\/v2\/posts\/532\/revisions"}],"wp:featuredmedia":[{"embeddable":true,"href":"https:\/\/www.projektwrzesnia.pl\/wordpress\/wp-json\/wp\/v2\/media\/10532"}],"wp:attachment":[{"href":"https:\/\/www.projektwrzesnia.pl\/wordpress\/wp-json\/wp\/v2\/media?parent=532"}],"wp:term":[{"taxonomy":"category","embeddable":true,"href":"https:\/\/www.projektwrzesnia.pl\/wordpress\/wp-json\/wp\/v2\/categories?post=532"},{"taxonomy":"post_tag","embeddable":true,"href":"https:\/\/www.projektwrzesnia.pl\/wordpress\/wp-json\/wp\/v2\/tags?post=532"}],"curies":[{"name":"wp","href":"https:\/\/api.w.org\/{rel}","templated":true}]}}