{"id":534,"date":"2019-11-14T20:00:00","date_gmt":"2019-11-14T20:00:00","guid":{"rendered":"http:\/\/www.projektwrzesnia.pl\/wordpress\/534\/"},"modified":"2019-11-14T20:00:00","modified_gmt":"2019-11-14T20:00:00","slug":"z-wizyta-na-budowie","status":"publish","type":"post","link":"https:\/\/www.projektwrzesnia.pl\/wordpress\/534\/","title":{"rendered":"Z wizyt\u0105 na budowie"},"content":{"rendered":"<p>Wczoraj w&nbsp;ramach prac Komisji Komunalno-Finansowej Rady Miejskiej przyjrzeli\u015bmy si\u0119 post\u0119pom w&nbsp;budowie kilku wrzesi\u0144skich inwestycji: nowego budynku SSP nr 2, remontowanego WOK-u i&nbsp;p\u00f3\u0142nocno-wschodniej obwodnicy miasta.<\/p>\n<p>Jak na razie mo\u017cna powiedzie\u0107, \u017ce pogoda sprzyja budowla\u0144com. Stosunkowo ciep\u0142a jesie\u0144 na ten moment pozwala kontynuowa\u0107 prace przy budowie nowej cz\u0119\u015bci szko\u0142y i&nbsp;obwodnicy. Dotychczasowe prognozy pozwalaj\u0105 przewidywa\u0107, \u017ce nie powinno doj\u015b\u0107 do powa\u017cniejszych op\u00f3\u017anie\u0144 w&nbsp;realizacji obu inwestycji. Je\u015bli za\u015b chodzi o&nbsp;remont WOK-u, pogoda w&nbsp;og\u00f3le nie powinna na niego wp\u0142yn\u0105\u0107, poniewa\u017c prace dotycz\u0105 g\u0142\u00f3wnie wn\u0119trza budynku.<\/p>\n<p>Jak us\u0142yszeli\u015bmy, prace nad nowym skrzyd\u0142em &bdquo;Dw\u00f3jki&rdquo; powinny sko\u0144czy\u0107 si\u0119 jeszcze przed wakacjami, tak by w&nbsp;przysz\u0142ym roku szkolnym najm\u0142odsi uczniowie mogli ju\u017c z&nbsp;niego korzysta\u0107. To dobra wiadomo\u015b\u0107 dla uczni\u00f3w, kt\u00f3rzy do tej pory nie mogli liczy\u0107 na lepsze warunki do nauki. W&nbsp;podobnym czasie ma r\u00f3wnie\u017c zako\u0144czy\u0107 si\u0119 remont WOK-u, cho\u0107 trzeba przyzna\u0107, i\u017c&nbsp;tam prace wygl\u0105daj\u0105 na mniej zaawansowane.<\/p>\n<p>Wi\u0119kszo\u015b\u0107 mieszka\u0144c\u00f3w okolicy z&nbsp;pewno\u015bci\u0105 zainteresuje informacja, \u017ce w&nbsp;ci\u0105gu najbli\u017cszych 10 miesi\u0119cy powinny zako\u0144czy\u0107 si\u0119 prace nad II etapem obwodnicy (od ronda na ul. Sikorskiego do ul. Powidzkiej w&nbsp;Gutowie Ma\u0142ym). Otwarcie ofert na budow\u0119 III etapu nast\u0105pi za\u015b 19 listopada tego roku. A&nbsp;ca\u0142a p\u00f3\u0142nocno-wschodnia obwodnica Wrze\u015bni powinna by\u0107 uko\u0144czona do ko\u0144ca 2020 r. &nbsp;<\/p>\n<figure class=\"is-layout-flex wp-block-gallery-1 wp-block-gallery has-nested-images columns-default is-cropped\">\n<figure class=\"wp-block-image\"><img loading=\"lazy\" decoding=\"async\" width=\"1440\" height=\"1080\" src=\"https:\/\/www.projektwrzesnia.pl\/wordpress\/wp-content\/uploads\/2023\/03\/20191114_budowa___11_.jpg\" alt=\"\" class=\"wp-image-105340\" srcset=\"https:\/\/www.projektwrzesnia.pl\/wordpress\/wp-content\/uploads\/2023\/03\/20191114_budowa___11_.jpg 1440w, https:\/\/www.projektwrzesnia.pl\/wordpress\/wp-content\/uploads\/2023\/03\/20191114_budowa___11_-300x225.jpg 300w, https:\/\/www.projektwrzesnia.pl\/wordpress\/wp-content\/uploads\/2023\/03\/20191114_budowa___11_-1024x768.jpg 1024w, https:\/\/www.projektwrzesnia.pl\/wordpress\/wp-content\/uploads\/2023\/03\/20191114_budowa___11_-768x576.jpg 768w\" sizes=\"auto, (max-width: 1440px) 100vw, 1440px\" \/><\/figure>\n<figure class=\"wp-block-image\"><img loading=\"lazy\" decoding=\"async\" width=\"1440\" height=\"1080\" src=\"https:\/\/www.projektwrzesnia.pl\/wordpress\/wp-content\/uploads\/2023\/03\/20191114_budowa___12_.jpg\" alt=\"\" class=\"wp-image-105341\" srcset=\"https:\/\/www.projektwrzesnia.pl\/wordpress\/wp-content\/uploads\/2023\/03\/20191114_budowa___12_.jpg 1440w, https:\/\/www.projektwrzesnia.pl\/wordpress\/wp-content\/uploads\/2023\/03\/20191114_budowa___12_-300x225.jpg 300w, https:\/\/www.projektwrzesnia.pl\/wordpress\/wp-content\/uploads\/2023\/03\/20191114_budowa___12_-1024x768.jpg 1024w, https:\/\/www.projektwrzesnia.pl\/wordpress\/wp-content\/uploads\/2023\/03\/20191114_budowa___12_-768x576.jpg 768w\" sizes=\"auto, (max-width: 1440px) 100vw, 1440px\" \/><\/figure>\n<figure class=\"wp-block-image\"><img loading=\"lazy\" decoding=\"async\" width=\"1440\" height=\"1080\" src=\"https:\/\/www.projektwrzesnia.pl\/wordpress\/wp-content\/uploads\/2023\/03\/20191114_budowa___13_.jpg\" alt=\"\" class=\"wp-image-105342\" srcset=\"https:\/\/www.projektwrzesnia.pl\/wordpress\/wp-content\/uploads\/2023\/03\/20191114_budowa___13_.jpg 1440w, https:\/\/www.projektwrzesnia.pl\/wordpress\/wp-content\/uploads\/2023\/03\/20191114_budowa___13_-300x225.jpg 300w, https:\/\/www.projektwrzesnia.pl\/wordpress\/wp-content\/uploads\/2023\/03\/20191114_budowa___13_-1024x768.jpg 1024w, https:\/\/www.projektwrzesnia.pl\/wordpress\/wp-content\/uploads\/2023\/03\/20191114_budowa___13_-768x576.jpg 768w\" sizes=\"auto, (max-width: 1440px) 100vw, 1440px\" \/><\/figure>\n<figure class=\"wp-block-image\"><img loading=\"lazy\" decoding=\"async\" width=\"1440\" height=\"1080\" src=\"https:\/\/www.projektwrzesnia.pl\/wordpress\/wp-content\/uploads\/2023\/03\/20191114_budowa___14_.jpg\" alt=\"\" class=\"wp-image-105343\" srcset=\"https:\/\/www.projektwrzesnia.pl\/wordpress\/wp-content\/uploads\/2023\/03\/20191114_budowa___14_.jpg 1440w, https:\/\/www.projektwrzesnia.pl\/wordpress\/wp-content\/uploads\/2023\/03\/20191114_budowa___14_-300x225.jpg 300w, https:\/\/www.projektwrzesnia.pl\/wordpress\/wp-content\/uploads\/2023\/03\/20191114_budowa___14_-1024x768.jpg 1024w, https:\/\/www.projektwrzesnia.pl\/wordpress\/wp-content\/uploads\/2023\/03\/20191114_budowa___14_-768x576.jpg 768w\" sizes=\"auto, (max-width: 1440px) 100vw, 1440px\" \/><\/figure>\n<figure class=\"wp-block-image\"><img loading=\"lazy\" decoding=\"async\" width=\"1448\" height=\"1080\" src=\"https:\/\/www.projektwrzesnia.pl\/wordpress\/wp-content\/uploads\/2023\/03\/20191114_budowa___15_.jpg\" alt=\"\" class=\"wp-image-105344\" srcset=\"https:\/\/www.projektwrzesnia.pl\/wordpress\/wp-content\/uploads\/2023\/03\/20191114_budowa___15_.jpg 1448w, https:\/\/www.projektwrzesnia.pl\/wordpress\/wp-content\/uploads\/2023\/03\/20191114_budowa___15_-300x224.jpg 300w, https:\/\/www.projektwrzesnia.pl\/wordpress\/wp-content\/uploads\/2023\/03\/20191114_budowa___15_-1024x764.jpg 1024w, https:\/\/www.projektwrzesnia.pl\/wordpress\/wp-content\/uploads\/2023\/03\/20191114_budowa___15_-768x573.jpg 768w\" sizes=\"auto, (max-width: 1448px) 100vw, 1448px\" \/><\/figure>\n<figure class=\"wp-block-image\"><img loading=\"lazy\" decoding=\"async\" width=\"1440\" height=\"1080\" src=\"https:\/\/www.projektwrzesnia.pl\/wordpress\/wp-content\/uploads\/2023\/03\/20191114_budowa___16_.jpg\" alt=\"\" class=\"wp-image-105345\" srcset=\"https:\/\/www.projektwrzesnia.pl\/wordpress\/wp-content\/uploads\/2023\/03\/20191114_budowa___16_.jpg 1440w, https:\/\/www.projektwrzesnia.pl\/wordpress\/wp-content\/uploads\/2023\/03\/20191114_budowa___16_-300x225.jpg 300w, https:\/\/www.projektwrzesnia.pl\/wordpress\/wp-content\/uploads\/2023\/03\/20191114_budowa___16_-1024x768.jpg 1024w, https:\/\/www.projektwrzesnia.pl\/wordpress\/wp-content\/uploads\/2023\/03\/20191114_budowa___16_-768x576.jpg 768w\" sizes=\"auto, (max-width: 1440px) 100vw, 1440px\" \/><\/figure>\n<figure class=\"wp-block-image\"><img loading=\"lazy\" decoding=\"async\" width=\"1440\" height=\"1080\" src=\"https:\/\/www.projektwrzesnia.pl\/wordpress\/wp-content\/uploads\/2023\/03\/20191114_budowa___17_.jpg\" alt=\"\" class=\"wp-image-105346\" srcset=\"https:\/\/www.projektwrzesnia.pl\/wordpress\/wp-content\/uploads\/2023\/03\/20191114_budowa___17_.jpg 1440w, https:\/\/www.projektwrzesnia.pl\/wordpress\/wp-content\/uploads\/2023\/03\/20191114_budowa___17_-300x225.jpg 300w, https:\/\/www.projektwrzesnia.pl\/wordpress\/wp-content\/uploads\/2023\/03\/20191114_budowa___17_-1024x768.jpg 1024w, https:\/\/www.projektwrzesnia.pl\/wordpress\/wp-content\/uploads\/2023\/03\/20191114_budowa___17_-768x576.jpg 768w\" sizes=\"auto, (max-width: 1440px) 100vw, 1440px\" \/><\/figure>\n<figure class=\"wp-block-image\"><img loading=\"lazy\" decoding=\"async\" width=\"1440\" height=\"1080\" src=\"https:\/\/www.projektwrzesnia.pl\/wordpress\/wp-content\/uploads\/2023\/03\/20191114_budowa___18_.jpg\" alt=\"\" class=\"wp-image-105347\" srcset=\"https:\/\/www.projektwrzesnia.pl\/wordpress\/wp-content\/uploads\/2023\/03\/20191114_budowa___18_.jpg 1440w, https:\/\/www.projektwrzesnia.pl\/wordpress\/wp-content\/uploads\/2023\/03\/20191114_budowa___18_-300x225.jpg 300w, https:\/\/www.projektwrzesnia.pl\/wordpress\/wp-content\/uploads\/2023\/03\/20191114_budowa___18_-1024x768.jpg 1024w, https:\/\/www.projektwrzesnia.pl\/wordpress\/wp-content\/uploads\/2023\/03\/20191114_budowa___18_-768x576.jpg 768w\" sizes=\"auto, (max-width: 1440px) 100vw, 1440px\" \/><\/figure>\n<figure class=\"wp-block-image\"><img loading=\"lazy\" decoding=\"async\" width=\"810\" height=\"1080\" src=\"https:\/\/www.projektwrzesnia.pl\/wordpress\/wp-content\/uploads\/2023\/03\/20191114_budowa___19_.jpg\" alt=\"\" class=\"wp-image-105348\" srcset=\"https:\/\/www.projektwrzesnia.pl\/wordpress\/wp-content\/uploads\/2023\/03\/20191114_budowa___19_.jpg 810w, https:\/\/www.projektwrzesnia.pl\/wordpress\/wp-content\/uploads\/2023\/03\/20191114_budowa___19_-225x300.jpg 225w, https:\/\/www.projektwrzesnia.pl\/wordpress\/wp-content\/uploads\/2023\/03\/20191114_budowa___19_-768x1024.jpg 768w\" sizes=\"auto, (max-width: 810px) 100vw, 810px\" \/><\/figure>\n<figure class=\"wp-block-image\"><img loading=\"lazy\" decoding=\"async\" width=\"1440\" height=\"1080\" src=\"https:\/\/www.projektwrzesnia.pl\/wordpress\/wp-content\/uploads\/2023\/03\/20191114_budowa___20_.jpg\" alt=\"\" class=\"wp-image-105349\" srcset=\"https:\/\/www.projektwrzesnia.pl\/wordpress\/wp-content\/uploads\/2023\/03\/20191114_budowa___20_.jpg 1440w, https:\/\/www.projektwrzesnia.pl\/wordpress\/wp-content\/uploads\/2023\/03\/20191114_budowa___20_-300x225.jpg 300w, https:\/\/www.projektwrzesnia.pl\/wordpress\/wp-content\/uploads\/2023\/03\/20191114_budowa___20_-1024x768.jpg 1024w, https:\/\/www.projektwrzesnia.pl\/wordpress\/wp-content\/uploads\/2023\/03\/20191114_budowa___20_-768x576.jpg 768w\" sizes=\"auto, (max-width: 1440px) 100vw, 1440px\" \/><\/figure>\n<figure class=\"wp-block-image\"><img loading=\"lazy\" decoding=\"async\" width=\"1440\" height=\"1080\" src=\"https:\/\/www.projektwrzesnia.pl\/wordpress\/wp-content\/uploads\/2023\/03\/20191114_budowa___21_.jpg\" alt=\"\" class=\"wp-image-1053410\" srcset=\"https:\/\/www.projektwrzesnia.pl\/wordpress\/wp-content\/uploads\/2023\/03\/20191114_budowa___21_.jpg 1440w, https:\/\/www.projektwrzesnia.pl\/wordpress\/wp-content\/uploads\/2023\/03\/20191114_budowa___21_-300x225.jpg 300w, https:\/\/www.projektwrzesnia.pl\/wordpress\/wp-content\/uploads\/2023\/03\/20191114_budowa___21_-1024x768.jpg 1024w, https:\/\/www.projektwrzesnia.pl\/wordpress\/wp-content\/uploads\/2023\/03\/20191114_budowa___21_-768x576.jpg 768w\" sizes=\"auto, (max-width: 1440px) 100vw, 1440px\" \/><\/figure>\n<figure class=\"wp-block-image\"><img loading=\"lazy\" decoding=\"async\" width=\"1440\" height=\"1080\" src=\"https:\/\/www.projektwrzesnia.pl\/wordpress\/wp-content\/uploads\/2023\/03\/20191114_budowa___22_.jpg\" alt=\"\" class=\"wp-image-1053411\" srcset=\"https:\/\/www.projektwrzesnia.pl\/wordpress\/wp-content\/uploads\/2023\/03\/20191114_budowa___22_.jpg 1440w, https:\/\/www.projektwrzesnia.pl\/wordpress\/wp-content\/uploads\/2023\/03\/20191114_budowa___22_-300x225.jpg 300w, https:\/\/www.projektwrzesnia.pl\/wordpress\/wp-content\/uploads\/2023\/03\/20191114_budowa___22_-1024x768.jpg 1024w, https:\/\/www.projektwrzesnia.pl\/wordpress\/wp-content\/uploads\/2023\/03\/20191114_budowa___22_-768x576.jpg 768w\" sizes=\"auto, (max-width: 1440px) 100vw, 1440px\" \/><\/figure>\n<\/figure>\n","protected":false},"excerpt":{"rendered":"<p>Wczoraj w&nbsp;ramach prac Komisji Komunalno-Finansowej Rady Miejskiej przyjrzeli\u015bmy si\u0119 post\u0119pom w&nbsp;budowie kilku wrzesi\u0144skich inwestycji: nowego budynku SSP nr 2, remontowanego WOK-u i&nbsp;p\u00f3\u0142nocno-wschodniej obwodnicy miasta. Jak na razie mo\u017cna powiedzie\u0107, \u017ce pogoda sprzyja budowla\u0144com. Stosunkowo ciep\u0142a jesie\u0144 na ten moment pozwala kontynuowa\u0107 prace przy budowie nowej cz\u0119\u015bci szko\u0142y i&nbsp;obwodnicy. Dotychczasowe prognozy pozwalaj\u0105 przewidywa\u0107, \u017ce nie powinno [&hellip;]<\/p>\n","protected":false},"author":1,"featured_media":10534,"comment_status":"open","ping_status":"open","sticky":false,"template":"","format":"standard","meta":{"_acf_changed":false,"footnotes":""},"categories":[1],"tags":[],"class_list":["post-534","post","type-post","status-publish","format-standard","has-post-thumbnail","hentry","category-uncategorized"],"acf":[],"_links":{"self":[{"href":"https:\/\/www.projektwrzesnia.pl\/wordpress\/wp-json\/wp\/v2\/posts\/534","targetHints":{"allow":["GET"]}}],"collection":[{"href":"https:\/\/www.projektwrzesnia.pl\/wordpress\/wp-json\/wp\/v2\/posts"}],"about":[{"href":"https:\/\/www.projektwrzesnia.pl\/wordpress\/wp-json\/wp\/v2\/types\/post"}],"author":[{"embeddable":true,"href":"https:\/\/www.projektwrzesnia.pl\/wordpress\/wp-json\/wp\/v2\/users\/1"}],"replies":[{"embeddable":true,"href":"https:\/\/www.projektwrzesnia.pl\/wordpress\/wp-json\/wp\/v2\/comments?post=534"}],"version-history":[{"count":0,"href":"https:\/\/www.projektwrzesnia.pl\/wordpress\/wp-json\/wp\/v2\/posts\/534\/revisions"}],"wp:featuredmedia":[{"embeddable":true,"href":"https:\/\/www.projektwrzesnia.pl\/wordpress\/wp-json\/wp\/v2\/media\/10534"}],"wp:attachment":[{"href":"https:\/\/www.projektwrzesnia.pl\/wordpress\/wp-json\/wp\/v2\/media?parent=534"}],"wp:term":[{"taxonomy":"category","embeddable":true,"href":"https:\/\/www.projektwrzesnia.pl\/wordpress\/wp-json\/wp\/v2\/categories?post=534"},{"taxonomy":"post_tag","embeddable":true,"href":"https:\/\/www.projektwrzesnia.pl\/wordpress\/wp-json\/wp\/v2\/tags?post=534"}],"curies":[{"name":"wp","href":"https:\/\/api.w.org\/{rel}","templated":true}]}}