{"id":537,"date":"2019-11-19T20:00:00","date_gmt":"2019-11-19T20:00:00","guid":{"rendered":"http:\/\/www.projektwrzesnia.pl\/wordpress\/537\/"},"modified":"2019-11-19T20:00:00","modified_gmt":"2019-11-19T20:00:00","slug":"zachowajmy-wiekowa-aleje-drzew-petycja-do-starosty","status":"publish","type":"post","link":"https:\/\/www.projektwrzesnia.pl\/wordpress\/537\/","title":{"rendered":"Zachowajmy wiekow\u0105 alej\u0119 drzew &#8211; petycja do starosty"},"content":{"rendered":"<p>Budowa \u015bcie\u017cki pieszo-rowerowej przy drodze powiatowej nr 2162P na odcinku od Gutowa Ma\u0142ego do Grzybowa jest inwestycj\u0105 niezwykle potrzebn\u0105, o&nbsp;kt\u00f3r\u0105 zreszt\u0105 wielokrotnie wnioskowali okoliczni mieszka\u0144cy, so\u0142tysi oraz r\u00f3\u017cne organizacje. Niemniej jednak przy jej budowie powinno si\u0119 kierowa\u0107 tak\u017ce poszanowaniem dziedzictwa przyrodniczego poprzez zachowanie obecnego drzewostanu &ndash; w&nbsp;g\u0142\u00f3wnej mierze lip o&nbsp;znacznych rozmiarach. Drzewostan ten tworzy reprezentatywn\u0105 alej\u0119, kt\u00f3ra jest niezwykle charakterystyczna dla&nbsp;tej okolicy. Zdaniem wielu, to najpi\u0119kniejszy wjazd do naszego miasta. W&nbsp;interesie spo\u0142ecznym le\u017cy wi\u0119c jego zachowanie w&nbsp;krajobrazie powiatu.<\/p>\n<p>Wydawa\u0107 by si\u0119 mog\u0142o, \u017ce w&nbsp;dzisiejszych czasach nikogo nie trzeba ju\u017c przekonywa\u0107, jak&nbsp;wa\u017cne dla \u015brodowiska i&nbsp;nas wszystkich s\u0105 takie drzewa. Niestety jest inaczej. W\u0142adze&nbsp;powiatu planuj\u0105 wycink\u0119 tej alei. Dorodne i&nbsp;roz\u0142o\u017cyste lipy mia\u0142yby ust\u0105pi\u0107 miejsca chodnikowi.<\/p>\n<p><img loading=\"lazy\" decoding=\"async\" style=\"margin-right: 0px; margin-left: 20px; float: right;\" title=\"- 20191119_aleja_drzew__13_.jpg\" src=\"https:\/\/www.projektwrzesnia.pl\/wordpress\/wp-content\/uploads\/2023\/03\/20191119_aleja_drzew__13_.jpg\" alt=\"- 20191119_aleja_drzew__13_.jpg\" width=\"467\" height=\"350\">Planowany ci\u0105g pieszo-rowerowy ma w&nbsp;zamy\u015ble s\u0142u\u017cy\u0107 m.in. rowerzystom podr\u00f3\u017cuj\u0105cym nad pobliskie jeziora. Nale\u017cy wi\u0119c zada\u0107 sobie pytanie, czy po wyci\u0119ciu drzew rowerzy\u015bci faktycznie b\u0119d\u0105 korzysta\u0107 z&nbsp;wybudowanego dla nich ci\u0105gu pieszo-rowerowego? Czy&nbsp;naprawd\u0119 w&nbsp;upalne letnie dni b\u0119d\u0105 wybiera\u0107 jazd\u0119 po pozbawionym cienia chodniku? Realizacja inwestycji w&nbsp;dotychczasowym kszta\u0142cie (zak\u0142adaj\u0105cym wycink\u0119 drzew z&nbsp;jednej strony jezdni) mo\u017ce doprowadzi\u0107 do paradoksalnej sytuacji, i\u017c&nbsp;w&nbsp;okresie wakacyjnym rowerzy\u015bci zamiast jazdy po dedykowanym im ci\u0105gu pieszo-rowerowym, wci\u0105\u017c korzysta\u0107 b\u0119d\u0105 z&nbsp;prawej, zacienionej dzi\u0119ki drzewom, strony jezdni.<\/p>\n<p>Tymczasem mo\u017cliwe jest pogodzenie obu potrzeb &ndash; budowa \u015bcie\u017cki wcale nie musi oznacza\u0107 wycinki drzew.<\/p>\n<p>Rozwi\u0105zaniem tej sytuacji jest wybudowanie \u015bcie\u017cki rowerowej na tym odcinku po \u015bladzie przydro\u017cnego rowu, kt\u00f3ry w&nbsp;zwi\u0105zku z&nbsp;powy\u017cszym powinien zosta\u0107 skanalizowany. Propozycja ta rzecz jasna wi\u0105\u017ce si\u0119 z&nbsp;kosztami, ale nie mo\u017cna zapomina\u0107, i\u017c&nbsp;te powstan\u0105 <img loading=\"lazy\" decoding=\"async\" style=\"margin-right: 20px; margin-left: 0px; float: left;\" title=\"- 20191119_aleja_drzew__15_.jpg\" src=\"https:\/\/www.projektwrzesnia.pl\/wordpress\/wp-content\/uploads\/2023\/03\/20191119_aleja_drzew__15_.jpg\" alt=\"- 20191119_aleja_drzew__15_.jpg\" width=\"467\" height=\"350\">r\u00f3wnie\u017c przy okazji wyci\u0119cia drzew. Koszty te obejmuj\u0105 nie tylko wydatki zwi\u0105zane z&nbsp;sam\u0105 wycink\u0105, ale r\u00f3wnie\u017c koszty spo\u0142eczne zwi\u0105zane cho\u0107by z&nbsp;wp\u0142ywem drzew na zdrowie mieszka\u0144c\u00f3w. Ich wyci\u0119cie pozbawi nas wszystkich korzy\u015bci, kt\u00f3re nam daj\u0105. Tak warto\u015bciowa cz\u0119\u015b\u0107 naszego \u015brodowiska wymaga zdecydowanej ochrony.<\/p>\n<p>Dlatego zdecydowali\u015bmy si\u0119 dzia\u0142a\u0107 i&nbsp;wsp\u00f3lnie ze&nbsp;S\u0142awomirem Szub\u0105 chcemy przekona\u0107 starost\u0119, \u017ce budowa \u015bcie\u017cki wcale nie musi oznacza\u0107 wycinki wiekowych drzew. Organizujemy zbi\u00f3rk\u0119 podpis\u00f3w, aby ocali\u0107 alej\u0119, kt\u00f3ra na trwa\u0142e wpisa\u0142a si\u0119 w&nbsp;krajobraz okolicy. Proponujemy by \u015bcie\u017cka rowerowa na odcinku od Gutowa Ma\u0142ego do Grzybowa powsta\u0142a obok niej &ndash; w&nbsp;miejscu obecnego rowu, kt\u00f3ry zosta\u0142by skanalizowany. Te dwie rzeczy mo\u017cna jak najbardziej pogodzi\u0107.<\/p>\n<p>Zach\u0119camy Was wszystkich do podpisania tej wa\u017cnej petycji. Wsp\u00f3lnie przekonajmy w\u0142adze powiatu, \u017ce ta potrzebna \u015bcie\u017cka rowerowa mo\u017ce powsta\u0107 obok alei drzew. &nbsp;<\/p>\n<p><strong>Link do podpisania petycji [<a href=\"https:\/\/www.petycjeonline.com\/zachowajmy_wiekow_alej_drzew?fbclid=IwAR1hblQ_K9pmeCuq867cHA78LEVtUsN1q6eBozVTSOhQKCMIFcmt16sMURU\" target=\"_blank\" rel=\"noopener\">tutaj<\/a>]<\/strong><\/p>\n<p><span class=\"tytul\">Inni pisz\u0105:<\/span><\/p>\n<p><a href=\"http:\/\/wrzesnia.info.pl\/artykul\/masakra-drzew-kosztem-sciezki-rowerowej-petycja-w-sprawie-alei-lipowej-w-gutowie-malym\" target=\"_blank\" rel=\"noopener\">Masakra drzew &ndash; kosztem \u015bcie\u017cki rowerowej? Petycja w&nbsp;sprawie alei lipowej w&nbsp;Gutowie Ma\u0142ym<\/a><\/p>\n<p><a href=\"http:\/\/wrzesnia.info.pl\/artykul\/wycinka-drzew-wlasciwie-przesadzona-dwie-przeciwstawne-petycje-mieszkancow\" target=\"_blank\" rel=\"noopener\">Wycinka drzew w\u0142a\u015bciwie przes\u0105dzona. Dwie przeciwstawne petycje mieszka\u0144c\u00f3w<\/a><\/p>\n<p>&nbsp;<\/p>\n<p class=\"tytul\"><span style=\"font-size: xx-large;\" data-mce-mark=\"1\">WIDEO<\/span><\/p>\n<p>&nbsp;<\/p>\n<p><iframe loading=\"lazy\" src=\"https:\/\/www.facebook.com\/plugins\/video.php?href=https%3A%2F%2Fwww.facebook.com%2Fprojektwrzesnia%2Fvideos%2F2443895192493032%2F&amp;width=500&amp;show_text=false&amp;height=280&amp;appId\" width=\"500\" height=\"280\" frameborder=\"0\" scrolling=\"no\" style=\"border: none; overflow: hidden;\" allowfullscreen=\"true\"><\/iframe><\/p>\n<figure class=\"is-layout-flex wp-block-gallery-1 wp-block-gallery has-nested-images columns-default is-cropped\">\n<figure class=\"wp-block-image\"><img loading=\"lazy\" decoding=\"async\" width=\"960\" height=\"637\" src=\"https:\/\/www.projektwrzesnia.pl\/wordpress\/wp-content\/uploads\/2023\/03\/20191119_aleja_drzew__12_.jpg\" alt=\"\" class=\"wp-image-105370\" srcset=\"https:\/\/www.projektwrzesnia.pl\/wordpress\/wp-content\/uploads\/2023\/03\/20191119_aleja_drzew__12_.jpg 960w, https:\/\/www.projektwrzesnia.pl\/wordpress\/wp-content\/uploads\/2023\/03\/20191119_aleja_drzew__12_-300x199.jpg 300w, https:\/\/www.projektwrzesnia.pl\/wordpress\/wp-content\/uploads\/2023\/03\/20191119_aleja_drzew__12_-768x510.jpg 768w\" sizes=\"auto, (max-width: 960px) 100vw, 960px\" \/><\/figure>\n<figure class=\"wp-block-image\"><img loading=\"lazy\" decoding=\"async\" width=\"960\" height=\"720\" src=\"https:\/\/www.projektwrzesnia.pl\/wordpress\/wp-content\/uploads\/2023\/03\/20191119_aleja_drzew__13_.jpg\" alt=\"\" class=\"wp-image-105371\" srcset=\"https:\/\/www.projektwrzesnia.pl\/wordpress\/wp-content\/uploads\/2023\/03\/20191119_aleja_drzew__13_.jpg 960w, https:\/\/www.projektwrzesnia.pl\/wordpress\/wp-content\/uploads\/2023\/03\/20191119_aleja_drzew__13_-300x225.jpg 300w, https:\/\/www.projektwrzesnia.pl\/wordpress\/wp-content\/uploads\/2023\/03\/20191119_aleja_drzew__13_-768x576.jpg 768w\" sizes=\"auto, (max-width: 960px) 100vw, 960px\" \/><\/figure>\n<figure class=\"wp-block-image\"><img loading=\"lazy\" decoding=\"async\" width=\"960\" height=\"720\" src=\"https:\/\/www.projektwrzesnia.pl\/wordpress\/wp-content\/uploads\/2023\/03\/20191119_aleja_drzew__14_.jpg\" alt=\"\" class=\"wp-image-105372\" srcset=\"https:\/\/www.projektwrzesnia.pl\/wordpress\/wp-content\/uploads\/2023\/03\/20191119_aleja_drzew__14_.jpg 960w, https:\/\/www.projektwrzesnia.pl\/wordpress\/wp-content\/uploads\/2023\/03\/20191119_aleja_drzew__14_-300x225.jpg 300w, https:\/\/www.projektwrzesnia.pl\/wordpress\/wp-content\/uploads\/2023\/03\/20191119_aleja_drzew__14_-768x576.jpg 768w\" sizes=\"auto, (max-width: 960px) 100vw, 960px\" \/><\/figure>\n<figure class=\"wp-block-image\"><img loading=\"lazy\" decoding=\"async\" width=\"960\" height=\"720\" src=\"https:\/\/www.projektwrzesnia.pl\/wordpress\/wp-content\/uploads\/2023\/03\/20191119_aleja_drzew__15_.jpg\" alt=\"\" class=\"wp-image-105373\" srcset=\"https:\/\/www.projektwrzesnia.pl\/wordpress\/wp-content\/uploads\/2023\/03\/20191119_aleja_drzew__15_.jpg 960w, https:\/\/www.projektwrzesnia.pl\/wordpress\/wp-content\/uploads\/2023\/03\/20191119_aleja_drzew__15_-300x225.jpg 300w, https:\/\/www.projektwrzesnia.pl\/wordpress\/wp-content\/uploads\/2023\/03\/20191119_aleja_drzew__15_-768x576.jpg 768w\" sizes=\"auto, (max-width: 960px) 100vw, 960px\" \/><\/figure>\n<\/figure>\n","protected":false},"excerpt":{"rendered":"<p>Budowa \u015bcie\u017cki pieszo-rowerowej przy drodze powiatowej nr 2162P na odcinku od Gutowa Ma\u0142ego do Grzybowa jest inwestycj\u0105 niezwykle potrzebn\u0105, o&nbsp;kt\u00f3r\u0105 zreszt\u0105 wielokrotnie wnioskowali okoliczni mieszka\u0144cy, so\u0142tysi oraz r\u00f3\u017cne organizacje. Niemniej jednak przy jej budowie powinno si\u0119 kierowa\u0107 tak\u017ce poszanowaniem dziedzictwa przyrodniczego poprzez zachowanie obecnego drzewostanu &ndash; w&nbsp;g\u0142\u00f3wnej mierze lip o&nbsp;znacznych rozmiarach. Drzewostan ten tworzy reprezentatywn\u0105 [&hellip;]<\/p>\n","protected":false},"author":1,"featured_media":10537,"comment_status":"open","ping_status":"open","sticky":false,"template":"","format":"standard","meta":{"_acf_changed":false,"footnotes":""},"categories":[1],"tags":[],"class_list":["post-537","post","type-post","status-publish","format-standard","has-post-thumbnail","hentry","category-uncategorized"],"acf":[],"_links":{"self":[{"href":"https:\/\/www.projektwrzesnia.pl\/wordpress\/wp-json\/wp\/v2\/posts\/537","targetHints":{"allow":["GET"]}}],"collection":[{"href":"https:\/\/www.projektwrzesnia.pl\/wordpress\/wp-json\/wp\/v2\/posts"}],"about":[{"href":"https:\/\/www.projektwrzesnia.pl\/wordpress\/wp-json\/wp\/v2\/types\/post"}],"author":[{"embeddable":true,"href":"https:\/\/www.projektwrzesnia.pl\/wordpress\/wp-json\/wp\/v2\/users\/1"}],"replies":[{"embeddable":true,"href":"https:\/\/www.projektwrzesnia.pl\/wordpress\/wp-json\/wp\/v2\/comments?post=537"}],"version-history":[{"count":0,"href":"https:\/\/www.projektwrzesnia.pl\/wordpress\/wp-json\/wp\/v2\/posts\/537\/revisions"}],"wp:featuredmedia":[{"embeddable":true,"href":"https:\/\/www.projektwrzesnia.pl\/wordpress\/wp-json\/wp\/v2\/media\/10537"}],"wp:attachment":[{"href":"https:\/\/www.projektwrzesnia.pl\/wordpress\/wp-json\/wp\/v2\/media?parent=537"}],"wp:term":[{"taxonomy":"category","embeddable":true,"href":"https:\/\/www.projektwrzesnia.pl\/wordpress\/wp-json\/wp\/v2\/categories?post=537"},{"taxonomy":"post_tag","embeddable":true,"href":"https:\/\/www.projektwrzesnia.pl\/wordpress\/wp-json\/wp\/v2\/tags?post=537"}],"curies":[{"name":"wp","href":"https:\/\/api.w.org\/{rel}","templated":true}]}}