{"id":538,"date":"2019-11-22T20:00:00","date_gmt":"2019-11-22T20:00:00","guid":{"rendered":"http:\/\/www.projektwrzesnia.pl\/wordpress\/blog\/2019\/11\/22\/burmistrz-na-nie\/"},"modified":"2019-11-22T20:00:00","modified_gmt":"2019-11-22T20:00:00","slug":"burmistrz-na-nie","status":"publish","type":"post","link":"https:\/\/www.projektwrzesnia.pl\/wordpress\/538\/","title":{"rendered":"Burmistrz na NIE."},"content":{"rendered":"<p> <em>Filip Tomczak<\/em><em>&#8211; cz\u0142onek Stowarzyszenia Projekt Wrze\u015bnia<\/em><\/p>\n<p>Parkowanie z&nbsp;aplikacj\u0105 mobiln\u0105 &ndash; NIE. Komunikacja miejska z&nbsp;prawdziwego zdarzenia &ndash; NIE. Ograniczenie zu\u017cywania plastiku przez gmin\u0119 &ndash; NIE. Wypo\u017cyczalnia rower\u00f3w miejskich &ndash; NIE. Wsparcie sterylizacji zwierz\u0105t &ndash; NIE. Nowy park przy ul. \u015amidowicz &ndash; NIE.<br \/>To tylko skr\u00f3cona lista pomys\u0142\u00f3w odrzuconych przez burmistrza Ka\u0142u\u017cnego w&nbsp;ostatnim czasie, kt\u00f3ra mog\u0142aby poprawi\u0107 jako\u015b\u0107 \u017cycia w&nbsp;naszym mie\u015bcie. Dlaczego tak si\u0119 dzieje? Niestety w&nbsp;udzielonych odpowiedziach &bdquo;na NIE&rdquo;, rzadko kiedy znajdujemy przekonuj\u0105ce argumenty. Najcz\u0119\u015bciej odrzucone pomys\u0142y \u0142\u0105czy za to jeden wsp\u00f3lny mianownik &#8211; ich pomys\u0142odawc\u0105 jest Projekt Wrze\u015bnia.<br \/>Szkoda, \u017ce na niech\u0119ci do tych inicjatyw cierpimy przede wszystkim my, mieszka\u0144cy. Bo jak inaczej mo\u017cna zinterpretowa\u0107 argumentacj\u0119 o&nbsp;odrzuceniu mo\u017cliwo\u015bci p\u0142acenia za parkowanie poprzez aplikacj\u0119 mobiln\u0105? Wed\u0142ug burmistrza Ka\u0142u\u017cnego taka aplikacja to &bdquo;atrakcyjna zabawka w&nbsp;smartfonie&rdquo; i&nbsp;&bdquo;nie powoduje, \u017ce co\u015b u\u0142atwi&rdquo;. By\u0107 mo\u017ce burmistrz nie wie, ale w&nbsp;dzisiejszych czasach smartfony pozwalaj\u0105 na co\u015b naprawd\u0119 bardziej u\u017cytecznego ni\u017c tylko wpatrywanie si\u0119 w&nbsp;ich ekrany podczas &bdquo;nudnych&rdquo; spotka\u0144.<\/p>\n<p><em>Pierwotnie felieton zosta\u0142 opublikowany w&nbsp;tygodniku &#8222;Wiadomo\u015bci Wrzesi\u0144skie&#8221; oraz na portalu <a href=\"http:\/\/www.wrzesnia.info.pl\" target=\"_blank\" rel=\"noopener\">www.wrzesnia.info.pl<\/a>&nbsp;<\/em><\/p>\n<p>&nbsp;<\/p>\n","protected":false},"excerpt":{"rendered":"<p>Filip Tomczak&#8211; cz\u0142onek Stowarzyszenia Projekt Wrze\u015bnia Parkowanie z&nbsp;aplikacj\u0105 mobiln\u0105 &ndash; NIE. Komunikacja miejska z&nbsp;prawdziwego zdarzenia &ndash; NIE. Ograniczenie zu\u017cywania plastiku przez gmin\u0119 &ndash; NIE. Wypo\u017cyczalnia rower\u00f3w miejskich &ndash; NIE. Wsparcie sterylizacji zwierz\u0105t &ndash; NIE. Nowy park przy ul. \u015amidowicz &ndash; NIE.To tylko skr\u00f3cona lista pomys\u0142\u00f3w odrzuconych przez burmistrza Ka\u0142u\u017cnego w&nbsp;ostatnim czasie, kt\u00f3ra mog\u0142aby poprawi\u0107 jako\u015b\u0107 [&hellip;]<\/p>\n","protected":false},"author":1,"featured_media":10661,"comment_status":"open","ping_status":"open","sticky":false,"template":"","format":"standard","meta":{"_acf_changed":false,"footnotes":""},"categories":[41],"tags":[],"class_list":["post-538","post","type-post","status-publish","format-standard","has-post-thumbnail","hentry","category-41"],"acf":[],"_links":{"self":[{"href":"https:\/\/www.projektwrzesnia.pl\/wordpress\/wp-json\/wp\/v2\/posts\/538","targetHints":{"allow":["GET"]}}],"collection":[{"href":"https:\/\/www.projektwrzesnia.pl\/wordpress\/wp-json\/wp\/v2\/posts"}],"about":[{"href":"https:\/\/www.projektwrzesnia.pl\/wordpress\/wp-json\/wp\/v2\/types\/post"}],"author":[{"embeddable":true,"href":"https:\/\/www.projektwrzesnia.pl\/wordpress\/wp-json\/wp\/v2\/users\/1"}],"replies":[{"embeddable":true,"href":"https:\/\/www.projektwrzesnia.pl\/wordpress\/wp-json\/wp\/v2\/comments?post=538"}],"version-history":[{"count":0,"href":"https:\/\/www.projektwrzesnia.pl\/wordpress\/wp-json\/wp\/v2\/posts\/538\/revisions"}],"wp:featuredmedia":[{"embeddable":true,"href":"https:\/\/www.projektwrzesnia.pl\/wordpress\/wp-json\/wp\/v2\/media\/10661"}],"wp:attachment":[{"href":"https:\/\/www.projektwrzesnia.pl\/wordpress\/wp-json\/wp\/v2\/media?parent=538"}],"wp:term":[{"taxonomy":"category","embeddable":true,"href":"https:\/\/www.projektwrzesnia.pl\/wordpress\/wp-json\/wp\/v2\/categories?post=538"},{"taxonomy":"post_tag","embeddable":true,"href":"https:\/\/www.projektwrzesnia.pl\/wordpress\/wp-json\/wp\/v2\/tags?post=538"}],"curies":[{"name":"wp","href":"https:\/\/api.w.org\/{rel}","templated":true}]}}